{"id":366411,"date":"2025-09-04T19:26:12","date_gmt":"2025-09-04T19:26:12","guid":{"rendered":"https:\/\/www.europesays.com\/fr\/366411\/"},"modified":"2025-09-04T19:26:12","modified_gmt":"2025-09-04T19:26:12","slug":"au-parti-socialiste-un-contre-budget-cle-pour-aborder-lapres-bayrou","status":"publish","type":"post","link":"https:\/\/www.europesays.com\/fr\/366411\/","title":{"rendered":"Au Parti socialiste, un contre-budget cl\u00e9 pour aborder l\u2019apr\u00e8s-Bayrou"},"content":{"rendered":"<p>                         <img loading=\"lazy\" decoding=\"async\" src=\"https:\/\/www.europesays.com\/fr\/wp-content\/uploads\/2025\/09\/1b81efa_upload-1-e7ne2nwh6ehz-cbi1271077.jpg\" alt=\"Le d\u00e9put\u00e9 de l\u2019Eure Philippe Brun, le premier secr\u00e9taire du Parti socialiste (PS), Olivier Faure, le pr\u00e9sident des s\u00e9nateurs PS, Patrick Kanner, et la d\u00e9put\u00e9e du Rh\u00f4ne Sandrine Runel, durant l\u2019universit\u00e9 d\u2019\u00e9t\u00e9 du PS, \u00e0 Blois, le 30\u00a0ao\u00fbt\u00a02025.\"   width=\"664\" height=\"443\"\/>    Le d\u00e9put\u00e9 de l\u2019Eure Philippe Brun, le premier secr\u00e9taire du Parti socialiste (PS), Olivier Faure, le pr\u00e9sident des s\u00e9nateurs PS, Patrick Kanner, et la d\u00e9put\u00e9e du Rh\u00f4ne Sandrine Runel, durant l\u2019universit\u00e9 d\u2019\u00e9t\u00e9 du PS, \u00e0 Blois, le 30\u00a0ao\u00fbt\u00a02025.  CYRIL BITTON\/DIVERGENCE POUR \u00abLE MONDE\u00bb                 <\/p>\n<p class=\"article__paragraph  \">Les r\u00e9centes propositions du Parti socialiste (PS) ne sont pas un \u00ab\u00a0contre-budget\u00a0\u00bb, corrige Patrick Kanner, chef de file des s\u00e9nateurs socialistes. \u00ab\u00a0Pour qu\u2019il y ait un contre-budget, il faudrait qu\u2019il y ait un budget\u2026\u00a0\u00bb A quelques jours de la chute attendue du gouvernement de Fran\u00e7ois Bayrou, lundi 8\u00a0septembre, et de son plan d\u2019\u00e9conomies de 44\u00a0milliards d\u2019euros, l\u2019\u00ab\u00a0autre projet pour la France\u00a0\u00bb du PS ressemble d\u00e9j\u00e0 \u00e0 un outil pour l\u2019apr\u00e8s-Bayrou <a href=\"https:\/\/www.lemonde.fr\/politique\/article\/2025\/09\/03\/pour-sortir-de-la-crise-politique-emmanuel-macron-se-tourne-vers-les-socialistes_6638506_823448.html\" rel=\"nofollow noopener\" target=\"_blank\">et ses futures n\u00e9gociations gouvernementales.<\/a><\/p>\n<p class=\"article__paragraph  \">Un outil fid\u00e8le \u00e0 l\u2019esprit \u2013 mais pas forc\u00e9ment \u00e0 la lettre \u2013 de la feuille de route budg\u00e9taire dessin\u00e9e en\u00a02024 par le Nouveau Front populaire (NFP). \u00ab\u00a0Je retrouve la philosophie de lever les recettes pour r\u00e9sorber le d\u00e9ficit et faire de la d\u00e9pense publique\u00a0\u00bb, r\u00e9sume au Monde l\u2019\u00e9conomiste Anne-Laure Delatte, apr\u00e8s avoir \u00e9t\u00e9 convi\u00e9e mardi 2\u00a0septembre au bureau national du PS.<\/p>\n<p class=\"article__paragraph  \">L\u2019esprit de ce plan, r\u00e9sume\u00a0la s\u00e9natrice PS du Val-de-Marne Laurence Rossignol, est de proclamer que \u00ab\u00a0oui, nous adh\u00e9rons \u00e0 l\u2019id\u00e9e qu\u2019il faut une trajectoire de r\u00e9duction du d\u00e9ficit\u00a0\u00bb, mais aussi d\u2019introduire plus de justice fiscale, en mettant \u00e0 contribution les grandes fortunes et enfin d\u2019investir, dans une logique toute keyn\u00e9sienne, pour relancer l\u2019activit\u00e9.<\/p>\n<p class=\"reading-mode-only \"><strong>Il vous reste 79.89% de cet article \u00e0 lire. La suite est r\u00e9serv\u00e9e aux abonn\u00e9s.<\/strong><\/p>\n","protected":false},"excerpt":{"rendered":"Le d\u00e9put\u00e9 de l\u2019Eure Philippe Brun, le premier secr\u00e9taire du Parti socialiste (PS), Olivier Faure, le pr\u00e9sident des&hellip;\n","protected":false},"author":2,"featured_media":366412,"comment_status":"","ping_status":"","sticky":false,"template":"","format":"standard","meta":{"footnotes":""},"categories":[4],"tags":[11,1011,27,12,25],"class_list":{"0":"post-366411","1":"post","2":"type-post","3":"status-publish","4":"format-standard","5":"has-post-thumbnail","7":"category-france","8":"tag-actualites","9":"tag-fr","10":"tag-france","11":"tag-news","12":"tag-republique-francaise"},"share_on_mastodon":{"url":"https:\/\/pubeurope.com\/@fr\/115147675144246157","error":""},"_links":{"self":[{"href":"https:\/\/www.europesays.com\/fr\/wp-json\/wp\/v2\/posts\/366411","targetHints":{"allow":["GET"]}}],"collection":[{"href":"https:\/\/www.europesays.com\/fr\/wp-json\/wp\/v2\/posts"}],"about":[{"href":"https:\/\/www.europesays.com\/fr\/wp-json\/wp\/v2\/types\/post"}],"author":[{"embeddable":true,"href":"https:\/\/www.europesays.com\/fr\/wp-json\/wp\/v2\/users\/2"}],"replies":[{"embeddable":true,"href":"https:\/\/www.europesays.com\/fr\/wp-json\/wp\/v2\/comments?post=366411"}],"version-history":[{"count":0,"href":"https:\/\/www.europesays.com\/fr\/wp-json\/wp\/v2\/posts\/366411\/revisions"}],"wp:featuredmedia":[{"embeddable":true,"href":"https:\/\/www.europesays.com\/fr\/wp-json\/wp\/v2\/media\/366412"}],"wp:attachment":[{"href":"https:\/\/www.europesays.com\/fr\/wp-json\/wp\/v2\/media?parent=366411"}],"wp:term":[{"taxonomy":"category","embeddable":true,"href":"https:\/\/www.europesays.com\/fr\/wp-json\/wp\/v2\/categories?post=366411"},{"taxonomy":"post_tag","embeddable":true,"href":"https:\/\/www.europesays.com\/fr\/wp-json\/wp\/v2\/tags?post=366411"}],"curies":[{"name":"wp","href":"https:\/\/api.w.org\/{rel}","templated":true}]}}