{"id":366415,"date":"2025-09-04T19:28:20","date_gmt":"2025-09-04T19:28:20","guid":{"rendered":"https:\/\/www.europesays.com\/fr\/366415\/"},"modified":"2025-09-04T19:28:20","modified_gmt":"2025-09-04T19:28:20","slug":"psi-de-petit-sous-traitant-automobile-a-chasseur-de-niches-haut-de-gamme","status":"publish","type":"post","link":"https:\/\/www.europesays.com\/fr\/366415\/","title":{"rendered":"PSI : de petit sous-traitant automobile \u00e0 chasseur de niches haut de gamme"},"content":{"rendered":"<p class=\"is-style-chapo\">Sp\u00e9cialis\u00e9e dans la m\u00e9canique de pr\u00e9cision et haute pr\u00e9cision implant\u00e9e \u00e0 Saint-Etienne, au Technop\u00f4le, PSI a su s\u2019affranchir des march\u00e9s de sous-traitance automobile \u00e0 partir de 2009 pour se tourner vers des march\u00e9s de pointe, nucl\u00e9aire en t\u00eate d\u00e9sormais mais aussi le spatial, l\u2019optique, l\u2019armement. Activit\u00e9s souvent crois\u00e9es et exigeantes \u2013 forc\u00e9ment \u2013 en \u00e9quipements, cahiers des charges et savoir-faire. Qui plus est pour une PME de 15 personnes. Mais infiniment plus lisibles question perspectives.<\/p>\n<p><img loading=\"lazy\" decoding=\"async\" width=\"1024\" height=\"576\" src=\"https:\/\/www.europesays.com\/fr\/wp-content\/uploads\/2025\/09\/k1-1024x576.jpg\" alt=\"\" class=\"wp-image-80380\"  \/>Jacques Patras devant une nouvelle machine-outil \u00e0 l\u2019apport d\u00e9cisif : une \u00ab\u00a0rectifieuse plane num\u00e9rique\u00a0\u00bb. \u00a9If M\u00e9dias \/ Xavier Alix<\/p>\n<p>Elle est certes tr\u00e8s loin d\u2019\u00eatre la seule dans la Loire. Mais la crise des \u00ab\u00a0subprimes\u00a0\u00bb, PSI l\u2019a particuli\u00e8rement sentie passer. \u00ab\u00a0Je venais juste d\u2019effectuer ma premi\u00e8re op\u00e9ration de croissance externe, une entreprise \u00e0 Saint-Priest-en-Jarez, pile avant que \u00e7a n\u2019\u00e9clate, raconte son dirigeant, Jacques Patras. La soci\u00e9t\u00e9 rachet\u00e9e a perdu 85 % de son activit\u00e9 en un rien de temps. Elle travaillait pas mal pour Michelin\u2026 \u00bb C\u2019\u00e9tait en 2008 et l\u2019automobile, d\u00e9j\u00e0, \u00e9tait en premi\u00e8re ligne face \u00e0 ce s\u00e9isme et ses r\u00e9pliques en cascade. A fortiori pour les sous-traitants du secteur, loin de manquer au sein d\u2019une m\u00e9tallurgie lig\u00e9rienne qui en faisait alors un fer de lance de ses activit\u00e9s.<\/p>\n<p>17 ans plus tard, moins, sinon beaucoup moins selon cas. Sp\u00e9cialis\u00e9e \u00ab\u00a0dans la m\u00e9canique de pr\u00e9cision et haute pr\u00e9cision, concepteur et fabricant de pi\u00e8ces, sous-ensembles et biens d\u2019\u00e9quipement\u00a0\u00bb, PSI \u2013 pour Pr\u00e9cision St\u00e9phanoise Industrie \u2013 est une petite PME de 15 salari\u00e9s au savoir-faire de pointe qui entre dans la cat\u00e9gorie des \u00ab\u00a0carr\u00e9ment\u00a0\u00bb moins. \u00ab\u00a0Nous sommes mont\u00e9s \u00e0 80 % de notre chiffre directement li\u00e9s \u00e0 l\u2019automobile. Mais apr\u00e8s 2008, nous avons d\u00e9cid\u00e9 de sortir de cette d\u00e9pendance, des \u00e0-coups terribles de ce march\u00e9 et cette pression du toujours moins cher. Aujourd\u2019hui, nous ne r\u00e9alisons qu\u2019autour 10 % de notre chiffre avec l\u2019auto, sur un cr\u00e9neau (usinage 5 axes et rectification d\u2019outillages de contr\u00f4le et de production, Ndlr) par ailleurs rentable dont nous n\u2019avons pas \u00e0 nous plaindre.\u00a0\u00bb Environ 10 % en 2024 sur 2,7 M\u20ac de CA quand tout ce qui touche au nucl\u00e9aire en fournit d\u00e9sormais 40 %. C\u2019\u00e9tait quatre fois moins il y a encore 4 ans. C\u2019\u00e9tait avant d\u2019int\u00e9grer un charg\u00e9 d\u2019affaires sp\u00e9cifique sur le sujet.<\/p>\n<p>Le train du nucl\u00e9aire pris en amont<\/p>\n<p>Le retour en gr\u00e2ce du secteur <a href=\"https:\/\/www.if-saint-etienne.fr\/economie\/la-metallurgie-de-la-loire-voit-dans-le-nucleaire-une-assurance-vie\" target=\"_blank\" rel=\"noreferrer noopener\">nucl\u00e9aire<\/a> en France et la perspective de la commande publique\u00a0allant avec\u00a0ont bien \u00e9t\u00e9 sentis par PSI. Elle travaille par exemple mais notamment pour Framatome sur des \u00e9quipements permettant la manipulation de combustible \u00e0 Romans-sur-Is\u00e8re. Aussi, la petite PME semble une illustration parfaite pour le consortium \u00ab\u00a0<a href=\"https:\/\/www.if-saint-etienne.fr\/economie\/fusion-42-le-nucleaire-de-la-loire-a-sa-banniere\" target=\"_blank\" rel=\"noreferrer noopener\">Fusion 42<\/a>\u00a0\u00bb r\u00e9cemment mont\u00e9 par les milieux \u00e9conomiques de la Loire afin de f\u00e9d\u00e9rer et orienter la m\u00e9tallurgie, la m\u00e9canique du d\u00e9partement vers ces sources de march\u00e9s qu\u2019est cens\u00e9 pr\u00e9senter dans les 20 \u00e0 30 ans le nucl\u00e9aire en France. Ce n\u2019est pas pour rien que Jacques Patras est r\u00e9f\u00e9rent <a href=\"https:\/\/www.google.com\/url?sa=t&amp;source=web&amp;rct=j&amp;opi=89978449&amp;url=https:\/\/www.mecaloire.fr\/&amp;ved=2ahUKEwiy9s2xzL-PAxV7NfsDHV3uNjcQFnoECAwQAQ&amp;usg=AOvVaw32Z5Ls1RQFGuqwdUEWzR41\" target=\"_blank\" rel=\"noreferrer noopener\">M\u00e9caloire <\/a>\u2013 qu\u2019il a d\u2019ailleurs pr\u00e9sid\u00e9e par le pass\u00e9 \u2013 \u00e0 ce sujet. PSI sera d\u2019ailleurs cet automne pour la 3e fois cons\u00e9cutive pr\u00e9sent au <a href=\"https:\/\/www.google.com\/url?sa=t&amp;source=web&amp;rct=j&amp;opi=89978449&amp;url=https:\/\/www.world-nuclear-exhibition.com\/fr-fr\/le-salon.html&amp;ved=2ahUKEwiDlravyb-PAxVGAPsDHbqRFnIQFnoECB4QAQ&amp;usg=AOvVaw3ksDuxWCq0hV7JCGWVYmzz\" target=\"_blank\" rel=\"noreferrer noopener\">WNE<\/a> de Paris (LE salon du nucl\u00e9aire civil), membre d\u2019un contingent lig\u00e9rien plus touffu que jamais. C\u2019est en 2001 que Jacques Patras est pass\u00e9 \u00e0 l\u2019entrepreneuriat en reprenant PSI. \u00ab\u00a0A cette \u00e9poque, l\u2019entreprise n\u2019avait pas assez investi dans son outil de production, trop vieillissant et portant sur des pi\u00e8ces \u00e0 trop faible valeur ajout\u00e9e.\u00a0\u00bb<\/p>\n<p>Le nouveau patron d\u00e9cide d\u2019y rem\u00e9dier. Un souci depuis constant, jamais d\u00e9menti\u00a0: jusqu\u2019\u00e0 l\u2019\u00e9quivalent 10 % du CA y passe chaque ann\u00e9e, pr\u00e8s de 300\u00a0000 \u20ac \u00e0 amortir sur chaque exercice mais condition sine qua non de la r\u00e9ussite, de la survie au m\u00eame titre que la diversification sur des march\u00e9s de niches \u00e0 forte exigence mais aussi \u00e0 forte valeur ajout\u00e9e. S\u2019ajoute aussi cette capacit\u00e9 toujours plus pr\u00e9gnante \u00e0 \u00e9laborer un projet de A \u00e0 Z pour le client \u00e0 partir de son cahier des charges et pas seulement une pi\u00e8ce pr\u00e9cise. R\u00e9sultat\u00a0: une rentabilit\u00e9 \u00ab\u00a0\u00e0 deux chiffres\u00a0\u00bb via une multitude de \u00ab march\u00e9s de niches pour des pi\u00e8ces unitaires, ou des petites s\u00e9ries r\u00e9clamant jusqu\u2019\u00e0 15 op\u00e9rations\u00a0\u00bb, r\u00e9sume Jacques Patras. Niches souvent \u00e9tonnantes.<\/p>\n<p>Des pi\u00e8ces de PSI voyagent dans l\u2019espace<\/p>\n<p>Comme chez des voisins aux activit\u00e9s proches, eux aussi situ\u00e9s au Technop\u00f4le, \u00e0 l\u2019image de Microrectif (dont nous vous parlions dans cet <a href=\"https:\/\/www.if-saint-etienne.fr\/economie\/mecanique-microrectif-micromec-font-la-chasse-aux-incertitudes\" target=\"_blank\" rel=\"noreferrer noopener\">article<\/a> il y a 4 ans), des pi\u00e8ces \u00e9labor\u00e9es dans l\u2019atelier de PSI ont pour objectif de finir dans l\u2019espace\u00a0! Le spatial donne en effet lieu \u00e0 15, voire 20 % de l\u2019activit\u00e9 selon les ann\u00e9es via un certain groupe Safran pour client. \u00ab\u00a0Il s\u2019agit de pi\u00e8ces fournies pour de syst\u00e8mes optiques. Entre la commande et la mise en orbite, il faut 4 ans de cheminement. Il faut dire que nos traitements doivent amener \u00e0 les faire r\u00e9sister \u00e0 d\u2019\u00e9normes amplitudes de temp\u00e9rature\u00a0: 200\u00b0 C en \u00e9tant expos\u00e9s au Soleil puis brusquement au froid de l\u2019espace \u00e0 \u2013 200\u00b0\u00a0! L\u2019optique en g\u00e9n\u00e9ral, c\u2019est aussi un d\u00e9bouch\u00e9 important pour nous. Nous sommes sous-traitants de Thal\u00e8s sur ses activit\u00e9s civiles comme <a href=\"https:\/\/www.if-saint-etienne.fr\/economie\/produite-par-thales-a-saint-heand-visioloc-donne-une-perspective-revolutionnaire-au-champ-de-bataille\" target=\"_blank\" rel=\"noreferrer noopener\">militaires<\/a> (zoom de cam\u00e9ras et de jumelles de vision nocturne, Ndlr). <a href=\"https:\/\/www.if-saint-etienne.fr\/economie\/la-reconstruction-dune-economie-de-guerre-se-base-sur-la-loire\" target=\"_blank\" rel=\"noreferrer noopener\">L\u2019armement<\/a>, c\u2019est aussi un autre axe de d\u00e9veloppement\u00a0: nous travaillons r\u00e9guli\u00e8rement pour le site Nexter de Tulle.\u00a0\u00bb<\/p>\n<blockquote>\n<p>Entre la commande et la mise en orbite, il faut 4 ans de cheminement. <\/p>\n<p>Jacques Patras, dirigeant de PSI<\/p><\/blockquote>\n<p>R\u00e9cemment, c\u2019est un march\u00e9 spectaculaire, sortant des canaux plus ou moins habituels d\u2019activit\u00e9s qu\u2019a d\u00e9croch\u00e9 PSI, du c\u00f4t\u00e9 des Etats-Unis. Avoir travaill\u00e9 sur un sujet analogue pour le CNRS en 2020 lui a ouvert la connaissance d\u2019un appel d\u2019offres remport\u00e9 \u00e9mis par un laboratoire am\u00e9ricain travaillant sur l\u2019acc\u00e9l\u00e9ration de particules\u00a0: 40 sous-ensembles de mat\u00e9riels scientifiques \u00e0 fournir d\u2019ici fin 2026. Une commande \u00e0 700\u00a0000 \u20ac obtenue gr\u00e2ce au savoir-faire d\u00e9j\u00e0 existant dans le traitement de l\u2019inox 316 LN, pr\u00e9sentant une faible perm\u00e9abilit\u00e9 magn\u00e9tique. PSI est en mesure d\u2019accentuer par usinage cette perm\u00e9abilit\u00e9 n\u00e9cessaire \u00e0 ces travaux de recherche autour des particules. Les soubresauts douaniers de Trump n\u2019auront finalement rien chang\u00e9 \u00e0 la commande malgr\u00e9 quelques craintes initiales. De quoi renforcer sur l\u2019exercice en cours la variable \u00ab\u00a0export\u00a0\u00bb du CA (elle oscille entre 10 et 30 % du chiffre selon les ann\u00e9es), PSI travaillant d\u00e9j\u00e0 pour la Suisse (Rolex), l\u2019Irlande (des implants m\u00e9dicaux), plus marginalement pour l\u2019Allemagne, l\u2019Italie, l\u2019Espagne ou encore l\u2019Inde et la Roumanie.<\/p>\n<p>Faire face \u00e0 des nouveaux march\u00e9s et leur complexit\u00e9 croissante exige comme d\u00e9j\u00e0 dit, d\u2019investir sans cesse dans l\u2019outil de production. R\u00e9cemment, l\u2019acquisition d\u2019une \u00ab\u00a0rectifieuse plane num\u00e9rique\u00a0\u00bb \u00e0 plusieurs centaines de milliers d\u2019euros visait certes \u00e0 honorer la fameuse commande am\u00e9ricaine mais ouvre aussi de nouvelles perspectives de march\u00e9s tout en \u00e9liminant des \u00e9tapes sous-trait\u00e9es ailleurs, les moyens de PSI dans ce domaine \u00e9tant jusque-l\u00e0 trop \u00ab\u00a0conventionnels\u00a0\u00bb. Un investissement qui obtenu le soutien de la R\u00e9gion Aura pour un peu plus de 20\u00a0000 \u20ac dans le cadre de son dispositif \u00ab\u00a0Pack Reloc\u00a0\u00bb. L\u2019entreprise s\u2019engageant \u00e0 embaucher gr\u00e2ce \u00e0 cette acquisition et comme pr\u00e9voit l\u2019accord de cette aide publique. En l\u2019occurrence deux personnes dans les 2 ans \u00e0 venir.<\/p>\n","protected":false},"excerpt":{"rendered":"Sp\u00e9cialis\u00e9e dans la m\u00e9canique de pr\u00e9cision et haute pr\u00e9cision implant\u00e9e \u00e0 Saint-Etienne, au Technop\u00f4le, PSI a su s\u2019affranchir&hellip;\n","protected":false},"author":2,"featured_media":366416,"comment_status":"","ping_status":"","sticky":false,"template":"","format":"standard","meta":{"footnotes":""},"categories":[9653],"tags":[1111,11,2430,345,257,1777,674,11536,1011,27,30332,693,10326,5701,50084,12,5654,50085,50086,25,4001],"class_list":{"0":"post-366415","1":"post","2":"type-post","3":"status-publish","4":"format-standard","5":"has-post-thumbnail","7":"category-saint-etienne","8":"tag-actu","9":"tag-actualites","10":"tag-auvergne-rhone-alpes","11":"tag-chef-dentreprise","12":"tag-entreprise","13":"tag-eu","14":"tag-europe","15":"tag-evolutif","16":"tag-fr","17":"tag-france","18":"tag-fusion-42","19":"tag-industrie","20":"tag-industrie-loire","21":"tag-innovation","22":"tag-innovation-entreprise","23":"tag-news","24":"tag-nucleaire","25":"tag-precision-stephanoise-industrie","26":"tag-psi","27":"tag-republique-francaise","28":"tag-saint-etienne"},"share_on_mastodon":{"url":"https:\/\/pubeurope.com\/@fr\/115147683307616437","error":""},"_links":{"self":[{"href":"https:\/\/www.europesays.com\/fr\/wp-json\/wp\/v2\/posts\/366415","targetHints":{"allow":["GET"]}}],"collection":[{"href":"https:\/\/www.europesays.com\/fr\/wp-json\/wp\/v2\/posts"}],"about":[{"href":"https:\/\/www.europesays.com\/fr\/wp-json\/wp\/v2\/types\/post"}],"author":[{"embeddable":true,"href":"https:\/\/www.europesays.com\/fr\/wp-json\/wp\/v2\/users\/2"}],"replies":[{"embeddable":true,"href":"https:\/\/www.europesays.com\/fr\/wp-json\/wp\/v2\/comments?post=366415"}],"version-history":[{"count":0,"href":"https:\/\/www.europesays.com\/fr\/wp-json\/wp\/v2\/posts\/366415\/revisions"}],"wp:featuredmedia":[{"embeddable":true,"href":"https:\/\/www.europesays.com\/fr\/wp-json\/wp\/v2\/media\/366416"}],"wp:attachment":[{"href":"https:\/\/www.europesays.com\/fr\/wp-json\/wp\/v2\/media?parent=366415"}],"wp:term":[{"taxonomy":"category","embeddable":true,"href":"https:\/\/www.europesays.com\/fr\/wp-json\/wp\/v2\/categories?post=366415"},{"taxonomy":"post_tag","embeddable":true,"href":"https:\/\/www.europesays.com\/fr\/wp-json\/wp\/v2\/tags?post=366415"}],"curies":[{"name":"wp","href":"https:\/\/api.w.org\/{rel}","templated":true}]}}