{"id":366417,"date":"2025-09-04T19:29:22","date_gmt":"2025-09-04T19:29:22","guid":{"rendered":"https:\/\/www.europesays.com\/fr\/366417\/"},"modified":"2025-09-04T19:29:22","modified_gmt":"2025-09-04T19:29:22","slug":"lascension-fulgurante-dune-galerie-tres-singuliere","status":"publish","type":"post","link":"https:\/\/www.europesays.com\/fr\/366417\/","title":{"rendered":"l&rsquo;ascension fulgurante d&rsquo;une galerie tr\u00e8s singuli\u00e8re"},"content":{"rendered":"<p class=\"editor-content__paragraph\">Pour faire du skate, il faut un support, une surface et hop on glisse, on d\u00e9colle\u00a0! Et cela vous \u00e9tonnera mais c\u2019est <strong>la m\u00eame chose dans l\u2019art<\/strong>. Adolescents, <strong>Lo\u00efc B\u00e9n\u00e9ti\u00e8re et Fran\u00e7ois Ceysson<\/strong>, apr\u00e8s s\u2019\u00eatre rencontr\u00e9s au lyc\u00e9e, ont rapidement gliss\u00e9 ensemble, avec leurs planches, sur le bitume de Saint-\u00c9tienne comme sur la neige. Aujourd\u2019hui, <strong>\u00e0 45\u00a0ans environ<\/strong>, l\u2019un et l\u2019autre glissent moins qu\u2019ils ne roulent ou s\u2019envolent\u2026<\/p>\n<p class=\"editor-content__paragraph\">Quand, pour g\u00e9rer neuf galeries, vous devez aller <strong>de Paris \u00e0 New York en passant par le domaine de Pan\u00e9ry \u00e0 Pouzilhac<\/strong>, pr\u00e8s d\u2019Uz\u00e8s (Gard), mieux vaut en effet prendre un train ou un avion qu\u2019une planche de surf ou de skate. \u00c0 Tokyo, le 17\u00a0mai dernier, les deux amis, qui<strong> ont ouvert leur premi\u00e8re galerie \u00e0 Saint-\u00c9tienne<\/strong> en 2006\u00a0dans un petit local de 80\u00a0m2 lou\u00e9 300\u00a0euros par mois, ont d\u00e9fonc\u00e9 \u00e0 coups de maillet et avec joie le couvercle d\u2019un baril de sak\u00e9 pour <strong>c\u00e9l\u00e9brer l\u2019inauguration de leur nouvel espace<\/strong>, selon une tradition tout \u00e0 fait japonaise. L\u2019artiste No\u00ebl Dolla, venu tout sp\u00e9cialement, avait l\u2019air, du haut de ses 80\u00a0ans, de s\u2019en amuser.<\/p>\n<p>1. Prendre la vague \u00e0 Tokyo<\/p>\n<p class=\"editor-content__paragraph\">Situ\u00e9e <strong>au 8e \u00e9tage d\u2019une tour du quartier de Ginza<\/strong> o\u00f9 pullulent les boutiques de luxe, leur <strong>nouvelle galerie de 350\u00a0m2<\/strong> respire une <strong>sophistication toute franco-japonaise<\/strong>\u00a0: parquet en pav\u00e9s de bois quadrill\u00e9 pour rappeler les pav\u00e9s parisiens, mobilier design en ch\u00eane massif et acier Corten, espace lumineux et traversant, boutique de produits d\u00e9riv\u00e9s originaux m\u00ealant<strong> \u0153uvres d\u2019artistes fran\u00e7ais et japonais<\/strong>, salon VIP pour les collectionneurs\u2026<\/p>\n<p>    <img loading=\"lazy\" decoding=\"async\" class=\"image__img\" src=\"https:\/\/www.europesays.com\/fr\/wp-content\/uploads\/2025\/09\/webt01-exhibition-views-supports-surfaces-tokyo-2025osamu-sakamoto-courtesy-cb-hd-41-964x643.jpg\" alt=\"Vue de l\u2019exposition inaugurale de la galerie de Tokyo, ouverte le 17 mai dernier, avec les \u0153uvres de Vincent Bioul\u00e8s, Patrick Saytour, No\u00ebl Dolla et Bernard Pag\u00e8s.\" width=\"964\" height=\"643\"\/><\/p>\n<p>Vue de l\u2019exposition inaugurale de la galerie de Tokyo, ouverte le 17\u00a0mai dernier, avec les \u0153uvres de Vincent Bioul\u00e8s, Patrick Saytour, No\u00ebl Dolla et Bernard Pag\u00e8s.<\/p>\n<p>    i<\/p>\n<p class=\"legende__cartel\">\u00a9 Osamu Sakamoto \/ Courtesy galerie Ceysson &amp; B\u00e9n\u00e9ti\u00e8re, Saint-\u00c9tienne, Paris, Tokyo<\/p>\n<blockquote class=\"editor-content__blockquote editor-content__blockquote--align-left\">\n<p>\u00ab\u00a0Il faut parfois savoir, comme Emmanuel Perrotin dont je suis admiratif, mettre la charrue avant les b\u0153ufs.\u00a0\u00bb<\/p>\n<p>Fran\u00e7ois Ceysson<\/p>\n<\/blockquote>\n<p class=\"editor-content__paragraph editor-content__paragraph--is-hidden\">Le tout pens\u00e9 sp\u00e9cifiquement <strong>par l\u2019architecte d\u2019int\u00e9rieur Sophie Dries<\/strong>. On est loin de leur premier espace de Saint-\u00c9tienne, fait de bric et de broc, et m\u00eame des am\u00e9nagements des <strong>deux seules autres galeries \u00e9trang\u00e8res implant\u00e9es \u00e0 Tokyo<\/strong> (Perrotin et Pace), \u00e9tonnement plus petites et moins \u00ab\u00a0d\u00e9sign\u00e9es\u00a0\u00bb que celle de ces challengers au chiffre d\u2019affaires pourtant bien moins important que celui des deux mastodontes.<\/p>\n<p>            <strong>Continuez votre lecture<\/strong><\/p>\n<p>\n                et acc\u00e9dez \u00e0 Beaux Arts Magazine<br \/>et \u00e0 tous les contenus web<br \/><strong>en illimit\u00e9 \u00e0 partir de 5,75\u20ac \/ mois<\/strong>\n            <\/p>\n<p class=\"cta-abonnement__log-in\">\n        D\u00e9j\u00e0 abonn\u00e9 ?        <a data-id=\"aHR0cHM6Ly93d3cuYmVhdXhhcnRzLmNvbS9tb24tY29tcHRlLw==\">Connectez-vous<\/a>\n    <\/p>\n<p>            <img data-vllblanksrc=\"https:\/\/www.beauxarts.com\/grand-format\/de-saint-etienne-a-new-york-et-tokyo-lascension-fulgurante-de-la-galerie-ceysson-benetiere\/1\" data-vllsrc=\"https:\/\/www.europesays.com\/fr\/wp-content\/uploads\/2025\/08\/bam495_ciouv_page_001-232x300.jpg\" alt=\"\"\/><img data-vllblanksrc=\"https:\/\/www.beauxarts.com\/grand-format\/de-saint-etienne-a-new-york-et-tokyo-lascension-fulgurante-de-la-galerie-ceysson-benetiere\/1\" data-vllsrc=\"https:\/\/www.europesays.com\/fr\/wp-content\/uploads\/2025\/06\/couv-bam-493-494-232x300.png\" alt=\"\"\/>        <\/p>\n","protected":false},"excerpt":{"rendered":"Pour faire du skate, il faut un support, une surface et hop on glisse, on d\u00e9colle\u00a0! Et cela&hellip;\n","protected":false},"author":2,"featured_media":366418,"comment_status":"","ping_status":"","sticky":false,"template":"","format":"standard","meta":{"footnotes":""},"categories":[9653],"tags":[1111,11,1396,2430,1777,674,1011,27,50087,7455,12,25,4001],"class_list":{"0":"post-366417","1":"post","2":"type-post","3":"status-publish","4":"format-standard","5":"has-post-thumbnail","7":"category-saint-etienne","8":"tag-actu","9":"tag-actualites","10":"tag-art-contemporain","11":"tag-auvergne-rhone-alpes","12":"tag-eu","13":"tag-europe","14":"tag-fr","15":"tag-france","16":"tag-galerie-ceysson-benetiere","17":"tag-galeries","18":"tag-news","19":"tag-republique-francaise","20":"tag-saint-etienne"},"share_on_mastodon":{"url":"https:\/\/pubeurope.com\/@fr\/115147686957841988","error":""},"_links":{"self":[{"href":"https:\/\/www.europesays.com\/fr\/wp-json\/wp\/v2\/posts\/366417","targetHints":{"allow":["GET"]}}],"collection":[{"href":"https:\/\/www.europesays.com\/fr\/wp-json\/wp\/v2\/posts"}],"about":[{"href":"https:\/\/www.europesays.com\/fr\/wp-json\/wp\/v2\/types\/post"}],"author":[{"embeddable":true,"href":"https:\/\/www.europesays.com\/fr\/wp-json\/wp\/v2\/users\/2"}],"replies":[{"embeddable":true,"href":"https:\/\/www.europesays.com\/fr\/wp-json\/wp\/v2\/comments?post=366417"}],"version-history":[{"count":0,"href":"https:\/\/www.europesays.com\/fr\/wp-json\/wp\/v2\/posts\/366417\/revisions"}],"wp:featuredmedia":[{"embeddable":true,"href":"https:\/\/www.europesays.com\/fr\/wp-json\/wp\/v2\/media\/366418"}],"wp:attachment":[{"href":"https:\/\/www.europesays.com\/fr\/wp-json\/wp\/v2\/media?parent=366417"}],"wp:term":[{"taxonomy":"category","embeddable":true,"href":"https:\/\/www.europesays.com\/fr\/wp-json\/wp\/v2\/categories?post=366417"},{"taxonomy":"post_tag","embeddable":true,"href":"https:\/\/www.europesays.com\/fr\/wp-json\/wp\/v2\/tags?post=366417"}],"curies":[{"name":"wp","href":"https:\/\/api.w.org\/{rel}","templated":true}]}}