{"id":366419,"date":"2025-09-04T19:30:14","date_gmt":"2025-09-04T19:30:14","guid":{"rendered":"https:\/\/www.europesays.com\/fr\/366419\/"},"modified":"2025-09-04T19:30:14","modified_gmt":"2025-09-04T19:30:14","slug":"nancy-trois-gendarmes-empechent-un-jeune-desespere-de-sauter-du-pont-millenaire","status":"publish","type":"post","link":"https:\/\/www.europesays.com\/fr\/366419\/","title":{"rendered":"Nancy. Trois gendarmes emp\u00eachent un jeune d\u00e9sesp\u00e9r\u00e9 de sauter du pont Mill\u00e9naire"},"content":{"rendered":"<p>Leur r\u00f4le est avant tout de courir apr\u00e8s les \u00ab malfrats \u00bb. Les gendarmes du PSIG (peloton de surveillance et d\u2019intervention) de Nancy sont plus des chasseurs de d\u00e9linquants que des bons samaritains. Mais l\u2019un n\u2019emp\u00eache pas forc\u00e9ment l\u2019autre. \u00ab Nous ne sommes pas l\u00e0 pour faire \ufeffque de la r\u00e9pression \u00bb, assure ainsi Arnaud, un jeune adjudant de l\u2019unit\u00e9.<\/p>\n<p>La preuve ce mardi. Il \u00e9tait aux environs de 17 h 30. L\u2019adjudant revenait \u00e0 la caserne du PSIG \u00e0 Jarville apr\u00e8s avoir patrouill\u00e9 dans les environs de Nancy en compagnie de deux coll\u00e8gues, Maxime, un adjudant, et Erwan, un mar\u00e9chal des logis chef&#8230;.<\/p>\n","protected":false},"excerpt":{"rendered":"Leur r\u00f4le est avant tout de courir apr\u00e8s les \u00ab malfrats \u00bb. Les gendarmes du PSIG (peloton de&hellip;\n","protected":false},"author":2,"featured_media":366420,"comment_status":"","ping_status":"","sticky":false,"template":"","format":"standard","meta":{"footnotes":""},"categories":[9635],"tags":[1111,11,271,272,1777,674,274,1011,27,775,1702,12,3456,25],"class_list":{"0":"post-366419","1":"post","2":"type-post","3":"status-publish","4":"format-standard","5":"has-post-thumbnail","7":"category-nancy","8":"tag-actu","9":"tag-actualites","10":"tag-crime","11":"tag-delit-et-contravention","12":"tag-eu","13":"tag-europe","14":"tag-faits-divers-justice","15":"tag-fr","16":"tag-france","17":"tag-grand-est","18":"tag-nancy","19":"tag-news","20":"tag-region-lorraine","21":"tag-republique-francaise"},"share_on_mastodon":{"url":"https:\/\/pubeurope.com\/@fr\/115147690877008361","error":""},"_links":{"self":[{"href":"https:\/\/www.europesays.com\/fr\/wp-json\/wp\/v2\/posts\/366419","targetHints":{"allow":["GET"]}}],"collection":[{"href":"https:\/\/www.europesays.com\/fr\/wp-json\/wp\/v2\/posts"}],"about":[{"href":"https:\/\/www.europesays.com\/fr\/wp-json\/wp\/v2\/types\/post"}],"author":[{"embeddable":true,"href":"https:\/\/www.europesays.com\/fr\/wp-json\/wp\/v2\/users\/2"}],"replies":[{"embeddable":true,"href":"https:\/\/www.europesays.com\/fr\/wp-json\/wp\/v2\/comments?post=366419"}],"version-history":[{"count":0,"href":"https:\/\/www.europesays.com\/fr\/wp-json\/wp\/v2\/posts\/366419\/revisions"}],"wp:featuredmedia":[{"embeddable":true,"href":"https:\/\/www.europesays.com\/fr\/wp-json\/wp\/v2\/media\/366420"}],"wp:attachment":[{"href":"https:\/\/www.europesays.com\/fr\/wp-json\/wp\/v2\/media?parent=366419"}],"wp:term":[{"taxonomy":"category","embeddable":true,"href":"https:\/\/www.europesays.com\/fr\/wp-json\/wp\/v2\/categories?post=366419"},{"taxonomy":"post_tag","embeddable":true,"href":"https:\/\/www.europesays.com\/fr\/wp-json\/wp\/v2\/tags?post=366419"}],"curies":[{"name":"wp","href":"https:\/\/api.w.org\/{rel}","templated":true}]}}