{"id":366423,"date":"2025-09-04T19:32:12","date_gmt":"2025-09-04T19:32:12","guid":{"rendered":"https:\/\/www.europesays.com\/fr\/366423\/"},"modified":"2025-09-04T19:32:12","modified_gmt":"2025-09-04T19:32:12","slug":"mort-dun-policier-pieds-et-poings-lies-a-toulon-pourquoi-la-piste-du-suicide-est-privilegiee","status":"publish","type":"post","link":"https:\/\/www.europesays.com\/fr\/366423\/","title":{"rendered":"Mort d\u2019un policier pieds et poings li\u00e9s \u00e0 Toulon: pourquoi la piste du suicide est privil\u00e9gi\u00e9e"},"content":{"rendered":"<p><strong>La d\u00e9couverte du corps d\u2019un policier<\/strong> d<strong>\u00e9rivant dans les eaux de l\u2019anse Magaud, ce mercredi matin \u00e0 Toulon<\/strong>, n\u2019en finit plus de susciter une certaine forme de perplexit\u00e9, voire d\u2019alimenter des th\u00e9ories du complot sur les r\u00e9seaux sociaux.<\/p>\n<p><a href=\"https:\/\/www.varmatin.com\/faits-divers\/le-corps-d-un-policier-retrouve-pieds-et-poings-lies-au-pied-d-une-falaise-a-toulon-1000377\" target=\"_blank\" rel=\"noopener nofollow\">Georges B., <strong>\u00e2g\u00e9 d\u2019une quarantaine d\u2019ann\u00e9es<\/strong>, avait les mains menott\u00e9es dans le dos et les pieds entrav\u00e9s par des liens en plastique<\/a>. Il portait sa tenue d\u2019intervention quand sa d\u00e9pouille a \u00e9t\u00e9 rep\u00each\u00e9e (nos \u00e9ditions d\u2019hier).<\/p>\n<p><strong>Une enqu\u00eate en cours<\/strong><\/p>\n<p>Et pourtant <strong>la th\u00e8se du suicide est privil\u00e9gi\u00e9e<\/strong>, a indiqu\u00e9 le procureur de la R\u00e9publique Samuel Finielz. Une enqu\u00eate pour rechercher les causes de son d\u00e9c\u00e8s est en cours, a pr\u00e9cis\u00e9 le magistrat.<\/p>\n<p>Une unit\u00e9 du service interd\u00e9partemental de police judiciaire (SIPJ) a \u00e9t\u00e9 saisie et <strong>une autopsie doit notamment \u00eatre r\u00e9alis\u00e9e \u00e0 Marseille<\/strong>. \u00c0 ce stade, aucun \u00e9l\u00e9ment probant ne vient \u00e9tayer l\u2019hypoth\u00e8se de l\u2019intervention d\u2019un tiers.<\/p>\n<p>Selon diff\u00e9rentes sources contact\u00e9es par Var-Matin, l\u2019homme a pu s\u2019entraver lui-m\u00eame pour garantir une issue fatale \u00e0 un saut depuis une falaise surplombant la mer.<\/p>\n<p>\u00ab\u00a0Il y a des cas o\u00f9 des personnes utilisent des poids ou des entraves pour ne se laisser aucune chance&#8230;\u00a0\u00bb, observe un policier. \u00ab\u00a0Mais pourquoi il n\u2019a pas fait \u00e7a avec son arme (retrouv\u00e9e charg\u00e9e sur place, Ndlr)?\u00a0\u00bb, s\u2019interroge-t-il n\u00e9anmoins.<\/p>\n<p><strong>Une affaire troublante sans zone d\u2019ombre<\/strong><\/p>\n<p>Le sc\u00e9nario d\u2019un suicide est cependant d\u2019autant plus envisageable que, selon nos informations, le p\u00e8re de famille \u00e9tait <strong>confront\u00e9 \u00e0 une rupture sentimentale<\/strong> et pr\u00e9sentait un <strong>profil psychologique fragile<\/strong>. Un message envoy\u00e9 \u00e0 son entourage peu avant son passage \u00e0 l\u2019acte avait m\u00eame suscit\u00e9 l\u2019inqui\u00e9tude de leurs destinataires.<\/p>\n<p>Le quadrag\u00e9naire<strong> affect\u00e9 \u00e0 l\u2019office antistup\u00e9fiants<\/strong> (Ofast) vivait et travaillait sur Paris. Il n\u2019avait aucune raison professionnelle de se trouver dans le Var (dont il \u00e9tait originaire), pr\u00e9cisent plusieurs sources polici\u00e8res pour couper court \u00e0 certaines rumeurs. \u00ab\u00a0On imagine mal des narcotrafiquants faire une telle mise en sc\u00e8ne, leurs m\u00e9thodes sont plus exp\u00e9ditives&#8230;\u00a0\u00bb<\/p>\n<p>\u00ab\u00a0On n\u2019\u00e9carte aucune piste, on va faire notre travail en proc\u00e9dant \u00e0 tous les actes d\u2019investigation\u00a0\u00bb, insiste-t-on en substance \u00e0 l\u2019h\u00f4tel de police. \u00a0\u00bb Mais pour l\u2019instant cette affaire ne comporte pas de zone d\u2019ombre.\u00a0\u00bb<\/p>\n","protected":false},"excerpt":{"rendered":"La d\u00e9couverte du corps d\u2019un policier d\u00e9rivant dans les eaux de l\u2019anse Magaud, ce mercredi matin \u00e0 Toulon,&hellip;\n","protected":false},"author":2,"featured_media":366424,"comment_status":"","ping_status":"","sticky":false,"template":"","format":"standard","meta":{"footnotes":""},"categories":[9619],"tags":[1111,11,1777,674,118,1011,27,12,882,25,2310],"class_list":{"0":"post-366423","1":"post","2":"type-post","3":"status-publish","4":"format-standard","5":"has-post-thumbnail","7":"category-toulon","8":"tag-actu","9":"tag-actualites","10":"tag-eu","11":"tag-europe","12":"tag-faits-divers","13":"tag-fr","14":"tag-france","15":"tag-news","16":"tag-provence-alpes-cote-dazur","17":"tag-republique-francaise","18":"tag-toulon"},"share_on_mastodon":{"url":"https:\/\/pubeurope.com\/@fr\/115147698794785653","error":""},"_links":{"self":[{"href":"https:\/\/www.europesays.com\/fr\/wp-json\/wp\/v2\/posts\/366423","targetHints":{"allow":["GET"]}}],"collection":[{"href":"https:\/\/www.europesays.com\/fr\/wp-json\/wp\/v2\/posts"}],"about":[{"href":"https:\/\/www.europesays.com\/fr\/wp-json\/wp\/v2\/types\/post"}],"author":[{"embeddable":true,"href":"https:\/\/www.europesays.com\/fr\/wp-json\/wp\/v2\/users\/2"}],"replies":[{"embeddable":true,"href":"https:\/\/www.europesays.com\/fr\/wp-json\/wp\/v2\/comments?post=366423"}],"version-history":[{"count":0,"href":"https:\/\/www.europesays.com\/fr\/wp-json\/wp\/v2\/posts\/366423\/revisions"}],"wp:featuredmedia":[{"embeddable":true,"href":"https:\/\/www.europesays.com\/fr\/wp-json\/wp\/v2\/media\/366424"}],"wp:attachment":[{"href":"https:\/\/www.europesays.com\/fr\/wp-json\/wp\/v2\/media?parent=366423"}],"wp:term":[{"taxonomy":"category","embeddable":true,"href":"https:\/\/www.europesays.com\/fr\/wp-json\/wp\/v2\/categories?post=366423"},{"taxonomy":"post_tag","embeddable":true,"href":"https:\/\/www.europesays.com\/fr\/wp-json\/wp\/v2\/tags?post=366423"}],"curies":[{"name":"wp","href":"https:\/\/api.w.org\/{rel}","templated":true}]}}