{"id":366425,"date":"2025-09-04T19:33:27","date_gmt":"2025-09-04T19:33:27","guid":{"rendered":"https:\/\/www.europesays.com\/fr\/366425\/"},"modified":"2025-09-04T19:33:27","modified_gmt":"2025-09-04T19:33:27","slug":"infirmerie-le-point-sur-les-blesses-avant-montpellier-toulon","status":"publish","type":"post","link":"https:\/\/www.europesays.com\/fr\/366425\/","title":{"rendered":"Infirmerie : le point sur les bless\u00e9s avant Montpellier &#8211; Toulon !"},"content":{"rendered":"<p>Avant le <strong>retour du Top 14 <\/strong>face \u00e0<strong> Montpellier <\/strong>ce samedi\u00a0(19h)\u00a0au\u00a0<strong>Septeo Stadium<\/strong>,\u00a0<strong>Pierre Mignoni\u00a0<\/strong>a fait le point en conf\u00e9rence de presse sur les\u00a0<strong>absents\u00a0<\/strong>dans l\u2019effectif<strong>\u00a0Rouge &amp; Noir<\/strong>.<\/p>\n<ul>\n<li><strong>Charles Ollivon<\/strong> a repris l\u2019entrainement complet avec le groupe ces derniers jours.<\/li>\n<li><strong>Gianmarco Lucchesi <\/strong>r\u00e9cup\u00e8re bien et esp\u00e8re faire son retour avant No\u00ebl.<\/li>\n<li><strong>Gabin Villi\u00e8re<\/strong>, rentr\u00e9 bless\u00e9 de la tourn\u00e9e estivale avec l\u2019\u00e9quipe de France, s\u2019est fait op\u00e9r\u00e9 du doigt et devrait louper quelques matchs.<\/li>\n<li><strong>Mat\u00e9o Garcia<\/strong>\u00a0a ressenti une douleur au genou ces derniers jours.<\/li>\n<li><strong>Esteban Abadie<\/strong>\u00a0est forfait pour ce week-end apr\u00e8s une alerte au mollet.<\/li>\n<li><strong>Kyle Sinckler<\/strong>\u00a0s\u2019est fait retirer la plaque qu\u2019il avait dans le bras apr\u00e8s sa blessure la saison derni\u00e8re et devrait louper les prochains matchs.<\/li>\n<li><strong>Mikheili Shioshvili<\/strong> est en r\u00e9athl\u00e9tisation apr\u00e8s une blessure \u00e0 l\u2019adducteur.\u00a0<\/li>\n<\/ul>\n<p>Nous souhaitons un\u00a0<strong>bon et prompt<\/strong>\u00a0<strong>r\u00e9tablissement<\/strong>\u00a0\u00e0 l\u2019ensemble de nos joueurs actuellement indisponibles !<\/p>\n","protected":false},"excerpt":{"rendered":"Avant le retour du Top 14 face \u00e0 Montpellier ce samedi\u00a0(19h)\u00a0au\u00a0Septeo Stadium,\u00a0Pierre Mignoni\u00a0a fait le point en conf\u00e9rence&hellip;\n","protected":false},"author":2,"featured_media":366426,"comment_status":"","ping_status":"","sticky":false,"template":"","format":"standard","meta":{"footnotes":""},"categories":[9619],"tags":[1111,11,1777,674,1011,27,12,882,25,2310],"class_list":{"0":"post-366425","1":"post","2":"type-post","3":"status-publish","4":"format-standard","5":"has-post-thumbnail","7":"category-toulon","8":"tag-actu","9":"tag-actualites","10":"tag-eu","11":"tag-europe","12":"tag-fr","13":"tag-france","14":"tag-news","15":"tag-provence-alpes-cote-dazur","16":"tag-republique-francaise","17":"tag-toulon"},"share_on_mastodon":{"url":"https:\/\/pubeurope.com\/@fr\/115147702731521319","error":""},"_links":{"self":[{"href":"https:\/\/www.europesays.com\/fr\/wp-json\/wp\/v2\/posts\/366425","targetHints":{"allow":["GET"]}}],"collection":[{"href":"https:\/\/www.europesays.com\/fr\/wp-json\/wp\/v2\/posts"}],"about":[{"href":"https:\/\/www.europesays.com\/fr\/wp-json\/wp\/v2\/types\/post"}],"author":[{"embeddable":true,"href":"https:\/\/www.europesays.com\/fr\/wp-json\/wp\/v2\/users\/2"}],"replies":[{"embeddable":true,"href":"https:\/\/www.europesays.com\/fr\/wp-json\/wp\/v2\/comments?post=366425"}],"version-history":[{"count":0,"href":"https:\/\/www.europesays.com\/fr\/wp-json\/wp\/v2\/posts\/366425\/revisions"}],"wp:featuredmedia":[{"embeddable":true,"href":"https:\/\/www.europesays.com\/fr\/wp-json\/wp\/v2\/media\/366426"}],"wp:attachment":[{"href":"https:\/\/www.europesays.com\/fr\/wp-json\/wp\/v2\/media?parent=366425"}],"wp:term":[{"taxonomy":"category","embeddable":true,"href":"https:\/\/www.europesays.com\/fr\/wp-json\/wp\/v2\/categories?post=366425"},{"taxonomy":"post_tag","embeddable":true,"href":"https:\/\/www.europesays.com\/fr\/wp-json\/wp\/v2\/tags?post=366425"}],"curies":[{"name":"wp","href":"https:\/\/api.w.org\/{rel}","templated":true}]}}