{"id":366427,"date":"2025-09-04T19:34:13","date_gmt":"2025-09-04T19:34:13","guid":{"rendered":"https:\/\/www.europesays.com\/fr\/366427\/"},"modified":"2025-09-04T19:34:13","modified_gmt":"2025-09-04T19:34:13","slug":"soleil-et-28-pour-ton-week-end-a-montpellier","status":"publish","type":"post","link":"https:\/\/www.europesays.com\/fr\/366427\/","title":{"rendered":"Soleil et 28\u00b0 pour ton week-end \u00e0 Montpellier"},"content":{"rendered":"<p>Vendredi 5 septembre : <strong>du soleil toute la journ\u00e9e<\/strong>, peu de vent. 17\u00b0 le matin \u00e0 Lattes et 26\u00b0 au plus chaud.<\/p>\n<p>Samedi 6 septembre : <strong>une belle journ\u00e9e<\/strong> d\u2019\u00e9t\u00e9 indien avec peu de vent. 15\u00b0 le matin \u00e0 Castelnau et 28\u00b0 pour la maximale.<\/p>\n<p>Dimanche 7 septembre : un temps un peu plus variable avec des \u00e9claircies le matin et un apr\u00e8s-midi voil\u00e9. Il fera 15\u00b0 au lever du jour \u00e0 Mauguio et <strong>28\u00b0<\/strong> au plus chaud place de la Canourgue.<\/p>\n","protected":false},"excerpt":{"rendered":"Vendredi 5 septembre : du soleil toute la journ\u00e9e, peu de vent. 17\u00b0 le matin \u00e0 Lattes et&hellip;\n","protected":false},"author":2,"featured_media":366428,"comment_status":"","ping_status":"","sticky":false,"template":"","format":"standard","meta":{"footnotes":""},"categories":[9599],"tags":[1111,11,1777,674,1011,27,2208,12,2680,25],"class_list":{"0":"post-366427","1":"post","2":"type-post","3":"status-publish","4":"format-standard","5":"has-post-thumbnail","7":"category-montpellier","8":"tag-actu","9":"tag-actualites","10":"tag-eu","11":"tag-europe","12":"tag-fr","13":"tag-france","14":"tag-montpellier","15":"tag-news","16":"tag-occitanie","17":"tag-republique-francaise"},"share_on_mastodon":{"url":"https:\/\/pubeurope.com\/@fr\/115147706571939767","error":""},"_links":{"self":[{"href":"https:\/\/www.europesays.com\/fr\/wp-json\/wp\/v2\/posts\/366427","targetHints":{"allow":["GET"]}}],"collection":[{"href":"https:\/\/www.europesays.com\/fr\/wp-json\/wp\/v2\/posts"}],"about":[{"href":"https:\/\/www.europesays.com\/fr\/wp-json\/wp\/v2\/types\/post"}],"author":[{"embeddable":true,"href":"https:\/\/www.europesays.com\/fr\/wp-json\/wp\/v2\/users\/2"}],"replies":[{"embeddable":true,"href":"https:\/\/www.europesays.com\/fr\/wp-json\/wp\/v2\/comments?post=366427"}],"version-history":[{"count":0,"href":"https:\/\/www.europesays.com\/fr\/wp-json\/wp\/v2\/posts\/366427\/revisions"}],"wp:featuredmedia":[{"embeddable":true,"href":"https:\/\/www.europesays.com\/fr\/wp-json\/wp\/v2\/media\/366428"}],"wp:attachment":[{"href":"https:\/\/www.europesays.com\/fr\/wp-json\/wp\/v2\/media?parent=366427"}],"wp:term":[{"taxonomy":"category","embeddable":true,"href":"https:\/\/www.europesays.com\/fr\/wp-json\/wp\/v2\/categories?post=366427"},{"taxonomy":"post_tag","embeddable":true,"href":"https:\/\/www.europesays.com\/fr\/wp-json\/wp\/v2\/tags?post=366427"}],"curies":[{"name":"wp","href":"https:\/\/api.w.org\/{rel}","templated":true}]}}