{"id":366429,"date":"2025-09-04T19:35:12","date_gmt":"2025-09-04T19:35:12","guid":{"rendered":"https:\/\/www.europesays.com\/fr\/366429\/"},"modified":"2025-09-04T19:35:12","modified_gmt":"2025-09-04T19:35:12","slug":"montpellier-abandonne-son-projet-de-nouveau-stade","status":"publish","type":"post","link":"https:\/\/www.europesays.com\/fr\/366429\/","title":{"rendered":"Montpellier abandonne son projet de nouveau stade"},"content":{"rendered":"<p>Montpellier n\u2019aura pas de nouveau stade. Du moins pas avant quelques d\u00e9cennies. Dans le <a href=\"https:\/\/www.midilibre.fr\/2025\/09\/04\/je-ne-jetterai-pas-70-meur-dans-la-mosson-le-projet-de-nouveau-stade-du-mhsc-abandonne-a-perols-son-maire-oppose-a-la-future-renovation-12911258.php\" rel=\"nofollow noopener\" target=\"_blank\">Midi-Libre<\/a>, le maire de P\u00e9rols, la commune o\u00f9 le projet de nouveau stade avait \u00e9t\u00e9 d\u00e9sign\u00e9e (sur le site du parc des expositions), a vendu la m\u00e8che. \u00abLe futur stade de <a href=\"https:\/\/www.footmercato.net\/club\/montpellier-hsc\/\" rel=\"nofollow noopener\" target=\"_blank\">Montpellier<\/a> sera \u00e0 la Mosson\u00bb a d\u00e9voil\u00e9 Jean-Pierre Rico en marge de l\u2019inauguration d\u2019un restaurant. Ce projet de nouvelle enceinte pour le MHSC avait \u00e9t\u00e9 lanc\u00e9 en 2016.<\/p>\n<p>            La suite apr\u00e8s cette publicit\u00e9<\/p>\n<p>L\u2019\u00e9dile a d\u00e9plor\u00e9 le choix du club et de la m\u00e9tropole de r\u00e9nover le stade de la Mosson. \u00abLes 70 millions euros pour mettre la Mosson \u00e0 niveau, au prochain conseil m\u00e9tropolitain quand on nous pr\u00e9sentera l\u2019ardoise, je voterai contre investir dans un stade qui sera r\u00e9nov\u00e9 dans une zone inondable\u00bb. Il y a quelques jours d\u00e9j\u00e0, Micha\u00ebl Delfosse le maire de Montpellier avait laiss\u00e9 entendre que \u00abtout va continuer de se passer encore quelques ann\u00e9es\u00bb \u00e0 la Mosson. <\/p>\n<p>\n    Pub. le 04\/09\/2025 21:20<br \/>\n            &#8211; MAJ le 04\/09\/2025 21:21\n    <\/p>\n","protected":false},"excerpt":{"rendered":"Montpellier n\u2019aura pas de nouveau stade. Du moins pas avant quelques d\u00e9cennies. Dans le Midi-Libre, le maire de&hellip;\n","protected":false},"author":2,"featured_media":366430,"comment_status":"","ping_status":"","sticky":false,"template":"","format":"standard","meta":{"footnotes":""},"categories":[9599],"tags":[1111,11,1777,674,1011,27,2208,12,2680,25],"class_list":{"0":"post-366429","1":"post","2":"type-post","3":"status-publish","4":"format-standard","5":"has-post-thumbnail","7":"category-montpellier","8":"tag-actu","9":"tag-actualites","10":"tag-eu","11":"tag-europe","12":"tag-fr","13":"tag-france","14":"tag-montpellier","15":"tag-news","16":"tag-occitanie","17":"tag-republique-francaise"},"share_on_mastodon":{"url":"https:\/\/pubeurope.com\/@fr\/115147710608338183","error":""},"_links":{"self":[{"href":"https:\/\/www.europesays.com\/fr\/wp-json\/wp\/v2\/posts\/366429","targetHints":{"allow":["GET"]}}],"collection":[{"href":"https:\/\/www.europesays.com\/fr\/wp-json\/wp\/v2\/posts"}],"about":[{"href":"https:\/\/www.europesays.com\/fr\/wp-json\/wp\/v2\/types\/post"}],"author":[{"embeddable":true,"href":"https:\/\/www.europesays.com\/fr\/wp-json\/wp\/v2\/users\/2"}],"replies":[{"embeddable":true,"href":"https:\/\/www.europesays.com\/fr\/wp-json\/wp\/v2\/comments?post=366429"}],"version-history":[{"count":0,"href":"https:\/\/www.europesays.com\/fr\/wp-json\/wp\/v2\/posts\/366429\/revisions"}],"wp:featuredmedia":[{"embeddable":true,"href":"https:\/\/www.europesays.com\/fr\/wp-json\/wp\/v2\/media\/366430"}],"wp:attachment":[{"href":"https:\/\/www.europesays.com\/fr\/wp-json\/wp\/v2\/media?parent=366429"}],"wp:term":[{"taxonomy":"category","embeddable":true,"href":"https:\/\/www.europesays.com\/fr\/wp-json\/wp\/v2\/categories?post=366429"},{"taxonomy":"post_tag","embeddable":true,"href":"https:\/\/www.europesays.com\/fr\/wp-json\/wp\/v2\/tags?post=366429"}],"curies":[{"name":"wp","href":"https:\/\/api.w.org\/{rel}","templated":true}]}}