{"id":366431,"date":"2025-09-04T19:36:10","date_gmt":"2025-09-04T19:36:10","guid":{"rendered":"https:\/\/www.europesays.com\/fr\/366431\/"},"modified":"2025-09-04T19:36:10","modified_gmt":"2025-09-04T19:36:10","slug":"cite-immersive-des-fables-un-parcours-immersif-et-sensoriel-a-la-decouverte-de-jean-de-la-fontaine-et-de-ses-celebres-creatures","status":"publish","type":"post","link":"https:\/\/www.europesays.com\/fr\/366431\/","title":{"rendered":"Cit\u00e9 Immersive des Fables : un parcours immersif et sensoriel \u00e0 la d\u00e9couverte de Jean de La Fontaine et de ses c\u00e9l\u00e8bres cr\u00e9atures"},"content":{"rendered":"<p class=\"MsoNormal\" style=\"margin-bottom: 0cm; line-height: normal;\">\n    \u00a0\n<\/p>\n<p class=\"MsoNormal\" style=\"margin-bottom: 0cm; line-height: normal;\">\n    \u00a0\n<\/p>\n<p class=\"MsoNormal\" style=\"margin-bottom: 0cm; line-height: normal;\">\n    \u00a0\n<\/p>\n<p class=\"MsoNormal\" style=\"margin-bottom: 0cm; line-height: normal;\">\n    <strong>Paris accueille, d\u00e8s samedi 6 septembre dans le tr\u00e8s chic 8e arrondissement, une exposition spectaculaire qui revisite les Fables de La Fontaine.<\/strong>\u00a0\n<\/p>\n<p>\n    \u00a0\n<\/p>\n<p class=\"MsoNormal\" style=\"margin-bottom: 0cm; line-height: normal;\">\n    Il s\u2019agit d\u2019un nouveau concept d\u2019exposition immersive, en bordure des Champs-\u00c9lys\u00e9es, au c\u0153ur de Paris. Parmi les 243 fables \u00e9crites par Jean de La Fontaine, l\u2019exposition en retrace les plus<br \/>\n    c\u00e9l\u00e8bres, qui s\u2019animent dans une mise en sc\u00e8ne innovante m\u00ealant narration, technologie et mus\u00e9ographie.\u00a0\n<\/p>\n<p>\n    \u00a0\n<\/p>\n<p class=\"MsoNormal\" style=\"margin-bottom: 0cm; line-height: normal;\">\n    Dans cette exposition d\u2019un nouveau genre, ces histoires prennent vie de mani\u00e8re ludique et p\u00e9dagogique, plongeant le visiteur dans une r\u00eaverie dont il est l\u2019acteur principal.\n<\/p>\n<p class=\"MsoNormal\" style=\"margin-bottom: 0cm; line-height: normal;\">\n    \u00a0\n<\/p>\n<p class=\"MsoNormal\" style=\"margin-bottom: 0cm; line-height: normal;\">\n    \u00a0\u00a0\n<\/p>\n<p class=\"MsoNormal\" style=\"margin-bottom: 0cm; line-height: normal;\">\n    \u00a0\n<\/p>\n<p>\n    \u00a0\n<\/p>\n<p class=\"MsoNormal\" style=\"margin-bottom: 0cm; line-height: normal;\">\n    D\u2019une dur\u00e9e d\u2019environ 1h30, le parcours propose des espaces th\u00e9matiques faisant revivre les plus grandes fables dans des mises en sc\u00e8ne captivantes aux costumes et aux d\u00e9cors f\u00e9\u00e9riques. Cette<br \/>\n    relecture d\u00e9ploie un imaginaire \u00e0 la fois d\u00e9cal\u00e9 et po\u00e9tique, avec des personnages r\u00e9invent\u00e9s et des dialogues subtilement modernis\u00e9s, pour faire r\u00e9sonner toutes la vivacit\u00e9 et l\u2019ironie des<br \/>\n    textes du XVIIe si\u00e8cle.\u00a0\n<\/p>\n<p>\n    \u00a0\n<\/p>\n<p class=\"MsoNormal\" style=\"margin-bottom: 0cm; line-height: normal;\">\n    Sur plus de 1000 m2, les visiteurs sont plong\u00e9s dans une sc\u00e9nographie luxuriante, des installations et des d\u00e9cors saisissants, des effets sp\u00e9ciaux et des technologies immersives de pointe, ainsi<br \/>\n    qu\u2019une grande vari\u00e9t\u00e9 de jeux interactifs.\u00a0\n<\/p>\n<p>\n    \u00a0\n<\/p>\n<p class=\"MsoNormal\" style=\"margin-bottom: 0cm; line-height: normal;\">\n    De grands com\u00e9diens de la sc\u00e8ne fran\u00e7aise sont \u00e0 retrouver, notamment Laurent Stocker de la Com\u00e9die-Fran\u00e7aise, Alexandre Astier,\n<\/p>\n<p class=\"MsoNormal\" style=\"margin-bottom: 0cm; line-height: normal;\">\n    Arielle Dombasle, Charles Berling et Marie S\u2019Infiltre. La direction musicale est quant \u00e0 elle r\u00e9alis\u00e9e par le collectif Bon Entendeur, pour un voyage visuel et auditif fabuleux.\u00a0\n<\/p>\n<p>\n    \u00a0\n<\/p>\n<p class=\"MsoNormal\" style=\"margin-bottom: 0cm; line-height: normal;\">\n    L\u2019exposition s\u2019adresse \u00e0 tous les publics, offrant une lecture in\u00e9dite et accessible de ce patrimoine litt\u00e9raire \u00e0 travers un parcours 100% ludique, p\u00e9dagogique et immersif.\u00a0\u00a0\n<\/p>\n<p>\n    \u00a0\n<\/p>\n<p class=\"MsoNormal\" style=\"margin-bottom: 0cm; text-align: center; line-height: normal;\" align=\"center\">\n    <strong>Infos pratiques<\/strong>\u00a0\n<\/p>\n<p>\n    \u00a0\n<\/p>\n<p class=\"MsoNormal\" style=\"margin-bottom: 0cm; line-height: normal;\">\n    <strong>Cit\u00e9 Immersive des Fables. 5 Rue de Berri Paris 8e.\u00a0L&rsquo;exposition est accessible en parking : soit Berri &#8211; Champs-\u00c9lys\u00e9es (Interparking)<\/strong>\n<\/p>\n<p class=\"MsoNormal\" style=\"margin-bottom: 0cm; line-height: normal;\">\n    <strong>ou George V (Indigo).<\/strong>\u00a0\n<\/p>\n<p>\n    \u00a0\n<\/p>\n<p class=\"MsoNormal\" style=\"margin-bottom: 0cm; line-height: normal;\">\n    <strong>Horaires : Mardi : 14h00 &#8211; 19h30 (derni\u00e8re entr\u00e9e \u00e0 18h00). Mercredi &#8211; Dimanche : 10h30 &#8211; 19h30 (derni\u00e8re entr\u00e9e 18h00).<\/strong>\u00a0\n<\/p>\n<p class=\"MsoNormal\" style=\"margin-bottom: 0cm; line-height: normal;\">\n    <strong>Dur\u00e9e : La visite dure 1h30.<\/strong>\n<\/p>\n<p class=\"MsoNormal\" style=\"margin-bottom: 0cm; line-height: normal;\">\n    <strong>Location : 5 Rue de Berri, 75 008 Paris.<\/strong>\u00a0\n<\/p>\n<p class=\"MsoNormal\" style=\"margin-bottom: 0cm; line-height: normal;\">\n    <strong>\u00c2ge : Ouvert \u00e0 tous (gratuit pour les enfants de moins de 6 ans).<\/strong>\u00a0\n<\/p>\n<p class=\"MsoNormal\" style=\"margin-bottom: 0cm; line-height: normal;\">\n    <strong>Accessibilit\u00e9 : Accessible PMR.<\/strong>\u00a0\n<\/p>\n<p class=\"MsoNormal\" style=\"margin-bottom: 0cm; line-height: normal;\">\n    <strong>Prix : Adulte : \u00e0 partir de 19,90\u20ac. Jeune (6 \u00e0 17 ans) : \u00e0 partir de 13.90\u20ac. Enfant (- 6 ans) : gratuit.\u00a0Billetterie ouverte <a href=\"https:\/\/feverup.com\/m\/391266?cp_landing=cta_hero&amp;cp_landing_term=cta_hero&amp;cp_landing_source=fables.cites-immersives&amp;utm_source=direct\" target=\"_blank\" title=\"https:\/\/feverup.com\/m\/391266?cp_landing=cta_hero&amp;cp_landing_term=cta_hero&amp;cp_landing_source=fables.cites-immersives&amp;utm_source=direct\" style=\"color: #ff9900;\" rel=\"nofollow noopener\">ici<\/a><br \/>\n    !<\/strong><\/p>\n","protected":false},"excerpt":{"rendered":"\u00a0 \u00a0 \u00a0 Paris accueille, d\u00e8s samedi 6 septembre dans le tr\u00e8s chic 8e arrondissement, une exposition spectaculaire&hellip;\n","protected":false},"author":2,"featured_media":366432,"comment_status":"","ping_status":"","sticky":false,"template":"","format":"standard","meta":{"footnotes":""},"categories":[9587],"tags":[1111,11,1777,674,1011,27,12,5161,25,9590],"class_list":{"0":"post-366431","1":"post","2":"type-post","3":"status-publish","4":"format-standard","5":"has-post-thumbnail","7":"category-rouen","8":"tag-actu","9":"tag-actualites","10":"tag-eu","11":"tag-europe","12":"tag-fr","13":"tag-france","14":"tag-news","15":"tag-normandie","16":"tag-republique-francaise","17":"tag-rouen"},"share_on_mastodon":{"url":"https:\/\/pubeurope.com\/@fr\/115147714411035300","error":""},"_links":{"self":[{"href":"https:\/\/www.europesays.com\/fr\/wp-json\/wp\/v2\/posts\/366431","targetHints":{"allow":["GET"]}}],"collection":[{"href":"https:\/\/www.europesays.com\/fr\/wp-json\/wp\/v2\/posts"}],"about":[{"href":"https:\/\/www.europesays.com\/fr\/wp-json\/wp\/v2\/types\/post"}],"author":[{"embeddable":true,"href":"https:\/\/www.europesays.com\/fr\/wp-json\/wp\/v2\/users\/2"}],"replies":[{"embeddable":true,"href":"https:\/\/www.europesays.com\/fr\/wp-json\/wp\/v2\/comments?post=366431"}],"version-history":[{"count":0,"href":"https:\/\/www.europesays.com\/fr\/wp-json\/wp\/v2\/posts\/366431\/revisions"}],"wp:featuredmedia":[{"embeddable":true,"href":"https:\/\/www.europesays.com\/fr\/wp-json\/wp\/v2\/media\/366432"}],"wp:attachment":[{"href":"https:\/\/www.europesays.com\/fr\/wp-json\/wp\/v2\/media?parent=366431"}],"wp:term":[{"taxonomy":"category","embeddable":true,"href":"https:\/\/www.europesays.com\/fr\/wp-json\/wp\/v2\/categories?post=366431"},{"taxonomy":"post_tag","embeddable":true,"href":"https:\/\/www.europesays.com\/fr\/wp-json\/wp\/v2\/tags?post=366431"}],"curies":[{"name":"wp","href":"https:\/\/api.w.org\/{rel}","templated":true}]}}