{"id":366433,"date":"2025-09-04T19:37:14","date_gmt":"2025-09-04T19:37:14","guid":{"rendered":"https:\/\/www.europesays.com\/fr\/366433\/"},"modified":"2025-09-04T19:37:14","modified_gmt":"2025-09-04T19:37:14","slug":"interpelle-a-rouen-le-chauffard-etait-recherche-depuis-plus-de-huit-mois-apres-un-accident-pres-de-mantes-la-jolie","status":"publish","type":"post","link":"https:\/\/www.europesays.com\/fr\/366433\/","title":{"rendered":"Interpell\u00e9 \u00e0 Rouen, le chauffard \u00e9tait recherch\u00e9 depuis plus de huit mois apr\u00e8s un accident pr\u00e8s de Mantes-la-Jolie"},"content":{"rendered":"<p>\n\t\t\t\t\t Les faits, qui remontent au 17 d\u00e9cembre 2024, avaient marqu\u00e9 les esprits dans les Yvelines.\u00a0Le mis en cause, un jeune homme de 19 ans domicili\u00e9 \u00e0 Mont-Saint-Aignan, dans la m\u00e9tropole de Rouen (Seine-Maritime) et d\u00e9j\u00e0 connu des services de police, avait pris la fuite apr\u00e8s un accident spectaculaire avenue de la Durance \u00e0 Buchelay, pr\u00e8s de Mantes-la-Jolie.\n\t\t\t\t <\/p>\n","protected":false},"excerpt":{"rendered":"Les faits, qui remontent au 17 d\u00e9cembre 2024, avaient marqu\u00e9 les esprits dans les Yvelines.\u00a0Le mis en cause,&hellip;\n","protected":false},"author":2,"featured_media":366434,"comment_status":"","ping_status":"","sticky":false,"template":"","format":"standard","meta":{"footnotes":""},"categories":[9587],"tags":[1111,11,1777,674,1011,27,1934,12,5161,25,9590,5163],"class_list":{"0":"post-366433","1":"post","2":"type-post","3":"status-publish","4":"format-standard","5":"has-post-thumbnail","7":"category-rouen","8":"tag-actu","9":"tag-actualites","10":"tag-eu","11":"tag-europe","12":"tag-fr","13":"tag-france","14":"tag-infos-locales","15":"tag-news","16":"tag-normandie","17":"tag-republique-francaise","18":"tag-rouen","19":"tag-seine-maritime"},"share_on_mastodon":{"url":"https:\/\/pubeurope.com\/@fr\/115147718429308591","error":""},"_links":{"self":[{"href":"https:\/\/www.europesays.com\/fr\/wp-json\/wp\/v2\/posts\/366433","targetHints":{"allow":["GET"]}}],"collection":[{"href":"https:\/\/www.europesays.com\/fr\/wp-json\/wp\/v2\/posts"}],"about":[{"href":"https:\/\/www.europesays.com\/fr\/wp-json\/wp\/v2\/types\/post"}],"author":[{"embeddable":true,"href":"https:\/\/www.europesays.com\/fr\/wp-json\/wp\/v2\/users\/2"}],"replies":[{"embeddable":true,"href":"https:\/\/www.europesays.com\/fr\/wp-json\/wp\/v2\/comments?post=366433"}],"version-history":[{"count":0,"href":"https:\/\/www.europesays.com\/fr\/wp-json\/wp\/v2\/posts\/366433\/revisions"}],"wp:featuredmedia":[{"embeddable":true,"href":"https:\/\/www.europesays.com\/fr\/wp-json\/wp\/v2\/media\/366434"}],"wp:attachment":[{"href":"https:\/\/www.europesays.com\/fr\/wp-json\/wp\/v2\/media?parent=366433"}],"wp:term":[{"taxonomy":"category","embeddable":true,"href":"https:\/\/www.europesays.com\/fr\/wp-json\/wp\/v2\/categories?post=366433"},{"taxonomy":"post_tag","embeddable":true,"href":"https:\/\/www.europesays.com\/fr\/wp-json\/wp\/v2\/tags?post=366433"}],"curies":[{"name":"wp","href":"https:\/\/api.w.org\/{rel}","templated":true}]}}