{"id":366435,"date":"2025-09-04T19:38:33","date_gmt":"2025-09-04T19:38:33","guid":{"rendered":"https:\/\/www.europesays.com\/fr\/366435\/"},"modified":"2025-09-04T19:38:33","modified_gmt":"2025-09-04T19:38:33","slug":"maj-sncf-le-trafic-des-trains-ter-reprend-sur-laxe-lyon-grenoble","status":"publish","type":"post","link":"https:\/\/www.europesays.com\/fr\/366435\/","title":{"rendered":"[MAJ] SNCF : le trafic des trains TER reprend sur l&rsquo;axe Lyon-Grenoble"},"content":{"rendered":"<p>Un temps interrompu ce jeudi matin, 4 septembre, le trafic ferroviaire a repris sur la ligne Lyon-Grenoble. Cons\u00e9quence d&rsquo;un accident entre Bourgoin-Jallieu et L&rsquo;Isle-d&rsquo;Abeau, en Is\u00e8re.<\/p>\n<p><b>Mise \u00e0 jour \u00e0 11h40 :<\/b><\/p>\n<p>La SNCF informe de la <b>reprise progressive de la circulation<\/b>\u00a0sur l&rsquo;axe <b>Lyon-Grenoble<\/b>, dans les deux sens.\u00a0<\/p>\n<p>Par ailleurs, selon le <a class=\"url\" href=\"https:\/\/c.ledauphine.com\/faits-divers-justice\/2025\/09\/04\/une-femme-percutee-par-un-train-le-trafic-a-l-arret\" target=\"_blank\" rel=\"noopener\">Dauphin\u00e9 Lib\u00e9r\u00e9<\/a>, la personne percut\u00e9e par un train est une <b>femme<\/b>. Elle n&rsquo;a pas surv\u00e9cu au choc.<br \/><b><br \/><\/b><\/p>\n<p><b><br \/><\/b><br \/><b><br \/><\/b><br \/><b>Article initial \u00e0 9h55:<\/b><\/p>\n<p>Les <b>trains<\/b>\u00a0<b>TER <\/b>ne circulent plus ce jeudi matin sur l&rsquo;axe <b>Lyon-Grenoble<\/b>. La circulation est interrompue dans les deux sens \u00e0 cause d&rsquo;un accident survenu entre <b>Bourgoin-Jallieu<\/b> et <b>L&rsquo;Isle-d&rsquo;Abeau<\/b>.\u00a0<\/p>\n<p>Selon la <b>SNCF<\/b>, un train a percut\u00e9 une personne.\u00a0<\/p>\n<p>La reprise du trafic estim\u00e9e \u00e0 12h<\/p>\n<p>Ses \u00e9quipes sont donc en cours d&rsquo;intervention. La reprise du trafic est estim\u00e9e \u00e0 <b>12h<\/b>.<br \/><img loading=\"lazy\" decoding=\"async\" src=\"https:\/\/www.europesays.com\/fr\/wp-content\/uploads\/2025\/09\/1757014713_200_img\" width=\"350\" height=\"200\" border=\"0\" title=\"Des orages dans la r\u00c3\u00a9gion\"\/><\/p>\n<p>\u25baM\u00e9t\u00e9o<\/p>\n<p style=\"font-size: 22px;\"><b>Auvergne-Rh\u00f4ne-Alpes : la vigilance orange aux orages activ\u00e9e<\/b><\/p>\n<p>La vigilance orange aux orages est activ\u00e9e ce jeudi&#8230;<\/p>\n<p>s<br \/>\n    <\/p>\n","protected":false},"excerpt":{"rendered":"Un temps interrompu ce jeudi matin, 4 septembre, le trafic ferroviaire a repris sur la ligne Lyon-Grenoble. Cons\u00e9quence&hellip;\n","protected":false},"author":2,"featured_media":366436,"comment_status":"","ping_status":"","sticky":false,"template":"","format":"standard","meta":{"footnotes":""},"categories":[9566],"tags":[119,1111,11,2430,12919,1777,674,1011,27,2731,15583,45536,2428,12,25,9844,2215,1097,926],"class_list":{"0":"post-366435","1":"post","2":"type-post","3":"status-publish","4":"format-standard","5":"has-post-thumbnail","7":"category-grenoble","8":"tag-accident","9":"tag-actu","10":"tag-actualites","11":"tag-auvergne-rhone-alpes","12":"tag-bourgoin-jallieu","13":"tag-eu","14":"tag-europe","15":"tag-fr","16":"tag-france","17":"tag-grenoble","18":"tag-isre","19":"tag-lisle-dabeau","20":"tag-lyon","21":"tag-news","22":"tag-republique-francaise","23":"tag-rhne","24":"tag-sncf","25":"tag-trafic","26":"tag-train"},"share_on_mastodon":{"url":"https:\/\/pubeurope.com\/@fr\/115147722693684654","error":""},"_links":{"self":[{"href":"https:\/\/www.europesays.com\/fr\/wp-json\/wp\/v2\/posts\/366435","targetHints":{"allow":["GET"]}}],"collection":[{"href":"https:\/\/www.europesays.com\/fr\/wp-json\/wp\/v2\/posts"}],"about":[{"href":"https:\/\/www.europesays.com\/fr\/wp-json\/wp\/v2\/types\/post"}],"author":[{"embeddable":true,"href":"https:\/\/www.europesays.com\/fr\/wp-json\/wp\/v2\/users\/2"}],"replies":[{"embeddable":true,"href":"https:\/\/www.europesays.com\/fr\/wp-json\/wp\/v2\/comments?post=366435"}],"version-history":[{"count":0,"href":"https:\/\/www.europesays.com\/fr\/wp-json\/wp\/v2\/posts\/366435\/revisions"}],"wp:featuredmedia":[{"embeddable":true,"href":"https:\/\/www.europesays.com\/fr\/wp-json\/wp\/v2\/media\/366436"}],"wp:attachment":[{"href":"https:\/\/www.europesays.com\/fr\/wp-json\/wp\/v2\/media?parent=366435"}],"wp:term":[{"taxonomy":"category","embeddable":true,"href":"https:\/\/www.europesays.com\/fr\/wp-json\/wp\/v2\/categories?post=366435"},{"taxonomy":"post_tag","embeddable":true,"href":"https:\/\/www.europesays.com\/fr\/wp-json\/wp\/v2\/tags?post=366435"}],"curies":[{"name":"wp","href":"https:\/\/api.w.org\/{rel}","templated":true}]}}