{"id":366437,"date":"2025-09-04T19:39:11","date_gmt":"2025-09-04T19:39:11","guid":{"rendered":"https:\/\/www.europesays.com\/fr\/366437\/"},"modified":"2025-09-04T19:39:11","modified_gmt":"2025-09-04T19:39:11","slug":"deux-roumains-mis-hors-de-cause","status":"publish","type":"post","link":"https:\/\/www.europesays.com\/fr\/366437\/","title":{"rendered":"deux Roumains mis hors de cause"},"content":{"rendered":"<p>Quelques jours apr\u00e8s l\u2019\u00e9\u00admoi sus\u00adcit\u00e9 par l\u2019<a href=\"https:\/\/www.placegrenet.fr\/2025\/09\/02\/un-jeune-boulanger-poignarde-a-grenoble-au-petit-matin-au-cours-dune-rixe-ayant-suivi-un-vol-de-pain\/658650\" rel=\"nofollow noopener\" target=\"_blank\">agres\u00adsion au cou\u00adteau d\u2019un jeune bou\u00adlan\u00adger<\/a> rue Amp\u00e8re \u00e0 Grenoble le lundi 1er sep\u00adtembre 2025, l\u2019en\u00adqu\u00eate sem\u00adblait avoir pro\u00adgress\u00e9\u2026 avant de fina\u00adle\u00adment reve\u00adnir \u00e0 la case d\u00e9part. Deux sus\u00adpects avaient en effet \u00e9t\u00e9 inter\u00adpel\u00adl\u00e9s le mer\u00adcredi 3\u00a0sep\u00adtembre pour \u00eatre inter\u00adro\u00adg\u00e9s, la vic\u00adtime ayant cru recon\u00adna\u00eetre ses agres\u00adseurs dans une phar\u00adma\u00adcie. Mais le len\u00adde\u00admain, ces deux per\u00adsonnes ont \u00e9t\u00e9 mises hors de cause, a rap\u00adport\u00e9 le pro\u00adcu\u00adreur de la R\u00e9publique de Grenoble \u00c9tienne Manteaux au <a href=\"https:\/\/c.ledauphine.com\/faits-divers-justice\/2025\/09\/04\/isere-grenoble-boulanger-poignarde-les-deux-suspects-mis-hors-de-cause\" target=\"_blank\" rel=\"noopener nofollow\">Dauphin\u00e9 lib\u00e9r\u00e9<\/a>.<\/p>\n<p>Les d\u00e9cla\u00adra\u00adtions de la vic\u00adtime, \u00ab\u00a0sans doute encore sous le choc et fati\u00adgu\u00e9e\u00a0\u00bb, a pr\u00e9\u00adcis\u00e9 le pro\u00adcu\u00adreur, \u00e9taient en effet contra\u00addic\u00adtoires avec les pre\u00admiers \u00e9l\u00e9\u00adments qu\u2019elle avait pu don\u00adner aux enqu\u00ea\u00adteurs. En effet, le jeune bou\u00adlan\u00adger avait d\u00e9crit ses agres\u00adseurs comme des per\u00adsonnes de type magh\u00adr\u00e9\u00adbin et par\u00adlant arabe, alors que les deux per\u00adsonnes inter\u00adpel\u00adl\u00e9es sont de natio\u00adna\u00adlit\u00e9 rou\u00admaine. Au moment de les iden\u00adti\u00adfier, il a fina\u00adle\u00adment juste \u201creconnu\u201d un seul des deux hommes\u2026 dont le t\u00e9l\u00e9\u00adphone d\u00e9montre qu\u2019il n\u2019\u00e9\u00adtait pas en France au moment des\u00a0faits.<\/p>\n<p><a href=\"https:\/\/www.europesays.com\/fr\/wp-content\/uploads\/2025\/09\/Squat-rue-Polotti-9.jpg\" target=\"_blank\" rel=\"noopener\"><img fetchpriority=\"high\" decoding=\"async\" aria-describedby=\"caption-attachment-591012\" class=\"wp-image-591012 size-full\" src=\"data:image\/svg+xml,%3Csvg%20xmlns=\" http:=\"\" alt=\"Le campement rue Polotti \u00e0 Grenoble. Les deux suspects interpel\u00e9s dans le cadre de l'agression du boulanger grenoblois le 1er septembre r\u00e9sident dans le campement, dont le groupe Soci\u00e9t\u00e9 civile a imm\u00e9diatement (re)demand\u00e9 le d\u00e9mant\u00e8lement. Avant que les deux hommes ne soient finalement mis hors de cause. DR\" width=\"1932\" height=\"1449\" data-lazy- data-lazy- data-lazy-src=\"https:\/\/www.europesays.com\/fr\/wp-content\/uploads\/2025\/09\/Squat-rue-Polotti-9.jpg\"\/><\/a><\/p>\n<p id=\"caption-attachment-591012\" class=\"wp-caption-text\">Les deux sus\u00adpects inter\u00adpe\u00adl\u00e9s dans le cadre de l\u2019a\u00adgres\u00adsion du bou\u00adlan\u00adger gre\u00adno\u00adblois le 1er sep\u00adtembre 2025 r\u00e9sident dans le cam\u00adpe\u00adment rue Polotti \u00e0 Grenoble dont le groupe Soci\u00e9t\u00e9 civile a imm\u00e9\u00addia\u00adte\u00adment (re)demand\u00e9 le d\u00e9man\u00adt\u00e8\u00adle\u00adment. Avant que les deux hommes ne soient fina\u00adle\u00adment mis hors de cause. DR<\/p>\n<p>Le groupe d\u2019op\u00adpo\u00adsi\u00adtion gre\u00adno\u00adblois Soci\u00e9t\u00e9 civile, men\u00e9 par Alain Carignon, est d\u00e8s lors all\u00e9 un peu vite en besogne en rap\u00adpor\u00adtant, le 4 sep\u00adtembre vers 14\u00a0heures, que \u00ab\u00a0la vio\u00adlente agres\u00adsion du jeune bou\u00adlan\u00adger \u00e9ma\u00adnait d\u2019occupants du squat de la rue Polotti\u00a0\u00bb. Ceci pour mieux rendre \u00ab\u00a0res\u00adpon\u00adsable\u00a0\u00bb du fait divers la muni\u00adci\u00adpa\u00adlit\u00e9, accu\u00ads\u00e9e de demeu\u00adrer silen\u00adcieuse quand les habi\u00adtants \u00ab\u00a0demandent l\u2019\u00e9vacuation de ce camp qui pol\u00adlue, met en dan\u00adger la vie des habi\u00adtants par les risques d\u2019incendie\u00a0\u00bb.<\/p>\n<p>\u00ab\u00a0Avec cette agres\u00adsion qui aurait pu \u00eatre mor\u00adtelle, Grenoble vit le m\u00eame dan\u00adger que celui du camp de la rue des Alli\u00e9s sur un ter\u00adrain muni\u00adci\u00adpal, jamais \u00e9va\u00adcu\u00e9 par la ville, <a href=\"https:\/\/www.placegrenet.fr\/2025\/03\/26\/incendie-de-lentrepot-richardson-en-2021-la-ville-de-grenoble-a-presente-la-douloureuse-en-conseil-municipal\/649211\" rel=\"nofollow noopener\" target=\"_blank\">qui a donn\u00e9 lieu \u00e0 un incen\u00addie cri\u00admi\u00adnel<\/a> d\u00e9cid\u00e9 par la mafia parce qu\u2019un des occu\u00adpants n\u2019avait pas pay\u00e9 son \u201cloyer\u201d\u00a0\u00bb, pour\u00adsui\u00advaient les \u00e9lus d\u2019op\u00adpo\u00adsi\u00adtion.\u00a0Et ceux-ci de deman\u00adder \u00e0 la Ville de d\u00e9man\u00adte\u00adler le camp rue Polotti, \u00ab\u00a0car elle est, par son main\u00adtien, res\u00adpon\u00adsable de l\u2019agression du jeune bou\u00adlan\u00adger de la rue Amp\u00e8re\u00a0\u00bb.<\/p>\n<p>Les deux sus\u00adpects y r\u00e9si\u00addant ayant entre temps \u00e9t\u00e9 blan\u00adchis, le groupe d\u2019op\u00adpo\u00adsi\u00adtion a tou\u00adte\u00adfois ren\u00advoy\u00e9 un com\u00admu\u00adni\u00adqu\u00e9 peu avant 20 heures le jour m\u00eame. \u00ab\u00a0L\u2018information selon laquelle le bou\u00adlan\u00adger vic\u00adtime de l\u2019agression au cou\u00adteau aurait fait une confu\u00adsion en croyant recon\u00adna\u00eetre ses agres\u00adseurs n\u2019exon\u00e8re en rien la muni\u00adci\u00adpa\u00adlit\u00e9 qui laisse per\u00addu\u00adrer le squat Polotti avec tous les dan\u00adgers qu\u2019il fait cou\u00adrir aux rive\u00adrains et \u00e0 la d\u00e9gra\u00adda\u00adtion de l\u2019espace public auquel il par\u00adti\u00adcipe\u00a0\u00bb, y affirme le groupe, qui r\u00e9it\u00e8re sa demande \u00e0 la muni\u00adci\u00adpa\u00adlit\u00e9 de mettre fin \u00e0 ce squat.\u00a0<\/p>\n","protected":false},"excerpt":{"rendered":"Quelques jours apr\u00e8s l\u2019\u00e9\u00admoi sus\u00adcit\u00e9 par l\u2019agres\u00adsion au cou\u00adteau d\u2019un jeune bou\u00adlan\u00adger rue Amp\u00e8re \u00e0 Grenoble le lundi&hellip;\n","protected":false},"author":2,"featured_media":286744,"comment_status":"","ping_status":"","sticky":false,"template":"","format":"standard","meta":{"footnotes":""},"categories":[9566],"tags":[1111,11,2430,1777,674,1011,27,2731,12,25],"class_list":{"0":"post-366437","1":"post","2":"type-post","3":"status-publish","4":"format-standard","5":"has-post-thumbnail","7":"category-grenoble","8":"tag-actu","9":"tag-actualites","10":"tag-auvergne-rhone-alpes","11":"tag-eu","12":"tag-europe","13":"tag-fr","14":"tag-france","15":"tag-grenoble","16":"tag-news","17":"tag-republique-francaise"},"share_on_mastodon":{"url":"https:\/\/pubeurope.com\/@fr\/115147726404932607","error":""},"_links":{"self":[{"href":"https:\/\/www.europesays.com\/fr\/wp-json\/wp\/v2\/posts\/366437","targetHints":{"allow":["GET"]}}],"collection":[{"href":"https:\/\/www.europesays.com\/fr\/wp-json\/wp\/v2\/posts"}],"about":[{"href":"https:\/\/www.europesays.com\/fr\/wp-json\/wp\/v2\/types\/post"}],"author":[{"embeddable":true,"href":"https:\/\/www.europesays.com\/fr\/wp-json\/wp\/v2\/users\/2"}],"replies":[{"embeddable":true,"href":"https:\/\/www.europesays.com\/fr\/wp-json\/wp\/v2\/comments?post=366437"}],"version-history":[{"count":0,"href":"https:\/\/www.europesays.com\/fr\/wp-json\/wp\/v2\/posts\/366437\/revisions"}],"wp:featuredmedia":[{"embeddable":true,"href":"https:\/\/www.europesays.com\/fr\/wp-json\/wp\/v2\/media\/286744"}],"wp:attachment":[{"href":"https:\/\/www.europesays.com\/fr\/wp-json\/wp\/v2\/media?parent=366437"}],"wp:term":[{"taxonomy":"category","embeddable":true,"href":"https:\/\/www.europesays.com\/fr\/wp-json\/wp\/v2\/categories?post=366437"},{"taxonomy":"post_tag","embeddable":true,"href":"https:\/\/www.europesays.com\/fr\/wp-json\/wp\/v2\/tags?post=366437"}],"curies":[{"name":"wp","href":"https:\/\/api.w.org\/{rel}","templated":true}]}}