{"id":366438,"date":"2025-09-04T19:40:20","date_gmt":"2025-09-04T19:40:20","guid":{"rendered":"https:\/\/www.europesays.com\/fr\/366438\/"},"modified":"2025-09-04T19:40:20","modified_gmt":"2025-09-04T19:40:20","slug":"pourquoi-continue-t-elle-regulierement-de-tomber-en-panne","status":"publish","type":"post","link":"https:\/\/www.europesays.com\/fr\/366438\/","title":{"rendered":"pourquoi continue-t-elle r\u00e9guli\u00e8rement de tomber en panne\u00a0?"},"content":{"rendered":"<p>            Par<br \/>\n        <strong><br \/>\n            <a href=\"https:\/\/actu.fr\/auteur\/brian-legoff\" title=\"Consulter tous les articles de Brian Le Goff\" target=\"_blank\" rel=\"noopener\">Brian Le Goff<\/a><br \/>\n        <\/strong><\/p>\n<p>        Publi\u00e9 le<\/p>\n<p>            4 sept. 2025 \u00e0 16h41        <\/p>\n<p>La <strong>ligne B<\/strong> du <a href=\"https:\/\/actu.fr\/tag\/metro-de-rennes\" target=\"_blank\" rel=\"noopener\">m\u00e9tro \u00e0 Rennes<\/a> est-elle <strong>maudite ?<\/strong> <a href=\"https:\/\/actu.fr\/bretagne\/rennes_35238\/ligne-b-du-metro-a-rennes-pourquoi-c-etait-si-long-retour-sur-10-dates-cles_53846267.html\" target=\"_blank\" rel=\"noopener\">Apr\u00e8s des ann\u00e9es de retard<\/a>, cette seconde ligne avait ouvert <a href=\"https:\/\/actu.fr\/bretagne\/rennes_35238\/direct-ligne-b-du-metro-a-rennes-suivez-en-direct-le-depart-de-la-premiere-rame_53895007.html\" target=\"_blank\" rel=\"noopener\">le 20 septembre 2022<\/a>. Mais, <strong>apr\u00e8s un an et trois mois d\u2019exploitation,<\/strong> la <a href=\"https:\/\/actu.fr\/bretagne\/rennes_35238\/panne-de-la-ligne-b-du-metro-c-est-quoi-ce-batiment-ou-l-incendie-s-est-declare_60361563.html\" target=\"_blank\" rel=\"noopener\">casse d\u2019une pi\u00e8ce et l\u2019incendie<\/a> qui a suivi l\u2019avait forc\u00e9e <strong>\u00e0 l\u2019arr\u00eat<\/strong> pendant environ un mois entre novembre et d\u00e9cembre 2023. Le 3 janvier 2024, moins de deux semaines apr\u00e8s sa remise en service, un nouvel incident allait entra\u00eener un <strong>second arr\u00eat de la ligne<\/strong>, cette fois-ci, pour <a href=\"https:\/\/actu.fr\/bretagne\/rennes_35238\/direct-ligne-b-du-metro-a-rennes-notre-premiere-visite-du-garage-atelier-depuis-la-panne_60866325.html\" target=\"_blank\" rel=\"noopener\">pr\u00e8s de six mois<\/a>.<\/p>\n<p class=\" wall-content\">Les rames du Cityval, nouvelle g\u00e9n\u00e9ration de m\u00e9tro du constructeur Siemens d\u00e9ploy\u00e9 dans la capitale bretonne, ont repris leur circulation <a href=\"https:\/\/actu.fr\/bretagne\/rennes_35238\/rennes-on-sait-quand-va-rouvrir-la-ligne-b-du-metro-apres-son-panne-de-plusieurs-mois_61224672.html\" target=\"_blank\" rel=\"noopener\">le 21 juin 2024<\/a>. Depuis, aucune panne majeure n\u2019a \u00e9t\u00e9 signal\u00e9e. Pour autant, la ligne B continue de tomber en panne r\u00e9guli\u00e8rement <strong>pour une dur\u00e9e d\u2019une \u00e0 deux heures en moyenne.<\/strong><\/p>\n<p>Entre 2 et 5 pannes par mois en moyenne<\/p>\n<p class=\" wall-content\">Lors d\u2019une conf\u00e9rence de presse il y a quelques jours, Ronan Kerloc\u2019h, directeur g\u00e9n\u00e9ral, est revenu sur les probl\u00e8mes persistants.<\/p>\n<p class=\" wall-content\">Dans les faits,<strong> actu Rennes avait inform\u00e9 sur diverses pannes, depuis un an :<\/strong> <a href=\"https:\/\/actu.fr\/bretagne\/rennes_35238\/nouvelle-panne-sur-la-ligne-b-du-metro-a-rennes-voici-ce-qu-il-s-est-passe_61739121.html\" target=\"_blank\" rel=\"noopener\">lundi 14 octobre 2024<\/a>, <a href=\"https:\/\/actu.fr\/bretagne\/rennes_35238\/panne-sur-la-ligne-b-du-metro-a-rennes-le-trafic-a-l-arret-ce-mercredi-16-octobre_61746249.html\" target=\"_blank\" rel=\"noopener\">mercredi 16 octobre<\/a>, <a href=\"https:\/\/actu.fr\/bretagne\/rennes_35238\/metro-a-rennes-trafic-stoppe-et-circulation-ralentie-voici-pourquoi-la-ligne-b-a-ete-a-l-arret_61820968.html\" target=\"_blank\" rel=\"noopener\">lundi 4 novembre<\/a>, <a href=\"https:\/\/actu.fr\/bretagne\/rennes_35238\/rennes-la-ligne-b-du-metro-une-nouvelle-fois-a-l-arret-ce-vendredi_61903309.html\" target=\"_blank\" rel=\"noopener\">vendredi 22 novembre<\/a>, <a href=\"https:\/\/actu.fr\/bretagne\/rennes_35238\/ligne-b-du-metro-a-rennes-le-trafic-est-interrompu-voici-le-temps-estime-de-la-panne_62161183.html\" target=\"_blank\" rel=\"noopener\">vendredi 24 janvier 2025<\/a>, <a href=\"https:\/\/actu.fr\/bretagne\/rennes_35238\/la-ligne-b-du-metro-a-rennes-a-l-arret-les-bus-relais-deployes_62439811.html\" target=\"_blank\" rel=\"noopener\">samedi 29 mars<\/a>, <a href=\"https:\/\/actu.fr\/bretagne\/rennes_35238\/a-rennes-les-deux-lignes-de-metro-en-panne-ce-vendredi-voici-pourquoi_62590775.html\" target=\"_blank\" rel=\"noopener\">vendredi 2 mai<\/a>, <a href=\"https:\/\/actu.fr\/bretagne\/rennes_35238\/panne-du-metro-a-rennes-la-ligne-b-interrompue-trois-rames-evacuees-en-pleine-voie-voici-la-raison_62967022.html\" target=\"_blank\" rel=\"noopener\">lundi 28 juillet<\/a>, <a href=\"https:\/\/actu.fr\/bretagne\/rennes_35238\/video-sympa-pour-la-rentree-la-ligne-b-du-metro-tombe-en-panne-toute-la-rame-est-evacuee_63102170.html\" target=\"_blank\" rel=\"noopener\">lundi 1\u1d49\u02b3 septembre<\/a>\u2026 Cette <strong>liste<\/strong> n\u2019est bien \u00e9videmment <strong>pas exhaustive<\/strong>.<\/p>\n<p class=\" wall-content\">Parmi tous ces arr\u00eats, celui qui revient le plus concerne <a href=\"https:\/\/actu.fr\/bretagne\/rennes_35238\/la-panne-de-la-ligne-b-du-metro-a-rennes-ce-vendredi-matin-est-due-a-l-usure-prematuree-d-une-piece_62161691.html\" target=\"_blank\" rel=\"noopener\"><strong>l\u2019usure pr\u00e9matur\u00e9e de l\u2019\u00e9lastom\u00e8re<\/strong> au niveau du galet de guidage<\/a>. Une pi\u00e8ce essentielle qui permet de r\u00e9duire le bruit et les vibrations. Un probl\u00e8me connu maintenant depuis les d\u00e9buts de la marche \u00e0 blanc du m\u00e9tro \u2013 <a href=\"https:\/\/actu.fr\/bretagne\/rennes_35238\/ligne-b-du-metro-a-rennes-qu-est-ce-qui-coince-encore-son-ouverture_50858884.html\" target=\"_blank\" rel=\"noopener\">il \u00e9tait m\u00eame \u00e0 l\u2019origine du d\u00e9calage de la toute premi\u00e8re mise en service publique en 2022<\/a>.<\/p>\n<blockquote class=\"ac-article-quote wall-content\">\n<p>70 % des arr\u00eats de la ligne sont li\u00e9s \u00e0 ce probl\u00e8me. Ce qui repr\u00e9sente entre 2 et 5 pannes par mois en moyenne. Si l&rsquo;on s&rsquo;affranchit des probl\u00e8mes rencontr\u00e9s et connus, on a taux de disponibilit\u00e9 de 99,8 %.<\/p>\n<p>    <strong>Ronan Kerloc&rsquo;h<\/strong><br \/>\n        Directeur g\u00e9n\u00e9ral de Keolis Rennes    <\/p><\/blockquote>\n<p class=\" wall-content\">Pour le patron du r\u00e9seau Star, <strong>\u00ab\u00a0la bonne nouvelle\u00a0\u00bb,<\/strong> c\u2019est que le probl\u00e8me est identifi\u00e9. \u00ab\u00a0Il est ennuyant en termes d\u2019exploitation, mais on est au travail. Il y a<strong> plusieurs solutions en cours de test<\/strong> et, dans quelques mois, on sera sorti de ce probl\u00e8me-l\u00e0\u00a0\u00bb, assure-t-il.<\/p>\n<p>Votre r\u00e9gion, votre actu !<\/p>\n<p>Recevez chaque jour les infos qui comptent pour vous.<\/p>\n<p>\t<a href=\"https:\/\/actu.fr\/newsletter\" class=\"ac-btn ac-btn--corner ac-btn--medium ac-btn--blue800\" target=\"_blank\" rel=\"noopener\">S&rsquo;incrire<\/a><br \/>\nUne nouvelle consigne en cas de panne<\/p>\n<p class=\" wall-content\">En attendant, Ronan Kerloc\u2019h a annonc\u00e9 qu\u2019une nouvelle consigne dans ces cas-l\u00e0 avait \u00e9t\u00e9 mise en place : \u00ab\u00a0Quand il s\u2019agit d\u2019un probl\u00e8me avec le galet de guidage, la rame <strong>va \u00e0 tr\u00e8s faible allure jusqu\u2019\u00e0 la prochaine station<\/strong> et lib\u00e8rent les usagers. \u00c7a permet de <strong>gagner 15 minutes<\/strong> d\u2019intervention en moyenne.\u00a0\u00bb<\/p>\n<p class=\" wall-content\">Les autres raisons des pannes sont souvent li\u00e9es \u00e0 <strong>des d\u00e9fauts d\u2019alimentation \u00e9lectrique<\/strong> ou <strong>de communication<\/strong> entre les rames et le PC m\u00e9tro.<\/p>\n<p>Pour l\u2019axe pivot, toujours un plan de maintenance accentu\u00e9<\/p>\n<p class=\" wall-content\">Enfin, en ce qui concerne la pi\u00e8ce, l\u2019axe pivot, qui avait cass\u00e9 et engendr\u00e9 la panne de plusieurs mois de la ligne B, Ronan Kerloc\u2019h d\u00e9voile que sa <a href=\"https:\/\/actu.fr\/bretagne\/rennes_35238\/ligne-b-du-metro-a-rennes-a-la-rentree-18-a-21-rames-en-marche-avec-toujours-une-surveillance-renforcee_61537048.html\" target=\"_blank\" rel=\"noopener\">surveillance renforc\u00e9e se poursuit<\/a>.<\/p>\n<blockquote class=\"ac-article-quote wall-content\">\n<p>\u00c0 l&rsquo;\u00e9poque, on avait \u00e9t\u00e9 autoris\u00e9 \u00e0 reprendre gr\u00e2ce \u00e0 un plan de maintenance accentu\u00e9. Au lieu d&rsquo;attendre 450 000 km pour v\u00e9rifier chaque pi\u00e8ce, on la v\u00e9rifie \u00e0 150 000 km. Et on continue \u00e0 constater une usure plus rapide que ce qui devait \u00eatre.<\/p>\n<p>    <strong>Ronan Kerloc&rsquo;h<\/strong><br \/>\n        Directeur g\u00e9n\u00e9ral de Keolis Rennes    <\/p><\/blockquote>\n<p class=\" wall-content\">Pour l\u2019heure, <strong>seuls des tests<\/strong> sur le <a href=\"https:\/\/actu.fr\/bretagne\/rennes_35238\/panne-de-la-ligne-b-du-metro-a-rennes-le-desserrement-d-un-ecrou-en-cause_60561639.html\" target=\"_blank\" rel=\"noopener\">couple de serrage de cet axe pivot<\/a> sont en cours, selon les explication du directeur g\u00e9n\u00e9ral de Keolis.<\/p>\n<p class=\" wall-content\">Personnalisez votre actualit\u00e9 en ajoutant vos villes et m\u00e9dias en favori avec <a href=\"https:\/\/moncompte.actu.fr\" title=\"D\u00e9couvez Mon Actu\" rel=\"nofollow noopener\" data-trk=\"{&quot;cta&quot;:{&quot;action&quot;:&quot;https:\\\/\\\/moncompte.actu.fr&quot;,&quot;category&quot;:&quot;mon compte&quot;,&quot;from&quot;:&quot;article footer&quot;,&quot;name&quot;:&quot;Mon actu&quot;,&quot;type&quot;:&quot;cta&quot;}}\" target=\"_blank\">Mon Actu<\/a>.<\/p>\n","protected":false},"excerpt":{"rendered":"Par Brian Le Goff Publi\u00e9 le 4 sept. 2025 \u00e0 16h41 La ligne B du m\u00e9tro \u00e0 Rennes&hellip;\n","protected":false},"author":2,"featured_media":366439,"comment_status":"","ping_status":"","sticky":false,"template":"","format":"standard","meta":{"footnotes":""},"categories":[2821],"tags":[1111,11,829,1777,674,1011,27,5000,12,584,25,5001,104],"class_list":{"0":"post-366438","1":"post","2":"type-post","3":"status-publish","4":"format-standard","5":"has-post-thumbnail","7":"category-rennes","8":"tag-actu","9":"tag-actualites","10":"tag-bretagne","11":"tag-eu","12":"tag-europe","13":"tag-fr","14":"tag-france","15":"tag-metro-de-rennes","16":"tag-news","17":"tag-rennes","18":"tag-republique-francaise","19":"tag-reseau-star","20":"tag-societe"},"share_on_mastodon":{"url":"https:\/\/pubeurope.com\/@fr\/115147730189001164","error":""},"_links":{"self":[{"href":"https:\/\/www.europesays.com\/fr\/wp-json\/wp\/v2\/posts\/366438","targetHints":{"allow":["GET"]}}],"collection":[{"href":"https:\/\/www.europesays.com\/fr\/wp-json\/wp\/v2\/posts"}],"about":[{"href":"https:\/\/www.europesays.com\/fr\/wp-json\/wp\/v2\/types\/post"}],"author":[{"embeddable":true,"href":"https:\/\/www.europesays.com\/fr\/wp-json\/wp\/v2\/users\/2"}],"replies":[{"embeddable":true,"href":"https:\/\/www.europesays.com\/fr\/wp-json\/wp\/v2\/comments?post=366438"}],"version-history":[{"count":0,"href":"https:\/\/www.europesays.com\/fr\/wp-json\/wp\/v2\/posts\/366438\/revisions"}],"wp:featuredmedia":[{"embeddable":true,"href":"https:\/\/www.europesays.com\/fr\/wp-json\/wp\/v2\/media\/366439"}],"wp:attachment":[{"href":"https:\/\/www.europesays.com\/fr\/wp-json\/wp\/v2\/media?parent=366438"}],"wp:term":[{"taxonomy":"category","embeddable":true,"href":"https:\/\/www.europesays.com\/fr\/wp-json\/wp\/v2\/categories?post=366438"},{"taxonomy":"post_tag","embeddable":true,"href":"https:\/\/www.europesays.com\/fr\/wp-json\/wp\/v2\/tags?post=366438"}],"curies":[{"name":"wp","href":"https:\/\/api.w.org\/{rel}","templated":true}]}}