{"id":366440,"date":"2025-09-04T19:41:28","date_gmt":"2025-09-04T19:41:28","guid":{"rendered":"https:\/\/www.europesays.com\/fr\/366440\/"},"modified":"2025-09-04T19:41:28","modified_gmt":"2025-09-04T19:41:28","slug":"cest-la-classe-quand-meme-cedric-villani-a-assure-son-premier-cours-a-luniversite-de-rennes","status":"publish","type":"post","link":"https:\/\/www.europesays.com\/fr\/366440\/","title":{"rendered":"\u00ab\u00a0C\u2019est la classe quand m\u00eame\u00a0\u00bb\u00a0: C\u00e9dric Villani a assur\u00e9 son premier cours \u00e0 l\u2019Universit\u00e9 de Rennes"},"content":{"rendered":"<p>Le jour de la rentr\u00e9e, il est tr\u00e8s rare de voir les \u00e9l\u00e8ves demander un selfie avec leur prof. C\u2019est pourtant ce qui s\u2019est pass\u00e9 ce jeudi 4 septembre 2025 devant un amphith\u00e9\u00e2tre de l\u2019universit\u00e9 de Rennes. Car \u00e0 13 h 15, c\u2019est C\u00e9dric Villani, laur\u00e9at de la m\u00e9daille Fields (l\u2019\u00e9quivalent du prix Nobel de math\u00e9matiques) en 2010 et ancien d\u00e9put\u00e9 (2017-2022) qui s\u2019appr\u00eate \u00e0 faire cours aux \u00e9tudiants de Licence 3 de l\u2019\u00c9cole normale sup\u00e9rieure. Sammy, \u00e9tudiant en Master 1 math\u00e9matiques, est de ceux-l\u00e0. Et ne peut cacher une certaine \u00e9motion. \u00ab Je suis comme un fou. C\u2019est gr\u00e2ce \u00e0 lui et \u00e0 ses vid\u00e9os sur internet que j\u2019ai continu\u00e9 \u00e0 \u00e9tudier les math\u00e9matiques. Je n\u2019avais pas de tr\u00e8s bonnes notes en Terminale et lui disait qu\u2019il suffisait de travailler. \u00bb<\/p>\n<p>\u00ab Il faut avouer que c\u2019est la classe \u00bb<\/p>\n<p>D\u2019autres sont arriv\u00e9s plus de trois quarts d\u2019heure avant le d\u00e9but du cours. Comme Louise, Arthur et Valentin. \u00ab On voulait avoir une bonne place, dans les deux premiers rangs. Il nous impressionne quand m\u00eame. Ma m\u00e8re n\u2019y conna\u00eet rien en maths, mais quand elle a su que c\u2019\u00e9tait lui qui allait me faire cours, elle \u00e9tait fi\u00e8re. \u00bb Un peu plus loin, Baptiste et Thomas aussi sont venus un peu plus t\u00f4t, \u00ab pour \u00eatre s\u00fbr de pouvoir rentrer \u00bb dans cet amphi de 350 places. \u00ab Depuis le retour en cours, il n\u2019y a pas un jour sans qu\u2019on entende son nom dans notre classe, c\u2019est le sujet de la rentr\u00e9e. Il faut avouer que c\u2019est la classe. \u00bb<\/p>\n<p><img decoding=\"async\" src=\"https:\/\/www.europesays.com\/fr\/wp-content\/uploads\/2025\/09\/68b9c35683c355024e07739c.1.jpeg\" width=\"480\" height=\"300\" class=\"web_golden_m\" loading=\"lazy\" alt=\"Quelque 200 \u00e9tudiants ont assist\u00e9 au premier cours de C\u00e9dric Villani \u00e0 Rennes.\"\/>Quelque 200 \u00e9tudiants ont assist\u00e9 au premier cours de C\u00e9dric Villani \u00e0 Rennes. (Photo Le T\u00e9l\u00e9gramme\/Romain Leroux)<\/p>\n<p>Car l\u2019arriv\u00e9e de C\u00e9dric Villani est un vrai coup de projecteur sur l\u2019universit\u00e9 de Rennes. Outre sa M\u00e9daille Fields, le math\u00e9maticien a, par son travail de vulgarisation, mais aussi via son parcours politique et son personnage (lavalli\u00e8re autour du cou et broche araign\u00e9e qu\u2019il ne quitte jamais), fait sortir les math\u00e9matiques des bancs universitaires. \u00ab Il sort du st\u00e9r\u00e9otype du math\u00e9maticien pas tr\u00e8s sociable qui reste dans son coin, \u00e7a fait du bien de voir ce profil, observe Louise. Il sort des clich\u00e9s dans lesquels je ne me retrouvais pas. C\u2019est gr\u00e2ce \u00e0 lui que j\u2019ai fait des math\u00e9matiques \u00bb. \u00ab On a peu de math\u00e9maticiens connus, C\u00e9dric Villani est un embl\u00e8me, il permet aux math\u00e9matiques d\u2019exister en France \u00bb, ajoute Elouan, lui aussi en Licence 3.<\/p>\n<p>\u00ab Certains sont pass\u00e9s au tableau \u00bb<\/p>\n<p>S\u2019ils affirment que C\u00e9dric Villani n\u2019est pas leur \u00ab idole \u00bb, ils sont \u00ab tr\u00e8s curieux d\u2019assister \u00e0 un cours d\u2019un prof qui a eu la M\u00e9daille Fields. On a vu ses vid\u00e9os, il est tr\u00e8s bon chercheur, mais j\u2019attends de voir s\u2019il est un bon professeur, un bon p\u00e9dagogue \u00bb. Elouan et son pote Gaspard ont d\u2019ailleurs une petite longueur d\u2019avance. Le matin m\u00eame, ils ont d\u00e9j\u00e0 eu droit \u00e0 un cours du math\u00e9maticien de 51 ans, une heure de travaux dirig\u00e9s en petits groupes. \u00ab Certains sont pass\u00e9s au tableau, \u00e7a met un coup de pression, mais il est normal en fait, \u00e0 l\u2019\u00e9coute, et pas tr\u00e8s critique sur la m\u00e9thode de travail. Du moment que tout le monde comprend. \u00bb<\/p>\n<p>Ce jeudi apr\u00e8s-midi, les quelque 200 \u00e9tudiants rennais de C\u00e9dric Villani ont assist\u00e9 \u00e0 un cours pointu, mais \u00ab normal \u00bb, si on \u00e9lude les portables qui se l\u00e8vent pour prendre une photo ou une vid\u00e9o et les curieux qui passent une t\u00eate pour l\u2019apercevoir. \u00c9loquent, abordable, il n\u2019h\u00e9site pas \u00e0 arr\u00eater son cours pour r\u00e9pondre aux questions. \u00ab Je me suis toujours consid\u00e9r\u00e9 comme un enseignant avant d\u2019\u00eatre un chercheur, expliquait-il \u00e0 l\u2019issue de son cours. Je suis peut-\u00eatre le seul des m\u00e9daill\u00e9s Fields \u00e0 n\u2019avoir jamais postul\u00e9 au CNRS ou \u00e0 un poste de pure recherche, j\u2019ai toujours voulu rester enseignant-chercheur. Je suis attentif \u00e0 faire participer les \u00e9l\u00e8ves, le simple fait de me voir h\u00e9siter, \u00e7a peut les d\u00e9bloquer. \u00bb<\/p>\n<p><img decoding=\"async\" src=\"https:\/\/www.europesays.com\/fr\/wp-content\/uploads\/2025\/09\/68b9c355a57507bf3a0e9b01.1.jpeg\" width=\"480\" height=\"300\" class=\"web_golden_m\" loading=\"lazy\" alt=\"Plusieurs \u00e9tudiants ont demand\u00e9 un selfie \u00e0 C\u00e9dric Villani apr\u00e8s ses premiers cours \u00e0 Rennes.\"\/>Plusieurs \u00e9tudiants ont demand\u00e9 un selfie \u00e0 C\u00e9dric Villani apr\u00e8s ses premiers cours \u00e0 Rennes. (Photo Le T\u00e9l\u00e9gramme\/Romain Leroux)Selfies et erreur de calcul<\/p>\n<p>Le math\u00e9maticien prim\u00e9 a m\u00eame plaisant\u00e9 avec un \u00e9tudiant qui lui a corrig\u00e9 un calcul sur les th\u00e9ories de la mesure (qui permettent de mesurer les quantit\u00e9s, surface, longueur, volume\u2026), l\u2019objet de son enseignement pour ce premier semestre. \u00ab Comme on dit, c\u2019est pour voir si vous suiviez \u00bb. Il est ensuite rest\u00e9 de longues minutes \u00e0 la fin de son cours pour r\u00e9pondre aux nombreuses questions, et prendre encore quelques photos, retardant au passage le d\u00e9but du cours suivant. \u00ab Je suis d\u00e9sol\u00e9 \u00bb, s\u2019excuse le math\u00e9maticien devant son confr\u00e8re qui attend patiemment. \u00ab Pas de probl\u00e8me, on m\u2019avait pr\u00e9venu \u00bb, sourit ce dernier. Bref, une rentr\u00e9e \u00ab presque \u00bb normale.<\/p>\n","protected":false},"excerpt":{"rendered":"Le jour de la rentr\u00e9e, il est tr\u00e8s rare de voir les \u00e9l\u00e8ves demander un selfie avec leur&hellip;\n","protected":false},"author":2,"featured_media":366441,"comment_status":"","ping_status":"","sticky":false,"template":"","format":"standard","meta":{"footnotes":""},"categories":[2821],"tags":[1111,11,829,1057,9614,1777,674,1011,27,848,12,16048,584,46918,25,5768,2955],"class_list":{"0":"post-366440","1":"post","2":"type-post","3":"status-publish","4":"format-standard","5":"has-post-thumbnail","7":"category-rennes","8":"tag-actu","9":"tag-actualites","10":"tag-bretagne","11":"tag-education","12":"tag-enseignement","13":"tag-eu","14":"tag-europe","15":"tag-fr","16":"tag-france","17":"tag-ille-et-vilaine","18":"tag-news","19":"tag-newsletter-aujourdhui-en-bretagne","20":"tag-rennes","21":"tag-rentree-scolaire-2025","22":"tag-republique-francaise","23":"tag-universite","24":"tag-videos"},"share_on_mastodon":{"url":"https:\/\/pubeurope.com\/@fr\/115147734163675396","error":""},"_links":{"self":[{"href":"https:\/\/www.europesays.com\/fr\/wp-json\/wp\/v2\/posts\/366440","targetHints":{"allow":["GET"]}}],"collection":[{"href":"https:\/\/www.europesays.com\/fr\/wp-json\/wp\/v2\/posts"}],"about":[{"href":"https:\/\/www.europesays.com\/fr\/wp-json\/wp\/v2\/types\/post"}],"author":[{"embeddable":true,"href":"https:\/\/www.europesays.com\/fr\/wp-json\/wp\/v2\/users\/2"}],"replies":[{"embeddable":true,"href":"https:\/\/www.europesays.com\/fr\/wp-json\/wp\/v2\/comments?post=366440"}],"version-history":[{"count":0,"href":"https:\/\/www.europesays.com\/fr\/wp-json\/wp\/v2\/posts\/366440\/revisions"}],"wp:featuredmedia":[{"embeddable":true,"href":"https:\/\/www.europesays.com\/fr\/wp-json\/wp\/v2\/media\/366441"}],"wp:attachment":[{"href":"https:\/\/www.europesays.com\/fr\/wp-json\/wp\/v2\/media?parent=366440"}],"wp:term":[{"taxonomy":"category","embeddable":true,"href":"https:\/\/www.europesays.com\/fr\/wp-json\/wp\/v2\/categories?post=366440"},{"taxonomy":"post_tag","embeddable":true,"href":"https:\/\/www.europesays.com\/fr\/wp-json\/wp\/v2\/tags?post=366440"}],"curies":[{"name":"wp","href":"https:\/\/api.w.org\/{rel}","templated":true}]}}