{"id":366442,"date":"2025-09-04T19:42:15","date_gmt":"2025-09-04T19:42:15","guid":{"rendered":"https:\/\/www.europesays.com\/fr\/366442\/"},"modified":"2025-09-04T19:42:15","modified_gmt":"2025-09-04T19:42:15","slug":"strasbourg-la-place-broglie-va-se-parer-de-dore-le-13-septembre-pour-sensibiliser-aux-cancers-des-enfants","status":"publish","type":"post","link":"https:\/\/www.europesays.com\/fr\/366442\/","title":{"rendered":"Strasbourg. La place Broglie va se parer de dor\u00e9 le 13 septembre pour sensibiliser aux cancers des enfants"},"content":{"rendered":"<p class=\"insetTitle\">Une recherche compliqu\u00e9e par la raret\u00e9 de la maladie<\/p>\n<p>Le cancer p\u00e9diatrique est la premi\u00e8re cause de d\u00e9c\u00e8s par maladie chez les enfants. <\/p>\n<p><a href=\"https:\/\/www.dna.fr\/sante\/2024\/02\/07\/les-cancers-oublies-des-enfants\" target=\"_blank\" rel=\"nofollow noopener\">Chaque ann\u00e9e, 2\u00a0500 cancers sont diagnostiqu\u00e9s chez les moins de 18 ans<\/a> , pr\u00e8s de 500 en meurent encore aujourd\u2019hui. Les enfants sont surtout touch\u00e9s par des leuc\u00e9mies, des tumeurs du syst\u00e8me nerveux et des lymphomes. Les sympt\u00f4mes, chances de gu\u00e9rison et traitements diff\u00e8rent des tumeurs chez l\u2019adulte et leur raret\u00e9 (moins de 1\u00a0% des cancers) rend la recherche plus difficile.<\/p>\n<p>La maladie touche \u00e9galement toute la famille et son accompagnement est crucial. Les associations et centres hospitaliers tentent d\u2019aider au mieux les proches \u00e0 continuer de vivre et \u00e0 rester pr\u00e8s des patients. Parce qu\u2019un enfant atteint d\u2019un cancer ne peut rester seul face \u00e0 la maladie.<\/p>\n","protected":false},"excerpt":{"rendered":"Une recherche compliqu\u00e9e par la raret\u00e9 de la maladie Le cancer p\u00e9diatrique est la premi\u00e8re cause de d\u00e9c\u00e8s&hellip;\n","protected":false},"author":2,"featured_media":366443,"comment_status":"","ping_status":"","sticky":false,"template":"","format":"standard","meta":{"footnotes":""},"categories":[2820],"tags":[1111,11,2880,1777,674,107,1011,27,775,12,25,71,104,640,2879,1631],"class_list":{"0":"post-366442","1":"post","2":"type-post","3":"status-publish","4":"format-standard","5":"has-post-thumbnail","7":"category-strasbourg","8":"tag-actu","9":"tag-actualites","10":"tag-edition-strasbourg","11":"tag-eu","12":"tag-europe","13":"tag-fil-info","14":"tag-fr","15":"tag-france","16":"tag-grand-est","17":"tag-news","18":"tag-republique-francaise","19":"tag-sante","20":"tag-societe","21":"tag-strasbourg","22":"tag-strasbourg-ville","23":"tag-vie-associative"},"share_on_mastodon":{"url":"https:\/\/pubeurope.com\/@fr\/115147738048249705","error":""},"_links":{"self":[{"href":"https:\/\/www.europesays.com\/fr\/wp-json\/wp\/v2\/posts\/366442","targetHints":{"allow":["GET"]}}],"collection":[{"href":"https:\/\/www.europesays.com\/fr\/wp-json\/wp\/v2\/posts"}],"about":[{"href":"https:\/\/www.europesays.com\/fr\/wp-json\/wp\/v2\/types\/post"}],"author":[{"embeddable":true,"href":"https:\/\/www.europesays.com\/fr\/wp-json\/wp\/v2\/users\/2"}],"replies":[{"embeddable":true,"href":"https:\/\/www.europesays.com\/fr\/wp-json\/wp\/v2\/comments?post=366442"}],"version-history":[{"count":0,"href":"https:\/\/www.europesays.com\/fr\/wp-json\/wp\/v2\/posts\/366442\/revisions"}],"wp:featuredmedia":[{"embeddable":true,"href":"https:\/\/www.europesays.com\/fr\/wp-json\/wp\/v2\/media\/366443"}],"wp:attachment":[{"href":"https:\/\/www.europesays.com\/fr\/wp-json\/wp\/v2\/media?parent=366442"}],"wp:term":[{"taxonomy":"category","embeddable":true,"href":"https:\/\/www.europesays.com\/fr\/wp-json\/wp\/v2\/categories?post=366442"},{"taxonomy":"post_tag","embeddable":true,"href":"https:\/\/www.europesays.com\/fr\/wp-json\/wp\/v2\/tags?post=366442"}],"curies":[{"name":"wp","href":"https:\/\/api.w.org\/{rel}","templated":true}]}}