{"id":366444,"date":"2025-09-04T19:43:14","date_gmt":"2025-09-04T19:43:14","guid":{"rendered":"https:\/\/www.europesays.com\/fr\/366444\/"},"modified":"2025-09-04T19:43:14","modified_gmt":"2025-09-04T19:43:14","slug":"strasbourg-qui-etait-herman-enyougou-le-mulhousien-qui-sest-noye-dans-lill-vendredi-soir","status":"publish","type":"post","link":"https:\/\/www.europesays.com\/fr\/366444\/","title":{"rendered":"Strasbourg. Qui \u00e9tait Herman Enyougou, le Mulhousien qui s&rsquo;est noy\u00e9 dans l&rsquo;Ill vendredi soir ?"},"content":{"rendered":"<p>Son corps a \u00e9t\u00e9 retrouv\u00e9 <a href=\"https:\/\/www.dna.fr\/faits-divers-justice\/2025\/09\/02\/un-corps-repeche-dans-l-ill-il-pourrait-s-agir-du-trentenaire-disparu-depuis-samedi\" target=\"_blank\" rel=\"nofollow noopener\">mardi matin, dans le canal du Faux-Rempart, le long du quai Turckheim \u00e0 Strasbourg<\/a>. <a href=\"https:\/\/www.dna.fr\/faits-divers-justice\/2025\/09\/03\/corps-repeche-dans-l-ill-il-s-agit-du-mulhousien-qui-s-etait-jete-a-l-eau-vendredi-29-aout\" target=\"_blank\" rel=\"nofollow noopener\">Il a \u00e9t\u00e9 rapidement identifi\u00e9<\/a> comme \u00e9tant celui d\u2019Herman Davy Enyougou. Cet homme de 35\u00a0ans <a href=\"https:\/\/www.dna.fr\/faits-divers-justice\/2025\/08\/30\/un-trentenaire-se-jette-dans-l-ill-recherches-toujours-en-cours\" target=\"_blank\" rel=\"nofollow noopener\">avait sombr\u00e9 vendredi soir apr\u00e8s que, \u00e9m\u00e9ch\u00e9, il eut d\u00e9cid\u00e9 de se baigner en bas du mus\u00e9e d\u2019art moderne<\/a>. Il avait d\u2019abord nag\u00e9 un moment avant d\u2019\u00eatre emport\u00e9 par le courant, lan\u00e7ant un dernier appel au secours.<\/p>\n<p>Herman Enouygou vivait \u00e0 Mulhouse, comme une grande partie de sa famille, originaire du Cameroun. Cadet d\u2019une fratrie de six enfants, il avait \u00e9tudi\u00e9 dans la cit\u00e9 du Bollwerk, obtenant son bac au lyc\u00e9e Schweitzer. Il avait ensuite d\u00e9croch\u00e9 un BTS \u00e0 Belfort. Ses amis le d\u00e9crivent comme un tr\u00e8s bon \u00e9l\u00e8ve. Bon footballeur, il avait \u00e9volu\u00e9 dans l\u2019\u00e9quipe II du FC Mulhouse.<\/p>\n<p>\u00ab\u00a0C&rsquo;\u00e9tait un bon vivant \u00bb<\/p>\n<p>Apr\u00e8s avoir travaill\u00e9 dans la banque \u00e0 Belfort, puis \u00e0 Paris, il \u00e9tait revenu \u00e0 Mulhouse. Il avait r\u00e9cemment suivi une formation de grutier. Parall\u00e8lement il \u00e9tait tr\u00e8s investi dans le domaine musical. Il avait cofond\u00e9 le label Bangala Records. Il s\u2019impliquait \u00e9galement dans le monde associatif, autour de la danse africaine, pr\u00e9cise son ami Roger Elle, artiste et danseur. \u00ab\u00a0C\u2019\u00e9tait un bon vivant, il aimait faire la f\u00eate\u00a0\u00bb, d\u00e9taille un autre ami, Jean-Bernard Kobial.<\/p>\n<p>Une cagnotte a \u00e9t\u00e9 mise en ligne par ses proches pour faire face aux frais d\u2019obs\u00e8ques.<\/p>\n","protected":false},"excerpt":{"rendered":"Son corps a \u00e9t\u00e9 retrouv\u00e9 mardi matin, dans le canal du Faux-Rempart, le long du quai Turckheim \u00e0&hellip;\n","protected":false},"author":2,"featured_media":366445,"comment_status":"","ping_status":"","sticky":false,"template":"","format":"standard","meta":{"footnotes":""},"categories":[2820],"tags":[119,1111,11,2389,2649,9223,2880,1777,674,274,107,1011,27,775,1391,12,25,104,640,2879],"class_list":{"0":"post-366444","1":"post","2":"type-post","3":"status-publish","4":"format-standard","5":"has-post-thumbnail","7":"category-strasbourg","8":"tag-accident","9":"tag-actu","10":"tag-actualites","11":"tag-alsace","12":"tag-bas-rhin","13":"tag-carnet-du-jour","14":"tag-edition-strasbourg","15":"tag-eu","16":"tag-europe","17":"tag-faits-divers-justice","18":"tag-fil-info","19":"tag-fr","20":"tag-france","21":"tag-grand-est","22":"tag-necrologie","23":"tag-news","24":"tag-republique-francaise","25":"tag-societe","26":"tag-strasbourg","27":"tag-strasbourg-ville"},"share_on_mastodon":{"url":"https:\/\/pubeurope.com\/@fr\/115147741929508783","error":""},"_links":{"self":[{"href":"https:\/\/www.europesays.com\/fr\/wp-json\/wp\/v2\/posts\/366444","targetHints":{"allow":["GET"]}}],"collection":[{"href":"https:\/\/www.europesays.com\/fr\/wp-json\/wp\/v2\/posts"}],"about":[{"href":"https:\/\/www.europesays.com\/fr\/wp-json\/wp\/v2\/types\/post"}],"author":[{"embeddable":true,"href":"https:\/\/www.europesays.com\/fr\/wp-json\/wp\/v2\/users\/2"}],"replies":[{"embeddable":true,"href":"https:\/\/www.europesays.com\/fr\/wp-json\/wp\/v2\/comments?post=366444"}],"version-history":[{"count":0,"href":"https:\/\/www.europesays.com\/fr\/wp-json\/wp\/v2\/posts\/366444\/revisions"}],"wp:featuredmedia":[{"embeddable":true,"href":"https:\/\/www.europesays.com\/fr\/wp-json\/wp\/v2\/media\/366445"}],"wp:attachment":[{"href":"https:\/\/www.europesays.com\/fr\/wp-json\/wp\/v2\/media?parent=366444"}],"wp:term":[{"taxonomy":"category","embeddable":true,"href":"https:\/\/www.europesays.com\/fr\/wp-json\/wp\/v2\/categories?post=366444"},{"taxonomy":"post_tag","embeddable":true,"href":"https:\/\/www.europesays.com\/fr\/wp-json\/wp\/v2\/tags?post=366444"}],"curies":[{"name":"wp","href":"https:\/\/api.w.org\/{rel}","templated":true}]}}