{"id":366446,"date":"2025-09-04T19:44:10","date_gmt":"2025-09-04T19:44:10","guid":{"rendered":"https:\/\/www.europesays.com\/fr\/366446\/"},"modified":"2025-09-04T19:44:10","modified_gmt":"2025-09-04T19:44:10","slug":"des-militantes-pro-palestiennes-tentent-de-sintroduire-dans-une-synagogue-de-nice","status":"publish","type":"post","link":"https:\/\/www.europesays.com\/fr\/366446\/","title":{"rendered":"Des militantes pro-palestiennes tentent de s\u2019introduire dans une synagogue de Nice"},"content":{"rendered":"<p>Quatre militantes pro-palestiennes ont semble-t-il tent\u00e9 de s\u2019introduire dans un lieu de culte isra\u00e9lite du centre-ville ni\u00e7ois. Les intruses se sont pr\u00e9sent\u00e9es vers 18h50 aux grilles du centre Beth Habad. Cette synagogue du quartier des Musiciens accueillait ce jeudi soir une r\u00e9union d\u2019information sur le th\u00e8me de l\u2019Alyah, qui d\u00e9signe en h\u00e9breu le fait d\u2019immigrer vers la terre d\u2019Isra\u00ebl.<\/p>\n<p>Les quatre militantes entendaient manifestement perturber ce rassemblement de la communaut\u00e9 juive. En brandissant des drapeaux isra\u00e9liens et en criant \u00ab\u00a0assassins\u00a0\u00bb \u00e0 plusieurs reprises. Une altercation aurait alors \u00e9clat\u00e9 avec les fid\u00e8les pour les emp\u00eacher de p\u00e9n\u00e9trer dans les lieux.<\/p>\n<p>Trois interpellations et une enqu\u00eate ouverte<\/p>\n<p>Selon le maire de Nice, une femme enceinte aurait \u00e9t\u00e9 bouscul\u00e9e par les perturbatrices. Christian Estrosi, qui s\u2019est imm\u00e9diatement rendu sur place, \u00ab\u00a0condamne un acte qui n\u2019avait jamais atteint un tel niveau dans la provocation, l\u2019antis\u00e9mitisme et m\u00eame l\u2019appel au meurtre\u00a0\u00bb. Selon les \u00e9l\u00e9ments recueillis sur place par l\u2019\u00e9lu, une des manifestantes aurait clairement revendiqu\u00e9 ses sympathies pour le mouvement terroriste du Hamas.<\/p>\n<p>Imm\u00e9diatement, d\u2019importants moyens de police nationale et municipale, ainsi que les militaires de la force Sentinelle, ont \u00e9t\u00e9 d\u00e9ploy\u00e9s devant le centre Beth Habad. Cette intervention a conduit \u00e0 l\u2019interpellation de trois des quatre intruses. Une enqu\u00eate a aussit\u00f4t \u00e9t\u00e9 ouverte afin de faire toute la lumi\u00e8re sur cette tentative d\u2019intrusion.<\/p>\n<p>Les forces de l\u2019ordre s\u2019emploient \u00e0 retrouver la quatri\u00e8me protagoniste mais orientent \u00e9galement leurs recherches sur les r\u00e9seaux sociaux o\u00f9 des messages ont, ces derni\u00e8res heures, d\u00e9nonc\u00e9 ce rassemblement isra\u00e9lite autour du sujet de l\u2019Alyah comme une manifestation soutenant la colonisation des terres palestiniennes.<\/p>\n","protected":false},"excerpt":{"rendered":"Quatre militantes pro-palestiennes ont semble-t-il tent\u00e9 de s\u2019introduire dans un lieu de culte isra\u00e9lite du centre-ville ni\u00e7ois. Les&hellip;\n","protected":false},"author":2,"featured_media":366447,"comment_status":"","ping_status":"","sticky":false,"template":"","format":"standard","meta":{"footnotes":""},"categories":[2819],"tags":[1111,11,1777,674,118,1011,27,12,2401,882,25],"class_list":{"0":"post-366446","1":"post","2":"type-post","3":"status-publish","4":"format-standard","5":"has-post-thumbnail","7":"category-nice","8":"tag-actu","9":"tag-actualites","10":"tag-eu","11":"tag-europe","12":"tag-faits-divers","13":"tag-fr","14":"tag-france","15":"tag-news","16":"tag-nice","17":"tag-provence-alpes-cote-dazur","18":"tag-republique-francaise"},"share_on_mastodon":{"url":"https:\/\/pubeurope.com\/@fr\/115147745894770904","error":""},"_links":{"self":[{"href":"https:\/\/www.europesays.com\/fr\/wp-json\/wp\/v2\/posts\/366446","targetHints":{"allow":["GET"]}}],"collection":[{"href":"https:\/\/www.europesays.com\/fr\/wp-json\/wp\/v2\/posts"}],"about":[{"href":"https:\/\/www.europesays.com\/fr\/wp-json\/wp\/v2\/types\/post"}],"author":[{"embeddable":true,"href":"https:\/\/www.europesays.com\/fr\/wp-json\/wp\/v2\/users\/2"}],"replies":[{"embeddable":true,"href":"https:\/\/www.europesays.com\/fr\/wp-json\/wp\/v2\/comments?post=366446"}],"version-history":[{"count":0,"href":"https:\/\/www.europesays.com\/fr\/wp-json\/wp\/v2\/posts\/366446\/revisions"}],"wp:featuredmedia":[{"embeddable":true,"href":"https:\/\/www.europesays.com\/fr\/wp-json\/wp\/v2\/media\/366447"}],"wp:attachment":[{"href":"https:\/\/www.europesays.com\/fr\/wp-json\/wp\/v2\/media?parent=366446"}],"wp:term":[{"taxonomy":"category","embeddable":true,"href":"https:\/\/www.europesays.com\/fr\/wp-json\/wp\/v2\/categories?post=366446"},{"taxonomy":"post_tag","embeddable":true,"href":"https:\/\/www.europesays.com\/fr\/wp-json\/wp\/v2\/tags?post=366446"}],"curies":[{"name":"wp","href":"https:\/\/api.w.org\/{rel}","templated":true}]}}