{"id":366448,"date":"2025-09-04T19:45:11","date_gmt":"2025-09-04T19:45:11","guid":{"rendered":"https:\/\/www.europesays.com\/fr\/366448\/"},"modified":"2025-09-04T19:45:11","modified_gmt":"2025-09-04T19:45:11","slug":"the-weeknd-en-concert-a-paris-et-a-nice-en-juillet-2026-news-rockurlife","status":"publish","type":"post","link":"https:\/\/www.europesays.com\/fr\/366448\/","title":{"rendered":"The Weeknd : en concert \u00e0 Paris et \u00e0 Nice en juillet 2026 ! &#8211; News &#8211; RockUrLife"},"content":{"rendered":"<p>La superstar canadienne <strong>Abel Tesfaye<\/strong>, plus connue sous le nom de <strong>The Weeknd<\/strong>, pr\u00e9pare son grand retour dans l\u2019Hexagone. Apr\u00e8s avoir marqu\u00e9 les esprits avec deux <strong>Stade de France<\/strong> complets en juillet 2023 lors de sa tourn\u00e9e mondiale <strong>After Hours Til Dawn<\/strong>, l\u2019artiste reviendra l\u2019\u00e9t\u00e9 prochain pour offrir \u00e0 ses fans fran\u00e7ais une nouvelle exp\u00e9rience sc\u00e9nique hors du commun !<\/p>\n<p>Cette fois-ci, <strong>The Weeknd<\/strong> se produira \u00e0 <strong>Paris le 10 juillet au Stade de France<\/strong>, avant de rejoindre la <strong>C\u00f4te d\u2019Azur<\/strong> pour un second concert le <strong>21 juillet \u00e0 l\u2019Allianz Riviera de Nice<\/strong>. Deux \u00e9v\u00e9nements qui s\u2019annoncent d\u00e9j\u00e0 comme incontournables, tant chaque apparition de l\u2019\u2019rtiste se transforme en v\u00e9ritable spectacle visuel et sonore. Entre une mise en sc\u00e8ne futuriste, des sc\u00e9nographies monumentales et une setlist r\u00e9unissant ses plus grands succ\u00e8s tels que \u201cBlinding Lights\u201d, \u201cCan\u2019t Feel My Face\u201d ou \u201cSave Your Tears\u201d, sans oublier ses nouvelles productions, ces shows devraient confirmer son statut d\u2019ic\u00f4ne pop contemporaine.<\/p>\n<p>Avec plus de 100 millions d\u2019auditeurs mensuels sur <strong>Spotify<\/strong> et une influence plan\u00e9taire qui ne cesse de cro\u00eetre, <strong>The Weeknd<\/strong> continue de repousser les limites du concert moderne pour en faire une exp\u00e9rience totale. La mise en vente des billets d\u00e9butera le vendredi 12 septembre \u00e0 midi sur <a href=\"http:\/\/livenation.fr\" target=\"_blank\" rel=\"noopener\">livenation.fr<\/a>, et la demande s\u2019annonce, comme toujours, \u00e0 la hauteur de la d\u00e9mesure de l\u2019\u00e9v\u00e9nement.<\/p>\n<p><img loading=\"lazy\" decoding=\"async\" width=\"1024\" height=\"538\" src=\"https:\/\/www.europesays.com\/fr\/wp-content\/uploads\/2025\/09\/541702057_1184716327020970_6908754789506110754_n-1024x538.jpg\" alt=\"\" class=\"wp-image-225483\"\/><\/p>\n","protected":false},"excerpt":{"rendered":"La superstar canadienne Abel Tesfaye, plus connue sous le nom de The Weeknd, pr\u00e9pare son grand retour dans&hellip;\n","protected":false},"author":2,"featured_media":366449,"comment_status":"","ping_status":"","sticky":false,"template":"","format":"standard","meta":{"footnotes":""},"categories":[2819],"tags":[1111,11,5529,1777,674,1011,27,12,2401,626,882,25,14478,37243],"class_list":{"0":"post-366448","1":"post","2":"type-post","3":"status-publish","4":"format-standard","5":"has-post-thumbnail","7":"category-nice","8":"tag-actu","9":"tag-actualites","10":"tag-allianz-riviera","11":"tag-eu","12":"tag-europe","13":"tag-fr","14":"tag-france","15":"tag-news","16":"tag-nice","17":"tag-paris","18":"tag-provence-alpes-cote-dazur","19":"tag-republique-francaise","20":"tag-stade-de-france","21":"tag-the-weeknd"},"share_on_mastodon":{"url":"https:\/\/pubeurope.com\/@fr\/115147749825339963","error":""},"_links":{"self":[{"href":"https:\/\/www.europesays.com\/fr\/wp-json\/wp\/v2\/posts\/366448","targetHints":{"allow":["GET"]}}],"collection":[{"href":"https:\/\/www.europesays.com\/fr\/wp-json\/wp\/v2\/posts"}],"about":[{"href":"https:\/\/www.europesays.com\/fr\/wp-json\/wp\/v2\/types\/post"}],"author":[{"embeddable":true,"href":"https:\/\/www.europesays.com\/fr\/wp-json\/wp\/v2\/users\/2"}],"replies":[{"embeddable":true,"href":"https:\/\/www.europesays.com\/fr\/wp-json\/wp\/v2\/comments?post=366448"}],"version-history":[{"count":0,"href":"https:\/\/www.europesays.com\/fr\/wp-json\/wp\/v2\/posts\/366448\/revisions"}],"wp:featuredmedia":[{"embeddable":true,"href":"https:\/\/www.europesays.com\/fr\/wp-json\/wp\/v2\/media\/366449"}],"wp:attachment":[{"href":"https:\/\/www.europesays.com\/fr\/wp-json\/wp\/v2\/media?parent=366448"}],"wp:term":[{"taxonomy":"category","embeddable":true,"href":"https:\/\/www.europesays.com\/fr\/wp-json\/wp\/v2\/categories?post=366448"},{"taxonomy":"post_tag","embeddable":true,"href":"https:\/\/www.europesays.com\/fr\/wp-json\/wp\/v2\/tags?post=366448"}],"curies":[{"name":"wp","href":"https:\/\/api.w.org\/{rel}","templated":true}]}}