{"id":366450,"date":"2025-09-04T19:46:19","date_gmt":"2025-09-04T19:46:19","guid":{"rendered":"https:\/\/www.europesays.com\/fr\/366450\/"},"modified":"2025-09-04T19:46:19","modified_gmt":"2025-09-04T19:46:19","slug":"journees-du-patrimoine-la-loire-a-lhonneur","status":"publish","type":"post","link":"https:\/\/www.europesays.com\/fr\/366450\/","title":{"rendered":"Journ\u00e9es du patrimoine : la Loire \u00e0 l&rsquo;honneur"},"content":{"rendered":"<p>Dans le cadre des Journ\u00e9es europ\u00e9ennes du Patrimoine, samedi 20 et dimanche 21 septembre, Sainte-Luce met en lumi\u00e8re le patrimoine lig\u00e9rien \u00e0 travers des visites, une exposition et des balades. Sans oublier les visites du ch\u00e2teau de Chassay, en partenariat avec l\u2019association Au bord du Fleuve.<\/p>\n<p>Le programme<\/p>\n<p><a class=\"miniature-pdf\" href=\"https:\/\/www.sainte-luce-loire.com\/medias\/2025\/09\/2025_tractjournepatrimoine.pdf\" target=\"_blank\" rel=\"noopener nofollow\"><img decoding=\"async\" class=\"colorbox-50961\" src=\"https:\/\/www.europesays.com\/fr\/wp-content\/uploads\/2025\/09\/miniature-2025_tractjournepatrimoine-100x150.jpg\" alt=\"2025_flyer_JEP\"\/><\/a><\/p>\n<p>Exposition : \u00c9tienne Davodeau : l\u2019amour de la Loire<br \/>\nDu 2 au 27 septembre \u00e0 la m\u00e9diath\u00e8que-ludoth\u00e8que Ren\u00e9-Goscinny<\/p>\n<p>Dans sa BD \u00ab Loire \u00bb, parue en 2023, l\u2019auteur \u00c9tienne Davodeau dessine une ode \u00e0 la Loire et \u00e0 ses habitants. Ses personnages se questionnent sur leurs liens avec ce fleuve qu\u2019ils c\u00f4toient depuis toujours, qui rythme leur vie et qu\u2019ils prennent pour acquis et immuable. Le r\u00e9cit nous fait vivre les retrouvailles d\u2019Agathe et de Louis sur les rives du fleuve. Comme la Loire, elles sont pleines de souvenirs et de lumi\u00e8re, avec leur lot de remous et de tourbillons.<\/p>\n<p>Au fil des pages, \u00ab Loire \u00bb invite le lecteur \u00e0 se reconnecter \u00e0 son \u00e9cosyst\u00e8me, \u00e0 observer ce fleuve et ses habitants, humains ou non, pour mieux le pr\u00e9server. En ce mois de septembre, la m\u00e9diath\u00e8que prolonge ce voyage sur l\u2019eau en pr\u00e9sentant des planches grand format de l\u2019\u0153uvre d\u2019\u00c9tienne Davodeau.<br \/>Du 2 au 27 septembre, M\u00e9diath\u00e8que-Ludoth\u00e8que Ren\u00e9-Goscinny \u2013 \u00ab Donner la parole au fleuve \u00bb d\u2019Etienne Davodeau \/ Reproduction des illustrations embl\u00e9matiques de la BD \u00ab Loire \u00bb d\u2019Etienne Davodeau<\/p>\n<p>Spectacle : La Loire \u00e0 l\u2019honneur<br \/>\nSamedi 20 septembre, \u00e0 partir de 20h, au th\u00e9\u00e2tre Lig\u00e9ria<\/p>\n<p><strong>Le spectacle Longitude Loire marque l\u2019ouverture de la saison culturelle 2025-2026<\/strong>. \u00c0 cette occasion, le public pourra d\u00e9couvrir les diff\u00e9rents spectacles propos\u00e9s et conna\u00eetre les modalit\u00e9s de r\u00e9servation et d\u2019abonnement (\u00e0 partir de 3 spectacles). <strong>Rendez-vous d\u00e8s 18h30<\/strong>, pour assister au concert des enseignants de l\u2019\u00e9cole de musique, suivi de la pr\u00e9sentation de la saison.<\/p>\n<p>Samedi 20 septembre, le public pourra d\u00e9couvrir le spectacle Longitude Loire au Th\u00e9\u00e2tre Lig\u00e9ria. Entre spectacle et concert, Erwan Martinerie et Emmanuel Lambert racontent le fleuve qu\u2019ils ont c\u00f4toy\u00e9 durant leur aventure.<\/p>\n<p>Premi\u00e8re partie \u00e0 18h30 avec un concert des enseignants de l\u2019\u00c9cole de musique.<\/p>\n<p>Visites : d\u00e9couvrir Sainte-Luce en trois temps<br \/>\nBords de Loire : dimanche 21 septembre \u00e0 10h30<\/p>\n<p>Dimanche 21 septembre \u00e0 10h30, les amateurs de nature partiront en balade-d\u00e9couverte de la promenade de Bellevue avec Au bord du fleuve.<\/p>\n<p>Sans inscription. Rendez-vous \u00e0 la Sabli\u00e8re. Pr\u00e9voir de bonnes chaussures pour la promenade de 1,5 km.<\/p>\n<p>Au programme : D\u00e9couverte de l\u2019histoire des am\u00e9nagements du fleuve pour d\u00e9velopper la navigation, la r\u00e9alisation de la promenade de Nantes \u00e0 Mauves, les arbres et am\u00e9nagements paysagers le long du fleuve.<\/p>\n<p>Parcours Patrimoine : samedi 20 septembre \u00e0 14h<\/p>\n<p>L\u2019association Au bord du fleuve, propose un \u00ab parcours patrimoine \u00bb autour des panneaux p\u00e9dagogiques devant les sites remarquables de la commune.<\/p>\n<p>Dimanche 21 septembre : Ch\u00e2teau de Chassay<\/p>\n<p>Chaque ann\u00e9e, l\u2019association Au bord du fleuve proposent des visites du ch\u00e2teau de Chassay, inscrit au titre des Monuments historiques en 2024. Le public pourra admirer la rotonde centrale, ainsi que la cuisine en sous-sol, et en apprendre plus sur la vie quotidienne dans le ch\u00e2teau, du temps du Haut Moyen \u00e2ge puis de la Renaissance. La visite se termine par le bureau du maire.<\/p>\n<p>Dimanche 21 septembre, Exposition de l\u2019association Au bord du fleuve sur l\u2019histoire du ch\u00e2teau de Chassay, dans le hall de la mairie.<\/p>\n<p>Visites comment\u00e9es par l\u2019association Au bord du fleuve :<\/p>\n<ul>\n<li>\u00e0 10h30 \u2013 14h \u2013 15h \u2013 16h : D\u00e9couvrez l\u2019Histoire du ch\u00e2teau : ses blasons, ses salles du ch\u00e2teau, ses cuisines, et le bureau du maire. Public adulte.<\/li>\n<li>\u00e0 11h \u2013 14h30 \u2013 15h30 : D\u00e9couvrez en vous amusant l\u2019histoire du ch\u00e2teau. Public famille (\u00e0 partir de 8 ans).<\/li>\n<\/ul>\n","protected":false},"excerpt":{"rendered":"Dans le cadre des Journ\u00e9es europ\u00e9ennes du Patrimoine, samedi 20 et dimanche 21 septembre, Sainte-Luce met en lumi\u00e8re&hellip;\n","protected":false},"author":2,"featured_media":366451,"comment_status":"","ping_status":"","sticky":false,"template":"","format":"standard","meta":{"footnotes":""},"categories":[2818],"tags":[1111,11,1777,674,1011,27,766,12,2636,25],"class_list":{"0":"post-366450","1":"post","2":"type-post","3":"status-publish","4":"format-standard","5":"has-post-thumbnail","7":"category-nantes","8":"tag-actu","9":"tag-actualites","10":"tag-eu","11":"tag-europe","12":"tag-fr","13":"tag-france","14":"tag-nantes","15":"tag-news","16":"tag-pays-de-la-loire","17":"tag-republique-francaise"},"share_on_mastodon":{"url":"https:\/\/pubeurope.com\/@fr\/115147753766083665","error":""},"_links":{"self":[{"href":"https:\/\/www.europesays.com\/fr\/wp-json\/wp\/v2\/posts\/366450","targetHints":{"allow":["GET"]}}],"collection":[{"href":"https:\/\/www.europesays.com\/fr\/wp-json\/wp\/v2\/posts"}],"about":[{"href":"https:\/\/www.europesays.com\/fr\/wp-json\/wp\/v2\/types\/post"}],"author":[{"embeddable":true,"href":"https:\/\/www.europesays.com\/fr\/wp-json\/wp\/v2\/users\/2"}],"replies":[{"embeddable":true,"href":"https:\/\/www.europesays.com\/fr\/wp-json\/wp\/v2\/comments?post=366450"}],"version-history":[{"count":0,"href":"https:\/\/www.europesays.com\/fr\/wp-json\/wp\/v2\/posts\/366450\/revisions"}],"wp:featuredmedia":[{"embeddable":true,"href":"https:\/\/www.europesays.com\/fr\/wp-json\/wp\/v2\/media\/366451"}],"wp:attachment":[{"href":"https:\/\/www.europesays.com\/fr\/wp-json\/wp\/v2\/media?parent=366450"}],"wp:term":[{"taxonomy":"category","embeddable":true,"href":"https:\/\/www.europesays.com\/fr\/wp-json\/wp\/v2\/categories?post=366450"},{"taxonomy":"post_tag","embeddable":true,"href":"https:\/\/www.europesays.com\/fr\/wp-json\/wp\/v2\/tags?post=366450"}],"curies":[{"name":"wp","href":"https:\/\/api.w.org\/{rel}","templated":true}]}}