{"id":366458,"date":"2025-09-04T19:50:12","date_gmt":"2025-09-04T19:50:12","guid":{"rendered":"https:\/\/www.europesays.com\/fr\/366458\/"},"modified":"2025-09-04T19:50:12","modified_gmt":"2025-09-04T19:50:12","slug":"voici-a-quelle-heure-et-ou-on-pourra-observer-au-mieux-leclipse","status":"publish","type":"post","link":"https:\/\/www.europesays.com\/fr\/366458\/","title":{"rendered":"voici \u00e0 quelle heure et o\u00f9 on pourra observer au mieux l&rsquo;\u00e9clipse"},"content":{"rendered":"<p>            Par<br \/>\n        <strong><br \/>\n            <a href=\"https:\/\/actu.fr\/auteur\/lucie-2\" title=\"Consulter tous les articles de Lucie Fraisse\" rel=\"nofollow noopener\" target=\"_blank\">Lucie Fraisse<\/a><br \/>\n        <\/strong><\/p>\n<p>        Publi\u00e9 le<\/p>\n<p>            4 sept. 2025 \u00e0 19h32        <\/p>\n<p>Dimanche 7 septembre 2025, en soir\u00e9e, il va falloir lever les yeux au ciel. Pour la seconde fois cette ann\u00e9e, la lune va s\u2019\u00e9clipser. Un ph\u00e9nom\u00e8ne aussi appel\u00e9<a href=\"https:\/\/actu.fr\/sciences-technologie\/bientot-une-lune-de-sang-dans-le-ciel-voici-quand-et-ou-observer-ce-phenomene-exceptionnel-en-france_63089559.html\" rel=\"nofollow noopener\" target=\"_blank\"> \u00ab\u00a0Lune de sang\u00a0\u00bb<\/a>, qui sera <strong>parfaitement visible depuis Toulouse<\/strong>. On vous en dit plus sur les meilleures conditions pour l\u2019observer.\u00a0<\/p>\n<p>La Terre va faire de l\u2019ombre \u00e0 la Lune\u00a0<br \/>\n    <img   decoding=\"async\" loading=\"lazy\" src=\"https:\/\/www.europesays.com\/fr\/wp-content\/uploads\/2025\/09\/schema-eclipse-lune-960x640.jpeg\" alt=\"Lors de cette \u00e9clipse lunaire, la Terre sera plac\u00e9e entre le soleil et la Lune. Dans une \u00e9clipse solaire, c'est la Lune qui se place entre le soleil et la Terre.\" width=\"960\" height=\"640\"\/><br \/>\n    Lors de cette \u00e9clipse lunaire, la Terre sera plac\u00e9e entre le soleil et la Lune. Dans une \u00e9clipse solaire, c\u2019est la Lune qui se place entre le soleil et la Terre. (\u00a9 Cit\u00e9 de l\u2019espace)<\/p>\n<p class=\" wall-content\">\u00ab\u00a0Lors de cette \u00e9clipse, la Terre va faire de l\u2019ombre \u00e0 la Lune, d\u00e9crypte Benjamin Peter, journaliste charg\u00e9 de l\u2019actualit\u00e9 spatiale<a href=\"https:\/\/actu.fr\/tag\/cite-de-l-espace\" rel=\"nofollow noopener\" target=\"_blank\"> \u00e0 la Cit\u00e9 de l\u2019espace, \u00e0 Toulouse<\/a>. La Lune va \u00eatre <strong>plus sombre, un peu cuivr\u00e9e, un peu rouge<\/strong>.\u00a0\u00bb<\/p>\n<p>Lever de Lune \u00e0 20 h 17, \u00e0 Toulouse\u00a0<\/p>\n<p class=\" wall-content\">Ce dimanche 7 septembre, en France, la Lune se l\u00e8vera d\u00e9j\u00e0 \u00e9clips\u00e9e.<\/p>\n<p class=\" wall-content\">\u00ab\u00a0\u00c0 Toulouse, elle se l\u00e8vera \u00e0 20 h 17, d\u00e9taille Benjamin Peter. Le ph\u00e9nom\u00e8ne dure beaucoup plus longtemps qu\u2019une \u00e9clipse solaire : <strong>on pourra voir la Lune totalement \u00e9clips\u00e9e jusqu\u2019\u00e0 20 h 50<\/strong> \u00e0 Toulouse.\u00a0\u00bb<\/p>\n<p>Vid\u00e9os : en ce moment sur ActuObservable \u00e0 l\u2019\u0153il nu\u00a0<\/p>\n<p class=\" wall-content\">Ensuite, la Lune commencera \u00e0 sortir de<strong> l\u2019ombre de la Terre<\/strong>, progressivement jusqu\u2019\u00e0 21 h 56. Sur cette p\u00e9riode, on pourra donc observer l\u2019ombre de la Terre se retirer peu \u00e0 peu de la Lune.<\/p>\n<blockquote class=\"ac-article-quote wall-content\">\n<p>On pourra vraiment bien l&rsquo;observer \u00e0 l&rsquo;\u0153il nu, pas besoin de lunettes sp\u00e9ciales. Et utiliser des jumelles ou un t\u00e9lescope n&rsquo;apportera pas grand chose. Si le ciel est d\u00e9gag\u00e9, ce sera un beau spectacle.<\/p>\n<p>    <strong>Benjamin Peter<\/strong>\n            <\/p><\/blockquote>\n<p>Votre r\u00e9gion, votre actu !<\/p>\n<p>Recevez chaque jour les infos qui comptent pour vous.<\/p>\n<p>\t<a href=\"https:\/\/actu.fr\/newsletter\" class=\"ac-btn ac-btn--corner ac-btn--medium ac-btn--blue800\" rel=\"nofollow noopener\" target=\"_blank\">S&rsquo;incrire<\/a><br \/>\nVers l\u2019est\u00a0<\/p>\n<p class=\" wall-content\">\u00c0 Toulouse, la Lune de sang appara\u00eetra \u00e0 l\u2019horizon \u00e0 104\u00b0 EST, \u00e0 5\u00b0 de hauteur. \u00c0 21 h 50, soit six minutes avant la fin de l\u2019\u00e9clipse, la Lune aura grimp\u00e9 dans le ciel de la Ville rose et sera \u00e0 15\u00b0 de hauteur.\u00a0<\/p>\n<p class=\" wall-content\">Pour bien observer le ph\u00e9nom\u00e8ne, il est conseill\u00e9 de se positionner en hauteur, sur un balcon ou une colline (rendez-vous <strong>\u00e0 Pech David<\/strong> par exemple), l\u2019id\u00e9al \u00e9tant d\u2019\u00eatre en campagne pour mieux appr\u00e9cier cette Lune de sang du dimanche 7 septembre. Et croisez les doigts pour que le ciel soit du c\u00f4t\u00e9 des astronomes d\u2019un soir : \u00e0 ce stade (jeudi 4 septembre, NDLR), M\u00e9t\u00e9o France annonce un ciel clair pour la soir\u00e9e, avec un indice de confiance de 2\/5.<\/p>\n<p class=\" wall-content\">Personnalisez votre actualit\u00e9 en ajoutant vos villes et m\u00e9dias en favori avec <a href=\"https:\/\/moncompte.actu.fr\" title=\"D\u00e9couvez Mon Actu\" rel=\"nofollow noopener\" data-trk=\"{&quot;cta&quot;:{&quot;action&quot;:&quot;https:\\\/\\\/moncompte.actu.fr&quot;,&quot;category&quot;:&quot;mon compte&quot;,&quot;from&quot;:&quot;article footer&quot;,&quot;name&quot;:&quot;Mon actu&quot;,&quot;type&quot;:&quot;cta&quot;}}\" target=\"_blank\">Mon Actu<\/a>.<\/p>\n","protected":false},"excerpt":{"rendered":"Par Lucie Fraisse Publi\u00e9 le 4 sept. 2025 \u00e0 19h32 Dimanche 7 septembre 2025, en soir\u00e9e, il va&hellip;\n","protected":false},"author":2,"featured_media":366459,"comment_status":"","ping_status":"","sticky":false,"template":"","format":"standard","meta":{"footnotes":""},"categories":[2816],"tags":[1111,11,7835,1777,674,1011,27,12,2680,25,104,2312],"class_list":{"0":"post-366458","1":"post","2":"type-post","3":"status-publish","4":"format-standard","5":"has-post-thumbnail","7":"category-toulouse","8":"tag-actu","9":"tag-actualites","10":"tag-cite-de-lespace","11":"tag-eu","12":"tag-europe","13":"tag-fr","14":"tag-france","15":"tag-news","16":"tag-occitanie","17":"tag-republique-francaise","18":"tag-societe","19":"tag-toulouse"},"share_on_mastodon":{"url":"https:\/\/pubeurope.com\/@fr\/115147769545293764","error":""},"_links":{"self":[{"href":"https:\/\/www.europesays.com\/fr\/wp-json\/wp\/v2\/posts\/366458","targetHints":{"allow":["GET"]}}],"collection":[{"href":"https:\/\/www.europesays.com\/fr\/wp-json\/wp\/v2\/posts"}],"about":[{"href":"https:\/\/www.europesays.com\/fr\/wp-json\/wp\/v2\/types\/post"}],"author":[{"embeddable":true,"href":"https:\/\/www.europesays.com\/fr\/wp-json\/wp\/v2\/users\/2"}],"replies":[{"embeddable":true,"href":"https:\/\/www.europesays.com\/fr\/wp-json\/wp\/v2\/comments?post=366458"}],"version-history":[{"count":0,"href":"https:\/\/www.europesays.com\/fr\/wp-json\/wp\/v2\/posts\/366458\/revisions"}],"wp:featuredmedia":[{"embeddable":true,"href":"https:\/\/www.europesays.com\/fr\/wp-json\/wp\/v2\/media\/366459"}],"wp:attachment":[{"href":"https:\/\/www.europesays.com\/fr\/wp-json\/wp\/v2\/media?parent=366458"}],"wp:term":[{"taxonomy":"category","embeddable":true,"href":"https:\/\/www.europesays.com\/fr\/wp-json\/wp\/v2\/categories?post=366458"},{"taxonomy":"post_tag","embeddable":true,"href":"https:\/\/www.europesays.com\/fr\/wp-json\/wp\/v2\/tags?post=366458"}],"curies":[{"name":"wp","href":"https:\/\/api.w.org\/{rel}","templated":true}]}}