{"id":366462,"date":"2025-09-04T19:52:13","date_gmt":"2025-09-04T19:52:13","guid":{"rendered":"https:\/\/www.europesays.com\/fr\/366462\/"},"modified":"2025-09-04T19:52:13","modified_gmt":"2025-09-04T19:52:13","slug":"lexpo-fetes-et-celebrations-flamandes-a-attire-plus-de-80-000-curieux-a-lille","status":"publish","type":"post","link":"https:\/\/www.europesays.com\/fr\/366462\/","title":{"rendered":"L&rsquo;expo \u00ab\u00a0F\u00eates et c\u00e9l\u00e9brations flamandes\u00a0\u00bb a attir\u00e9 plus de 80.000 curieux \u00e0 Lille"},"content":{"rendered":"<p><img decoding=\"async\" class=\"w-full object-contain\" style=\"aspect-ratio:178 \/ 100;opacity:1\" alt=\"L'expo &quot;F\u00eates et c\u00e9l\u00e9brations flamandes&quot; a attir\u00e9 plus de 80.000 curieux \u00e0 Lille\" width=\"512\" height=\"288\" fetchpriority=\"high\" src=\"https:\/\/www.europesays.com\/fr\/wp-content\/uploads\/2025\/09\/YJHIDLMFIZCIFBHXZP4EZLQMDM.jpg\"  \/><\/p>\n<p class=\"ap-StoryElement ap-StoryElement--mb ap-StoryText\">\u00ab\u00a0L&rsquo;exposition a connu une tr\u00e8s belle affluence, avec notamment une hausse de fr\u00e9quentation remarquable cet \u00e9t\u00e9 et une part du public venu de l&rsquo;\u00e9tranger in\u00e9dite (28% de visiteurs internationaux)\u00a0\u00bb, a salu\u00e9 le Palais des Beaux-Arts de Lille.<\/p>\n<p class=\"ap-StoryElement ap-StoryElement--mb ap-StoryText\">Le public a pu y admirer des peintures de grands ma\u00eetres mais aussi des objets plus insolites, comme des pichets de bi\u00e8re. Deux commissaires scientifiques signaient ce retour sur les c\u00e9l\u00e9brations d&rsquo;antan dans nos contr\u00e9es: c\u00f4t\u00e9 fran\u00e7ais, Blaise Ducos, le responsable des peintures flamandes et hollandaises au Louvre ; et, c\u00f4t\u00e9 belge, Sabine van Sprang, la conservatrice de la peinture flamande 1550-1650 aux Mus\u00e9es royaux des Beaux-Arts de Belgique (MRBAB).<\/p>\n","protected":false},"excerpt":{"rendered":"\u00ab\u00a0L&rsquo;exposition a connu une tr\u00e8s belle affluence, avec notamment une hausse de fr\u00e9quentation remarquable cet \u00e9t\u00e9 et une&hellip;\n","protected":false},"author":2,"featured_media":25030,"comment_status":"","ping_status":"","sticky":false,"template":"","format":"standard","meta":{"footnotes":""},"categories":[2815],"tags":[1111,11,1348,9999,251,1777,674,1349,1011,27,811,1307,12,1585,25],"class_list":{"0":"post-366462","1":"post","2":"type-post","3":"status-publish","4":"format-standard","5":"has-post-thumbnail","7":"category-lille","8":"tag-actu","9":"tag-actualites","10":"tag-arts","11":"tag-belgium","12":"tag-culture","13":"tag-eu","14":"tag-europe","15":"tag-expositions","16":"tag-fr","17":"tag-france","18":"tag-hauts-de-france","19":"tag-lille","20":"tag-news","21":"tag-peinture","22":"tag-republique-francaise"},"share_on_mastodon":{"url":"https:\/\/pubeurope.com\/@fr\/115147777297521715","error":""},"_links":{"self":[{"href":"https:\/\/www.europesays.com\/fr\/wp-json\/wp\/v2\/posts\/366462","targetHints":{"allow":["GET"]}}],"collection":[{"href":"https:\/\/www.europesays.com\/fr\/wp-json\/wp\/v2\/posts"}],"about":[{"href":"https:\/\/www.europesays.com\/fr\/wp-json\/wp\/v2\/types\/post"}],"author":[{"embeddable":true,"href":"https:\/\/www.europesays.com\/fr\/wp-json\/wp\/v2\/users\/2"}],"replies":[{"embeddable":true,"href":"https:\/\/www.europesays.com\/fr\/wp-json\/wp\/v2\/comments?post=366462"}],"version-history":[{"count":0,"href":"https:\/\/www.europesays.com\/fr\/wp-json\/wp\/v2\/posts\/366462\/revisions"}],"wp:featuredmedia":[{"embeddable":true,"href":"https:\/\/www.europesays.com\/fr\/wp-json\/wp\/v2\/media\/25030"}],"wp:attachment":[{"href":"https:\/\/www.europesays.com\/fr\/wp-json\/wp\/v2\/media?parent=366462"}],"wp:term":[{"taxonomy":"category","embeddable":true,"href":"https:\/\/www.europesays.com\/fr\/wp-json\/wp\/v2\/categories?post=366462"},{"taxonomy":"post_tag","embeddable":true,"href":"https:\/\/www.europesays.com\/fr\/wp-json\/wp\/v2\/tags?post=366462"}],"curies":[{"name":"wp","href":"https:\/\/api.w.org\/{rel}","templated":true}]}}