{"id":366465,"date":"2025-09-04T19:54:10","date_gmt":"2025-09-04T19:54:10","guid":{"rendered":"https:\/\/www.europesays.com\/fr\/366465\/"},"modified":"2025-09-04T19:54:10","modified_gmt":"2025-09-04T19:54:10","slug":"les-travaux-realises-sur-la-statue-ont-revele-7-impacts-de-balles","status":"publish","type":"post","link":"https:\/\/www.europesays.com\/fr\/366465\/","title":{"rendered":"les travaux r\u00e9alis\u00e9s sur la statue ont r\u00e9v\u00e9l\u00e9 7 impacts de balles"},"content":{"rendered":"<p>Depuis le mois de f\u00e9vrier et le <a href=\"https:\/\/www.laprovence.com\/article\/region\/112309388803314\/40-tonnes-dechafaudage-transportees-pour-les-travaux-de-renovation-de-notre-dame-de-la-garde\" target=\"_blank\" rel=\"noopener\">montage des \u00e9chafaudages<\/a>, l\u2019architecte du chantier de restauration de <a href=\"https:\/\/www.laprovence.com\/article\/region\/1775333907921815\/malgre-le-chantier-de-restauration-les-touristes-restent-fideles-a-notre-dame-de-la-garde-a-marseille\" target=\"_blank\" rel=\"noopener\">Notre-Dame de la Garde<\/a>, Xavier David, suit les op\u00e9rations jour apr\u00e8s jour. Mais depuis le mois d\u2019ao\u00fbt et les premiers travaux de d\u00e9capage de la statue de la Vierge, le technicien passe beaucoup de temps sous la grande toile.<\/p>\n<p>\u00ab\u00a0Nous avons rep\u00e9r\u00e9 70 blessures dont 7 impacts de balles\u2026 avec \u00e0 chaque fois, des prises de photographie pour la documentation et des d\u00e9cisions quant \u00e0 la meilleure technique pour r\u00e9parer. Pour les impacts de balles que nous avons d\u00e9couverts, nous n\u2019avons pas eu le temps de faire appel \u00e0 un expert balistique de la police. Mais en glissant des baguettes, nous avons pu constater que les tirs provenaient tous de l\u2019avant, vraisemblablement du boulevard Tell\u00e8ne (7e). Car dans les trois jours qui ont suivi la <a href=\"https:\/\/www.laprovence.com\/article\/region\/2659303895584414\/81-ans-de-la-liberation-liberer-marseille-etait-une-condition-de-la-victoire-finale\" target=\"_blank\" rel=\"noopener\">Lib\u00e9ration de Marseille<\/a>, les batteries allemandes qui n\u2019ont pas encore \u00e9t\u00e9 neutralis\u00e9es vont tirer de col\u00e8re sur la basilique\u00a0\u00bb, rappelle Xavier David.<\/p>\n<p>De gros d\u00e9g\u00e2ts caus\u00e9s par le sel<\/p>\n<p>Plus bas, le chantier se poursuit.<a href=\"https:\/\/www.laprovence.com\/article\/region\/7865314986329414\/video-a-marseille-la-bonne-mere-disparait-jusqu-en-novembre\" target=\"_blank\" rel=\"noopener\">\u00a0Apr\u00e8s la restauration du pi\u00e9destal en pierre de la statue, des anges, des garde-corps de la terrasse des anges<\/a>, les tailleurs de pierre sont de reto&#8230;<\/p>\n","protected":false},"excerpt":{"rendered":"Depuis le mois de f\u00e9vrier et le montage des \u00e9chafaudages, l\u2019architecte du chantier de restauration de Notre-Dame de&hellip;\n","protected":false},"author":2,"featured_media":366466,"comment_status":"","ping_status":"","sticky":false,"template":"","format":"standard","meta":{"footnotes":""},"categories":[2814],"tags":[17,1111,11,11690,1777,674,1011,27,151,884,5875,12,882,50088,16,716,25,2086],"class_list":{"0":"post-366465","1":"post","2":"type-post","3":"status-publish","4":"format-standard","5":"has-post-thumbnail","7":"category-marseille","8":"tag-17","9":"tag-actu","10":"tag-actualites","11":"tag-bonne","12":"tag-eu","13":"tag-europe","14":"tag-fr","15":"tag-france","16":"tag-les","17":"tag-marseille","18":"tag-mere","19":"tag-news","20":"tag-provence-alpes-cote-dazur","21":"tag-realises","22":"tag-region","23":"tag-renovation","24":"tag-republique-francaise","25":"tag-travaux"},"share_on_mastodon":{"url":"https:\/\/pubeurope.com\/@fr\/115147785184347437","error":""},"_links":{"self":[{"href":"https:\/\/www.europesays.com\/fr\/wp-json\/wp\/v2\/posts\/366465","targetHints":{"allow":["GET"]}}],"collection":[{"href":"https:\/\/www.europesays.com\/fr\/wp-json\/wp\/v2\/posts"}],"about":[{"href":"https:\/\/www.europesays.com\/fr\/wp-json\/wp\/v2\/types\/post"}],"author":[{"embeddable":true,"href":"https:\/\/www.europesays.com\/fr\/wp-json\/wp\/v2\/users\/2"}],"replies":[{"embeddable":true,"href":"https:\/\/www.europesays.com\/fr\/wp-json\/wp\/v2\/comments?post=366465"}],"version-history":[{"count":0,"href":"https:\/\/www.europesays.com\/fr\/wp-json\/wp\/v2\/posts\/366465\/revisions"}],"wp:featuredmedia":[{"embeddable":true,"href":"https:\/\/www.europesays.com\/fr\/wp-json\/wp\/v2\/media\/366466"}],"wp:attachment":[{"href":"https:\/\/www.europesays.com\/fr\/wp-json\/wp\/v2\/media?parent=366465"}],"wp:term":[{"taxonomy":"category","embeddable":true,"href":"https:\/\/www.europesays.com\/fr\/wp-json\/wp\/v2\/categories?post=366465"},{"taxonomy":"post_tag","embeddable":true,"href":"https:\/\/www.europesays.com\/fr\/wp-json\/wp\/v2\/tags?post=366465"}],"curies":[{"name":"wp","href":"https:\/\/api.w.org\/{rel}","templated":true}]}}