{"id":366467,"date":"2025-09-04T19:55:11","date_gmt":"2025-09-04T19:55:11","guid":{"rendered":"https:\/\/www.europesays.com\/fr\/366467\/"},"modified":"2025-09-04T19:55:11","modified_gmt":"2025-09-04T19:55:11","slug":"antecedents-violents-propos-antisemites-lassaillant-de-marseille-aurait-il-pu-etre-expulse-avant-lattaque","status":"publish","type":"post","link":"https:\/\/www.europesays.com\/fr\/366467\/","title":{"rendered":"Ant\u00e9c\u00e9dents violents, propos antis\u00e9mites\u2026 L\u2019assaillant de Marseille aurait-il pu \u00eatre expuls\u00e9 avant l\u2019attaque\u00a0?"},"content":{"rendered":"<p class=\"paragraph text_align_left lp-f-body-02\">Si la question arrive sur la table, c\u2019est notamment en raison des propos du <a href=\"https:\/\/www.leparisien.fr\/politique\/bruno-retailleau\/\" target=\"_blank\" rel=\"noreferrer nofollow noopener\">ministre de l\u2019Int\u00e9rieur, Bruno Retailleau<\/a>, qui, imm\u00e9diatement apr\u00e8s l\u2019attaque \u00e0 Marseille, a assur\u00e9 que la France devait \u00ab reprendre le contr\u00f4le des flux migratoires \u00bb. \u00ab Il faut faire attention \u00e0 ceux et \u00e0 celles qu\u2019on accueille sur le territoire \u00bb, avait-il appuy\u00e9, depuis la cit\u00e9 phoc\u00e9enne.<\/p>\n","protected":false},"excerpt":{"rendered":"Si la question arrive sur la table, c\u2019est notamment en raison des propos du ministre de l\u2019Int\u00e9rieur, Bruno&hellip;\n","protected":false},"author":2,"featured_media":366468,"comment_status":"","ping_status":"","sticky":false,"template":"","format":"standard","meta":{"footnotes":""},"categories":[2814],"tags":[1111,11,459,1777,674,118,1011,27,884,12,882,25],"class_list":{"0":"post-366467","1":"post","2":"type-post","3":"status-publish","4":"format-standard","5":"has-post-thumbnail","7":"category-marseille","8":"tag-actu","9":"tag-actualites","10":"tag-departements-horsidfo","11":"tag-eu","12":"tag-europe","13":"tag-faits-divers","14":"tag-fr","15":"tag-france","16":"tag-marseille","17":"tag-news","18":"tag-provence-alpes-cote-dazur","19":"tag-republique-francaise"},"share_on_mastodon":{"url":"https:\/\/pubeurope.com\/@fr\/115147789165383899","error":""},"_links":{"self":[{"href":"https:\/\/www.europesays.com\/fr\/wp-json\/wp\/v2\/posts\/366467","targetHints":{"allow":["GET"]}}],"collection":[{"href":"https:\/\/www.europesays.com\/fr\/wp-json\/wp\/v2\/posts"}],"about":[{"href":"https:\/\/www.europesays.com\/fr\/wp-json\/wp\/v2\/types\/post"}],"author":[{"embeddable":true,"href":"https:\/\/www.europesays.com\/fr\/wp-json\/wp\/v2\/users\/2"}],"replies":[{"embeddable":true,"href":"https:\/\/www.europesays.com\/fr\/wp-json\/wp\/v2\/comments?post=366467"}],"version-history":[{"count":0,"href":"https:\/\/www.europesays.com\/fr\/wp-json\/wp\/v2\/posts\/366467\/revisions"}],"wp:featuredmedia":[{"embeddable":true,"href":"https:\/\/www.europesays.com\/fr\/wp-json\/wp\/v2\/media\/366468"}],"wp:attachment":[{"href":"https:\/\/www.europesays.com\/fr\/wp-json\/wp\/v2\/media?parent=366467"}],"wp:term":[{"taxonomy":"category","embeddable":true,"href":"https:\/\/www.europesays.com\/fr\/wp-json\/wp\/v2\/categories?post=366467"},{"taxonomy":"post_tag","embeddable":true,"href":"https:\/\/www.europesays.com\/fr\/wp-json\/wp\/v2\/tags?post=366467"}],"curies":[{"name":"wp","href":"https:\/\/api.w.org\/{rel}","templated":true}]}}