{"id":366469,"date":"2025-09-04T19:56:21","date_gmt":"2025-09-04T19:56:21","guid":{"rendered":"https:\/\/www.europesays.com\/fr\/366469\/"},"modified":"2025-09-04T19:56:21","modified_gmt":"2025-09-04T19:56:21","slug":"voici-lendroit-ideal-pour-trouver-lamour-a-lyon-selon-une-etude","status":"publish","type":"post","link":"https:\/\/www.europesays.com\/fr\/366469\/","title":{"rendered":"Voici l&rsquo;endroit id\u00e9al pour trouver l&rsquo;amour \u00e0 Lyon selon une \u00e9tude"},"content":{"rendered":"<p data-start=\"408\" data-end=\"867\">Le cin\u00e9ma reste l\u2019un des rendez-vous favoris des c\u00e9libataires lyonnais et fran\u00e7ais. L\u2019\u00e9tude men\u00e9e en ao\u00fbt dernier par l\u2019application de rencontres happn et les cin\u00e9mas UGC r\u00e9v\u00e8le que <strong>94 % des sond\u00e9s consid\u00e8rent la salle obscure comme un lieu id\u00e9al pour briser la glace. <\/strong>Entre rires partag\u00e9s devant une com\u00e9die (36 %), \u00e9motions devant un film romantique (21 %) ou frissons face \u00e0 un thriller (16 %), le 7e art cr\u00e9e une alchimie propice aux rapprochements.<\/p>\n<p>&#13;<br \/>\n<strong>L\u2019UGC Part-Dieu, spot id\u00e9al pour un crush<\/strong>&#13;<\/p>\n<p data-start=\"917\" data-end=\"1404\">Lyon d\u00e9croche une place dans le classement des dix cin\u00e9mas fran\u00e7ais o\u00f9 naissent le plus de coups de c\u0153ur. <strong>C\u2019est l\u2019UGC Cin\u00e9 Cit\u00e9 Part-Dieu, dans le 3e arrondissement, qui se hisse en 10e position. <\/strong>Avec ses multiples salles et sa fr\u00e9quentation dense, il devient un v\u00e9ritable QG pour les c\u00e9libataires en qu\u00eate d\u2019\u00e9motions partag\u00e9es. Petit d\u00e9tail croustillant r\u00e9v\u00e9l\u00e9 par l\u2019\u00e9tude\u00a0: <strong>le dimanche serait LE jour parfait <\/strong>pour maximiser ses chances de trouver l\u2019amour dans ce cin\u00e9ma lyonnais.<\/p>\n<p>&#13;<br \/>\n<strong>Lyon, ville romantique\u2026 m\u00eame dans le noir<\/strong>&#13;<\/p>\n<p data-start=\"1454\" data-end=\"1943\"><strong data-start=\"1454\" data-end=\"1578\">Ce r\u00e9sultat confirme la place de Lyon comme destination <a href=\"https:\/\/www.lebonbon.fr\/lyon\/les-tops-food-et-drink\/restaurant-romantique-lyon-adresse-food-love-saint-valentin\/\" rel=\"nofollow noopener\" target=\"_blank\">romantique<\/a> o\u00f9 la culture sert de d\u00e9cor aux histoires naissantes.<\/strong> Apr\u00e8s ses quais de Sa\u00f4ne, ses traboules et ses caf\u00e9s intimistes, la capitale des Gaules ajoute d\u00e9sormais le grand \u00e9cran \u00e0 la liste des endroits propices aux rencontres. L\u2019UGC Part-Dieu devient ainsi un acteur inattendu du dating \u00e0 Lyon, prouvant que parfois, la meilleure fa\u00e7on de s\u00e9duire reste de s\u2019asseoir c\u00f4te \u00e0 c\u00f4te dans le noir, avec un pop-corn \u00e0 partager.<\/p>\n<p>&#13;<\/p>\n<p data-start=\"1454\" data-end=\"1943\">Et si jamais vous \u00eates un brin claustrophobhe, <strong>voici une s\u00e9lection des <a href=\"https:\/\/www.lebonbon.fr\/lyon\/societe\/rues-lyon-trouver-amour\/\" rel=\"nofollow noopener\" target=\"_blank\">rues de Lyon o\u00f9 croiser l&rsquo;amour de votre vie<\/a>\u00a0!<\/strong><\/p>\n","protected":false},"excerpt":{"rendered":"Le cin\u00e9ma reste l\u2019un des rendez-vous favoris des c\u00e9libataires lyonnais et fran\u00e7ais. L\u2019\u00e9tude men\u00e9e en ao\u00fbt dernier par&hellip;\n","protected":false},"author":2,"featured_media":366470,"comment_status":"","ping_status":"","sticky":false,"template":"","format":"standard","meta":{"footnotes":""},"categories":[1889],"tags":[1111,11,2430,1777,674,1011,27,2428,12,25],"class_list":{"0":"post-366469","1":"post","2":"type-post","3":"status-publish","4":"format-standard","5":"has-post-thumbnail","7":"category-lyon","8":"tag-actu","9":"tag-actualites","10":"tag-auvergne-rhone-alpes","11":"tag-eu","12":"tag-europe","13":"tag-fr","14":"tag-france","15":"tag-lyon","16":"tag-news","17":"tag-republique-francaise"},"share_on_mastodon":{"url":"https:\/\/pubeurope.com\/@fr\/115147793003989694","error":""},"_links":{"self":[{"href":"https:\/\/www.europesays.com\/fr\/wp-json\/wp\/v2\/posts\/366469","targetHints":{"allow":["GET"]}}],"collection":[{"href":"https:\/\/www.europesays.com\/fr\/wp-json\/wp\/v2\/posts"}],"about":[{"href":"https:\/\/www.europesays.com\/fr\/wp-json\/wp\/v2\/types\/post"}],"author":[{"embeddable":true,"href":"https:\/\/www.europesays.com\/fr\/wp-json\/wp\/v2\/users\/2"}],"replies":[{"embeddable":true,"href":"https:\/\/www.europesays.com\/fr\/wp-json\/wp\/v2\/comments?post=366469"}],"version-history":[{"count":0,"href":"https:\/\/www.europesays.com\/fr\/wp-json\/wp\/v2\/posts\/366469\/revisions"}],"wp:featuredmedia":[{"embeddable":true,"href":"https:\/\/www.europesays.com\/fr\/wp-json\/wp\/v2\/media\/366470"}],"wp:attachment":[{"href":"https:\/\/www.europesays.com\/fr\/wp-json\/wp\/v2\/media?parent=366469"}],"wp:term":[{"taxonomy":"category","embeddable":true,"href":"https:\/\/www.europesays.com\/fr\/wp-json\/wp\/v2\/categories?post=366469"},{"taxonomy":"post_tag","embeddable":true,"href":"https:\/\/www.europesays.com\/fr\/wp-json\/wp\/v2\/tags?post=366469"}],"curies":[{"name":"wp","href":"https:\/\/api.w.org\/{rel}","templated":true}]}}