{"id":366478,"date":"2025-09-04T20:02:14","date_gmt":"2025-09-04T20:02:14","guid":{"rendered":"https:\/\/www.europesays.com\/fr\/366478\/"},"modified":"2025-09-04T20:02:14","modified_gmt":"2025-09-04T20:02:14","slug":"pour-ses-trois-ans-le-festival-artchipel-cible-le-jeune-public","status":"publish","type":"post","link":"https:\/\/www.europesays.com\/fr\/366478\/","title":{"rendered":"Pour ses trois ans, le festival Ar(t)chipel cible le jeune public"},"content":{"rendered":"<p>Lanc\u00e9 en 2023, le festival r\u00e9gional contemporain <a target=\"_self\" href=\"https:\/\/www.lanouvellerepublique.fr\/indre\/ar-t-chipel-un-parcours-au-coeur-de-la-creation-contemporaine\" rel=\"nofollow noopener\">Ar(t)chipel<\/a> revient pour sa troisi\u00e8me \u00e9dition dans une forme in\u00e9dite. Toujours en partenariat avec le Centre Pompidou, il se d\u00e9roulera du samedi 27\u00a0septembre 2025 jusqu\u2019au dimanche 2\u00a0novembre 2025, a annonc\u00e9 mercredi 3\u00a0septembre 2025 \u2013 lors d\u2019une conf\u00e9rence de presse au mus\u00e9e des Beaux-Arts de Tours \u2013 Fran\u00e7ois Bonneau, pr\u00e9sident de la R\u00e9gion Centre-Val de Loire, et Xavier Rey, directeur du Centre Pompidou.<\/p>\n<p>Cinquante \u0153uvres pr\u00eat\u00e9es par le Centre Pompidou<\/p>\n<p>Les habitants de la r\u00e9gion, comme durant les deux ann\u00e9es pass\u00e9es, auront l\u2019occasion de d\u00e9couvrir des \u0153uvres pr\u00eat\u00e9es par le Centre Pompidou. Si en 2024, il y en avait quarante, cette ann\u00e9e, ce sera dix de plus. Pour le centre parisien, qui fermera ses portes le 22\u00a0septembre 2025 pour des travaux d\u2019une dur\u00e9e de cinq ans, cela r\u00e9pond \u00e0 un besoin essentiel de partager la culture. \u00ab\u00a0Le centre entre en travaux, mais son activit\u00e9 demeure. Il ne faut pas oublier que les collections sont nationales, ce ne sont pas celles du centre. Par cons\u00e9quent, elles doivent \u00eatre plus que jamais partag\u00e9es sur le territoire, affirme Xavier Rey. Le festival repr\u00e9sente un enrichissement formidable puisque cela nous permet d\u2019accomplir toujours mieux cette mission de diffusion de la collection dont nous avons la garde et de lever les barri\u00e8res g\u00e9ographiques, sociales, psychologiques et temporelles&#8230;. <\/p>\n<p>    Cet article a \u00e9t\u00e9 tronqu\u00e9. Abonnez-vous pour lire l&rsquo;article complet sur notre site.<\/p>\n<p>\u00a0\u00bb<\/p>\n<p style=\"margin: 0 !important; padding: 0 !important; font-size: 12px !important;\">Cet article a \u00e9t\u00e9 tronqu\u00e9. Abonnez-vous pour lire l&rsquo;article complet.<\/p>\n<p>    <a href=\"https:\/\/www.lanouvellerepublique.fr\/abonnements\" style=\"display: inline-block; margin-top: 5px !important; padding: 6px 12px !important; background: #cb1c27; color: white; text-decoration: none; border-radius: 4px; font-size: 12px !important;\" rel=\"nofollow noopener\" target=\"_blank\"><br \/>\n      S&rsquo;abonner<br \/>\n    <\/a><\/p>\n","protected":false},"excerpt":{"rendered":"Lanc\u00e9 en 2023, le festival r\u00e9gional contemporain Ar(t)chipel revient pour sa troisi\u00e8me \u00e9dition dans une forme in\u00e9dite. Toujours&hellip;\n","protected":false},"author":2,"featured_media":366479,"comment_status":"","ping_status":"","sticky":false,"template":"","format":"standard","meta":{"footnotes":""},"categories":[1888],"tags":[1392,11,3469,50089,4351,3139,4019,1057,1777,1939,674,1011,27,5052,1387,10802,4368,13961,1393,7838,12,626,25,1390],"class_list":{"0":"post-366478","1":"post","2":"type-post","3":"status-publish","4":"format-standard","5":"has-post-thumbnail","7":"category-paris","8":"tag-a-la-une-local","9":"tag-actualites","10":"tag-blois","11":"tag-candes-saint-martin","12":"tag-chateauroux","13":"tag-cher","14":"tag-ecoles","15":"tag-education","16":"tag-eu","17":"tag-eure-et-loir","18":"tag-europe","19":"tag-fr","20":"tag-france","21":"tag-indre","22":"tag-indre-et-loire","23":"tag-issoudun","24":"tag-loir-et-cher","25":"tag-loiret","26":"tag-loisirs","27":"tag-loisirs-enfants","28":"tag-news","29":"tag-paris","30":"tag-republique-francaise","31":"tag-tours"},"share_on_mastodon":{"url":"https:\/\/pubeurope.com\/@fr\/115147816556469042","error":""},"_links":{"self":[{"href":"https:\/\/www.europesays.com\/fr\/wp-json\/wp\/v2\/posts\/366478","targetHints":{"allow":["GET"]}}],"collection":[{"href":"https:\/\/www.europesays.com\/fr\/wp-json\/wp\/v2\/posts"}],"about":[{"href":"https:\/\/www.europesays.com\/fr\/wp-json\/wp\/v2\/types\/post"}],"author":[{"embeddable":true,"href":"https:\/\/www.europesays.com\/fr\/wp-json\/wp\/v2\/users\/2"}],"replies":[{"embeddable":true,"href":"https:\/\/www.europesays.com\/fr\/wp-json\/wp\/v2\/comments?post=366478"}],"version-history":[{"count":0,"href":"https:\/\/www.europesays.com\/fr\/wp-json\/wp\/v2\/posts\/366478\/revisions"}],"wp:featuredmedia":[{"embeddable":true,"href":"https:\/\/www.europesays.com\/fr\/wp-json\/wp\/v2\/media\/366479"}],"wp:attachment":[{"href":"https:\/\/www.europesays.com\/fr\/wp-json\/wp\/v2\/media?parent=366478"}],"wp:term":[{"taxonomy":"category","embeddable":true,"href":"https:\/\/www.europesays.com\/fr\/wp-json\/wp\/v2\/categories?post=366478"},{"taxonomy":"post_tag","embeddable":true,"href":"https:\/\/www.europesays.com\/fr\/wp-json\/wp\/v2\/tags?post=366478"}],"curies":[{"name":"wp","href":"https:\/\/api.w.org\/{rel}","templated":true}]}}