{"id":366480,"date":"2025-09-04T20:03:18","date_gmt":"2025-09-04T20:03:18","guid":{"rendered":"https:\/\/www.europesays.com\/fr\/366480\/"},"modified":"2025-09-04T20:03:18","modified_gmt":"2025-09-04T20:03:18","slug":"video-a-paris-une-lecture-publique-des-noms-des-enfants-tues-a-gaza","status":"publish","type":"post","link":"https:\/\/www.europesays.com\/fr\/366480\/","title":{"rendered":"Vid\u00e9o. \u00c0 Paris, une lecture publique des noms des enfants tu\u00e9s \u00e0 Gaza"},"content":{"rendered":"<p>Intitul\u00e9e \u00ab\u00a0La Bastille pour Gaza\u00a0\u00bb, l\u2019initiative a rassembl\u00e9 une douzaine d\u2019associations et collectifs, dont l\u2019UJFP et l\u2019AFPS, qui ont souhait\u00e9 d\u00e9noncer la poursuite des violences et rappeler que \u00ab\u00a0chaque enfant assassin\u00e9 avait un nom et un visage\u00a0\u00bb.<\/p>\n<p>Selon les organisateurs, 18\u00a0457 enfants ont d\u00e9j\u00e0 p\u00e9ri \u00e0 la date du 31\u00a0juillet 2025. Durant trois jours, les noms des victimes seront lus \u00e0 haute voix pour rompre avec ce que les participants qualifient de \u00ab\u00a0silence complice\u00a0\u00bb face \u00e0 un drame qu\u2019ils estiment ignor\u00e9 par les gouvernements occidentaux. Un appel \u00e0 la mobilisation citoyenne est lanc\u00e9 afin que la m\u00e9moire de ces enfants, \u00ab\u00a0qui ne demandaient qu\u2019\u00e0 vivre en toute innocence\u00a0\u00bb, soit port\u00e9e dans l\u2019espace public.<\/p>\n<p>Pour une information libre sur la Palestine<\/p>\n<p>Nous avons \u00e9t\u00e9 l\u2019un des premiers m\u00e9dias fran\u00e7ais \u00e0 d\u00e9fendre le droit des Palestiniens \u00e0 disposer d\u2019un \u00c9tat viable dans le respect des r\u00e9solutions de l\u2019ONU. Et nous avons inlassablement d\u00e9fendu la paix au Proche-Orient. Aidez-nous \u00e0 continuer de vous informer sur ce qui se passe l\u00e0-bas. Gr\u00e2ce \u00e0 vos dons.<br \/><a href=\"https:\/\/www.humanite.fr\/lhumanite-cest-vous\" data-type=\"link\" data-id=\"https:\/\/www.humanite.fr\/lhumanite-cest-vous\" target=\"_blank\" rel=\"noopener\">Je veux en savoir plus\u00a0!<\/a><\/p>\n","protected":false},"excerpt":{"rendered":"Intitul\u00e9e \u00ab\u00a0La Bastille pour Gaza\u00a0\u00bb, l\u2019initiative a rassembl\u00e9 une douzaine d\u2019associations et collectifs, dont l\u2019UJFP et l\u2019AFPS, qui&hellip;\n","protected":false},"author":2,"featured_media":366481,"comment_status":"","ping_status":"","sticky":false,"template":"","format":"standard","meta":{"footnotes":""},"categories":[1888],"tags":[11,50090,31574,1777,674,1011,27,15130,12,626,25,50091],"class_list":{"0":"post-366480","1":"post","2":"type-post","3":"status-publish","4":"format-standard","5":"has-post-thumbnail","7":"category-paris","8":"tag-actualites","9":"tag-afps","10":"tag-blocus-de-gaza","11":"tag-eu","12":"tag-europe","13":"tag-fr","14":"tag-france","15":"tag-guerre-u00e0-gaza","16":"tag-news","17":"tag-paris","18":"tag-republique-francaise","19":"tag-ujfp"},"share_on_mastodon":{"url":"https:\/\/pubeurope.com\/@fr\/115147820552362622","error":""},"_links":{"self":[{"href":"https:\/\/www.europesays.com\/fr\/wp-json\/wp\/v2\/posts\/366480","targetHints":{"allow":["GET"]}}],"collection":[{"href":"https:\/\/www.europesays.com\/fr\/wp-json\/wp\/v2\/posts"}],"about":[{"href":"https:\/\/www.europesays.com\/fr\/wp-json\/wp\/v2\/types\/post"}],"author":[{"embeddable":true,"href":"https:\/\/www.europesays.com\/fr\/wp-json\/wp\/v2\/users\/2"}],"replies":[{"embeddable":true,"href":"https:\/\/www.europesays.com\/fr\/wp-json\/wp\/v2\/comments?post=366480"}],"version-history":[{"count":0,"href":"https:\/\/www.europesays.com\/fr\/wp-json\/wp\/v2\/posts\/366480\/revisions"}],"wp:featuredmedia":[{"embeddable":true,"href":"https:\/\/www.europesays.com\/fr\/wp-json\/wp\/v2\/media\/366481"}],"wp:attachment":[{"href":"https:\/\/www.europesays.com\/fr\/wp-json\/wp\/v2\/media?parent=366480"}],"wp:term":[{"taxonomy":"category","embeddable":true,"href":"https:\/\/www.europesays.com\/fr\/wp-json\/wp\/v2\/categories?post=366480"},{"taxonomy":"post_tag","embeddable":true,"href":"https:\/\/www.europesays.com\/fr\/wp-json\/wp\/v2\/tags?post=366480"}],"curies":[{"name":"wp","href":"https:\/\/api.w.org\/{rel}","templated":true}]}}