{"id":366482,"date":"2025-09-04T20:04:12","date_gmt":"2025-09-04T20:04:12","guid":{"rendered":"https:\/\/www.europesays.com\/fr\/366482\/"},"modified":"2025-09-04T20:04:12","modified_gmt":"2025-09-04T20:04:12","slug":"on-a-besoin-de-continuer-a-faire-monter-la-pression-sur-la-russie-defend-le-ministre-benjamin-haddad","status":"publish","type":"post","link":"https:\/\/www.europesays.com\/fr\/366482\/","title":{"rendered":"\u00ab\u00a0On a besoin de continuer \u00e0 faire monter la pression sur la Russie\u00a0\u00bb, d\u00e9fend le ministre Benjamin Haddad"},"content":{"rendered":"\n<p class=\"c-chapo \">\n  Apr\u00e8s une nouvelle r\u00e9union de la \u00ab\u00a0Coalition des volontaires\u00a0\u00bb, 26 pays en soutien \u00e0 Kiev ont pris l&rsquo;engagement de soutenir l&rsquo;Ukraine \u00ab\u00a0sur le sol, en mer ou dans les airs\u00a0\u00bb en cas de cessez-le-feu avec la Russie, a dit Emmanuel Macron. Il faut aussi mettre plus de pression sur Moscou estime le ministre d\u00e9l\u00e9gu\u00e9 charg\u00e9 de l&rsquo;Europe.\n<\/p>\n<p>            lire plus tard<\/p>\n<p id=\"dialog__title\" class=\"dialog__title\">Pour sauvegarder cet article, connectez-vous ou cr\u00e9ez un compte franceinfo<\/p>\n<p class=\"dialog__description\">Sans paiement. Sans abonnement.<\/p>\n<p>        Fermer la fen\u00eatre d\u2019activation des notifications France Info<\/p>\n<p>            cr\u00e9er votre compte<\/p>\n<p>            se connecter<\/p>\n<p>        Fermer la fen\u00eatre de pr\u00e9sentation<\/p>\n<p>    <img loading=\"lazy\" decoding=\"async\" class=\"signature__image lazyload\" width=\"100\" height=\"100\" data- alt=\"\" src=\"https:\/\/www.europesays.com\/fr\/wp-content\/uploads\/2025\/05\/64a7df4c5fe71_placeholder-36b69ec8.png\"\/><\/p>\n<p>    Publi\u00e9 le 04\/09\/2025 21:39<\/p>\n<p>        Temps de lecture : 3min<\/p>\n<p>    <img decoding=\"async\"  alt=\"Une r\u00e9union de la &quot;Coalition des volontaires&quot;, jeudi 4 septembre 2025, \u00e0 Paris. (PRESIDENT UKRAINE OFFICE \/ MAXPPP)\" width=\"432\" height=\"243\" src=\"https:\/\/www.europesays.com\/fr\/wp-content\/uploads\/2025\/09\/maxnewsfrsix086670-68b9eac030838743827844.jpg\" fetchpriority=\"high\"\/><\/p>\n<p>      Une r\u00e9union de la \u00ab\u00a0Coalition des volontaires\u00a0\u00bb, jeudi 4 septembre 2025, \u00e0 Paris. (PRESIDENT UKRAINE OFFICE \/ MAXPPP)<\/p>\n<p>Invit\u00e9 sur France Inter, jeudi 4 septembre, Benjamin Haddad, ministre d\u00e9l\u00e9gu\u00e9 charg\u00e9 de l&rsquo;Europe, se f\u00e9licite qu&rsquo;il y ait \u00ab\u00a0un alignement entre Europ\u00e9ens, Am\u00e9ricains, et Ukrainiens pour trouver la voie d&rsquo;une paix durable en Ukraine\u00a0\u00bb. Donald Trump et son administration ont clairement dit que Washington contribuerait aux \u00ab\u00a0garanties de s\u00e9curit\u00e9\u00a0\u00bb apport\u00e9es \u00e0 l&rsquo;Ukraine, a assur\u00e9 le pr\u00e9sident fran\u00e7ais. Il y a eu <a href=\"https:\/\/www.franceinfo.fr\/monde\/europe\/manifestations-en-ukraine\/guerre-en-ukraine-26-pays-s-engagent-a-deployer-comme-force-de-reassurance-des-troupes-sur-le-sol-en-mer-et-dans-les-airs-en-cas-de-cessez-le-feu-annonce-emmanuel-macron_7473076.html\" rel=\"nofollow noopener\" target=\"_blank\">une r\u00e9union entre dirigeants europ\u00e9ens et le pr\u00e9sident ukrainien jeudi<\/a>, et un \u00e9change t\u00e9l\u00e9phonique avec Donald Trump. \u00ab\u00a0On a besoin de continuer \u00e0 faire monter la pression sur la Russie, la pression \u00e9conomique, la pression militaire \u00e0 travers la livraison d&rsquo;armes. On a besoin par la suite d&rsquo;avoir un cadre avec les Europ\u00e9ens et les Ukrainiens pour s&rsquo;assurer que la guerre ne reprenne pas imm\u00e9diatement\u00a0\u00bb, poursuit Benjamin Haddad.<\/p>\n<p>\u00ab\u00a0Si on veut pouvoir avoir, apr\u00e8s la cessation des combats, une paix durable et dissuader la Russie de reprendre l&rsquo;agression, nous aurons besoin de garanties de s\u00e9curit\u00e9 qui passent par un soutien \u00e0 une arm\u00e9e ukrainienne forte, ind\u00e9pendante\u00a0\u00bb, ajoute le ministre fran\u00e7ais. \u00ab\u00a0Donc quand la Russie parle de d\u00e9militariser l&rsquo;Ukraine, c&rsquo;est inacceptable et nous aurons besoin d&rsquo;avoir une pr\u00e9sence d&rsquo;Europ\u00e9ens sur le terrain. Et si les Am\u00e9ricains parlent de ces garanties de s\u00e9curit\u00e9, c&rsquo;est parce qu&rsquo;ils partagent cet objectif de faire en sorte que la paix qu&rsquo;on pourra signer demain soit durable et que la Russie ne l&rsquo;utilisera pas pour r\u00e9armer et r\u00e9attaquer l&rsquo;Ukraine\u00a0\u00bb, justifie-t-il.<\/p>\n<p>\u00ab\u00a0Il y a 35 pays qui souhaitent participer \u00e0 ces garanties de s\u00e9curit\u00e9, \u00e0 la coalition des volontaires, et 26 pays qui ont donn\u00e9 des pr\u00e9cisions sur le type d&rsquo;engagements qu&rsquo;ils auraient. C&rsquo;est la France, le pr\u00e9sident de la R\u00e9publique, qui a lanc\u00e9 cette dynamique pour que les Europ\u00e9ens prennent leurs responsabilit\u00e9s\u00a0\u00bb, argumente Benjamin Haddad. Parce que \u00ab\u00a0le risque c&rsquo;est d&rsquo;avoir une posture de faiblesse vis-\u00e0-vis de la Russie\u00a0\u00bb.<\/p>\n<p>Les garanties de s\u00e9curit\u00e9 concernent \u00ab\u00a0une force de dissuasion qui signale \u00e0 la Russie que nous serons aux c\u00f4t\u00e9s des Ukrainiens sur le temps long, pour pr\u00e9venir une nouvelle guerre. Il faut une arm\u00e9e ukrainienne qui restera forte\u00a0\u00bb pour contrer \u00ab\u00a0les demandes de la Russie de d\u00e9militariser l&rsquo;Ukraine\u00a0\u00bb. Selon Benjamin Haddad, \u00ab\u00a0les Europ\u00e9ens devront s&rsquo;habituer \u00e0 vivre avec cette menace que repr\u00e9sente la Russie durablement\u00a0\u00bb. Cette force de r\u00e9assurance, c&rsquo;est la seule solution \u00ab\u00a0si on veut pouvoir avoir une paix durable\u00a0\u00bb. \u00ab\u00a0Ce que j&rsquo;ai vu, y compris dans l&rsquo;appel avec le pr\u00e9sident des Etats-unis, c&rsquo;est effectivement une unit\u00e9 des Europ\u00e9ens, des Am\u00e9ricains, des Ukrainiens pour demander la paix, les garanties de s\u00e9curit\u00e9 et la fin des combats\u00a0\u00bb, conclut le ministre fran\u00e7ais.<\/p>\n","protected":false},"excerpt":{"rendered":"Apr\u00e8s une nouvelle r\u00e9union de la \u00ab\u00a0Coalition des volontaires\u00a0\u00bb, 26 pays en soutien \u00e0 Kiev ont pris l&rsquo;engagement&hellip;\n","protected":false},"author":2,"featured_media":366483,"comment_status":"","ping_status":"","sticky":false,"template":"","format":"standard","meta":{"footnotes":""},"categories":[1591],"tags":[11,1887,12,1885,1886,132],"class_list":{"0":"post-366482","1":"post","2":"type-post","3":"status-publish","4":"format-standard","5":"has-post-thumbnail","7":"category-russie","8":"tag-actualites","9":"tag-federation-de-russie","10":"tag-news","11":"tag-russia","12":"tag-russian-federation","13":"tag-russie"},"share_on_mastodon":{"url":"https:\/\/pubeurope.com\/@fr\/115147824814018404","error":""},"_links":{"self":[{"href":"https:\/\/www.europesays.com\/fr\/wp-json\/wp\/v2\/posts\/366482","targetHints":{"allow":["GET"]}}],"collection":[{"href":"https:\/\/www.europesays.com\/fr\/wp-json\/wp\/v2\/posts"}],"about":[{"href":"https:\/\/www.europesays.com\/fr\/wp-json\/wp\/v2\/types\/post"}],"author":[{"embeddable":true,"href":"https:\/\/www.europesays.com\/fr\/wp-json\/wp\/v2\/users\/2"}],"replies":[{"embeddable":true,"href":"https:\/\/www.europesays.com\/fr\/wp-json\/wp\/v2\/comments?post=366482"}],"version-history":[{"count":0,"href":"https:\/\/www.europesays.com\/fr\/wp-json\/wp\/v2\/posts\/366482\/revisions"}],"wp:featuredmedia":[{"embeddable":true,"href":"https:\/\/www.europesays.com\/fr\/wp-json\/wp\/v2\/media\/366483"}],"wp:attachment":[{"href":"https:\/\/www.europesays.com\/fr\/wp-json\/wp\/v2\/media?parent=366482"}],"wp:term":[{"taxonomy":"category","embeddable":true,"href":"https:\/\/www.europesays.com\/fr\/wp-json\/wp\/v2\/categories?post=366482"},{"taxonomy":"post_tag","embeddable":true,"href":"https:\/\/www.europesays.com\/fr\/wp-json\/wp\/v2\/tags?post=366482"}],"curies":[{"name":"wp","href":"https:\/\/api.w.org\/{rel}","templated":true}]}}