{"id":366484,"date":"2025-09-04T20:05:15","date_gmt":"2025-09-04T20:05:15","guid":{"rendered":"https:\/\/www.europesays.com\/fr\/366484\/"},"modified":"2025-09-04T20:05:15","modified_gmt":"2025-09-04T20:05:15","slug":"dans-le-donbass-larmee-ukrainienne-saccroche-face-au-rouleau-compresseur-russe","status":"publish","type":"post","link":"https:\/\/www.europesays.com\/fr\/366484\/","title":{"rendered":"Dans le Donbass, l\u2019arm\u00e9e ukrainienne s\u2019accroche face au rouleau compresseur russe"},"content":{"rendered":"<p data-module=\"fig-standfirst\" data-context=\"@media (min-width:48em)\"><strong>REPORTAGE &#8211;<\/strong> Les forces ukrainiennes manquent de munitions, d\u2019hommes et sont submerg\u00e9es par les drones face aux troupes russes qui grignotent du terrain petit \u00e0 petit sur la ligne de front.<\/p>\n<p class=\"fig-paragraph fig-paragraph--dropped\">Dans un h\u00f4pital de campagne du\u00a0<a href=\"http:\/\/www.lefigaro.fr\/international\/dans-le-donbass-l-armee-ukrainienne-s-accroche-a-ses-dernieres-forteresses-urbaines-le-recit-de-l-envoyee-speciale-du-figaro-20250819\" target=\"_blank\" data-fig-type=\"Article\" rel=\"noopener\" data-gtm-custom-categorie=\"navigation\" data-gtm-custom-action=\"crossclick\" data-gtm-custom-label=\"Contextuel\" data-gtm-event=\"customEventSPE\" data-fig-domain=\"LEFIGARO\">Donbass<\/a>, un infirmier militaire tourne en rond. En quelques heures, il parcourt pr\u00e8s de sept kilom\u00e8tres d\u2019un pas rapide dans ce \u00ab\u00a0point de stabilisation\u00a0\u00bb situ\u00e9 \u00e0 quelques kilom\u00e8tres des positions russes. \u00ab\u00a0Il faut bien faire du sport\u00a0\u00bb, ironise le soldat bedonnant en brandissant l\u2019application de son\u00a0<a href=\"http:\/\/www.lefigaro.fr\/international\/en-ukraine-comment-les-smartphones-sont-devenus-a-la-fois-des-armes-et-des-cibles-de-la-cyberguerre-20240821\" target=\"_blank\" data-fig-type=\"Article\" rel=\"noopener\" data-gtm-custom-categorie=\"navigation\" data-gtm-custom-action=\"crossclick\" data-gtm-custom-label=\"Contextuel\" data-gtm-event=\"customEventSPE\" data-fig-domain=\"LEFIGARO\">smartphone<\/a>\u00a0qui compte ses pas. Les drones russes interdisent toute sortie ext\u00e9rieure dans cette localit\u00e9 que nous ne pouvons nommer pour des raisons de s\u00e9curit\u00e9. Les infirmi\u00e8res rangent quelques fioles, pr\u00e9parent le n\u00e9cessaire pour stabiliser les bless\u00e9s venant du front avant de les envoyer vers un h\u00f4pital urbain. D\u00e8s qu\u2019une voiture passe, tous les soignants retiennent leur souffle, se pr\u00e9parent \u00e0 sauver des vies. Mais personne n\u2019entre. L\u2019<a href=\"http:\/\/www.lefigaro.fr\/international\/en-ukraine-dans-les-hopitaux-souterrains-de-la-ligne-de-front-le-recit-de-l-envoye-special-du-figaro-20250203\" target=\"_blank\" data-fig-type=\"Article\" rel=\"noopener\" data-gtm-custom-categorie=\"navigation\" data-gtm-custom-action=\"crossclick\" data-gtm-custom-label=\"Contextuel\" data-gtm-event=\"customEventSPE\" data-fig-domain=\"LEFIGARO\">h\u00f4pital de campagne<\/a>\u00a0demeure d\u00e9sesp\u00e9r\u00e9ment vide.<\/p>\n<p class=\"fig-paragraph fig-paragraph--dropped\">Si le lieu tenu par la 5e brigade d\u2019assaut re\u00e7oit une poign\u00e9e de bless\u00e9s par semaine &#8211; le chiffre exact reste secret -, cela ne signifie pas qu\u2019il y en a si peu, mais plut\u00f4t\u2026<\/p>\n<p class=\"fig-premium-paywall__infos\">\n        Cet article est r\u00e9serv\u00e9 aux abonn\u00e9s.        Il vous reste 90% \u00e0 d\u00e9couvrir.\n    <\/p>\n<p>                <img  data- alt=\"Le Figaro\" class=\"fig-img--complete fig-img\"\/><\/p>\n<p class=\"fig-premium-paywall__title\">Vente Flash<\/p>\n<p class=\"fig-premium-paywall__subtitle\">4,99\u20ac par mois pendant 12 mois. Sans engagement<\/p>\n<p class=\"fig-premium-paywall__connect\">\n                D\u00e9j\u00e0 abonn\u00e9\u00a0?                <a class=\"fig-premium-paywall__connect-link\" href=\"https:\/\/connect.lefigaro.fr\/login?client=horizon_web&amp;type=main&amp;redirect_uri=https%3A%2F%2Fwww.lefigaro.fr%2Finternational%2Fdans-le-donbass-l-armee-ukrainienne-s-accroche-face-au-rouleau-compresseur-russe-20250904\" data-js-gtm=\"{&quot;customCategorie&quot;: &quot;conversion&quot;, &quot;customAction&quot;: &quot;before_Landing_Connexion_paywall_auto&quot;, &quot;customLabel&quot;: &quot;bGVmaWdhcm8uZnJfXzFmMDg5ODY2LTg2NWQtNmQ4NC1iMzY3LTM3NDMyZDBjMzRkZl9fQXJ0aWNsZQ==_Dans le Donbass, l\u2019arm\u00e9e ukrainienne s\u2019accroche face au rouleau compresseur russe_167&quot;, &quot;customIDSPE&quot;: &quot;bGVmaWdhcm8uZnJfXzFmMDg5ODY2LTg2NWQtNmQ4NC1iMzY3LTM3NDMyZDBjMzRkZl9fQXJ0aWNsZQ==&quot;, &quot;event&quot;: &quot;customEventSPE&quot;}\" target=\"_blank\" rel=\"noopener\"><br \/>\n                    Connectez-vous<br \/>\n                <\/a>\n            <\/p>\n","protected":false},"excerpt":{"rendered":"REPORTAGE &#8211; Les forces ukrainiennes manquent de munitions, d\u2019hommes et sont submerg\u00e9es par les drones face aux troupes&hellip;\n","protected":false},"author":2,"featured_media":366485,"comment_status":"","ping_status":"","sticky":false,"template":"","format":"standard","meta":{"footnotes":""},"categories":[1590],"tags":[11,8998,1777,674,131,12,220],"class_list":{"0":"post-366484","1":"post","2":"type-post","3":"status-publish","4":"format-standard","5":"has-post-thumbnail","7":"category-ukraine","8":"tag-actualites","9":"tag-donbass","10":"tag-eu","11":"tag-europe","12":"tag-guerre-en-ukraine","13":"tag-news","14":"tag-ukraine"},"share_on_mastodon":{"url":"https:\/\/pubeurope.com\/@fr\/115147828329272229","error":""},"_links":{"self":[{"href":"https:\/\/www.europesays.com\/fr\/wp-json\/wp\/v2\/posts\/366484","targetHints":{"allow":["GET"]}}],"collection":[{"href":"https:\/\/www.europesays.com\/fr\/wp-json\/wp\/v2\/posts"}],"about":[{"href":"https:\/\/www.europesays.com\/fr\/wp-json\/wp\/v2\/types\/post"}],"author":[{"embeddable":true,"href":"https:\/\/www.europesays.com\/fr\/wp-json\/wp\/v2\/users\/2"}],"replies":[{"embeddable":true,"href":"https:\/\/www.europesays.com\/fr\/wp-json\/wp\/v2\/comments?post=366484"}],"version-history":[{"count":0,"href":"https:\/\/www.europesays.com\/fr\/wp-json\/wp\/v2\/posts\/366484\/revisions"}],"wp:featuredmedia":[{"embeddable":true,"href":"https:\/\/www.europesays.com\/fr\/wp-json\/wp\/v2\/media\/366485"}],"wp:attachment":[{"href":"https:\/\/www.europesays.com\/fr\/wp-json\/wp\/v2\/media?parent=366484"}],"wp:term":[{"taxonomy":"category","embeddable":true,"href":"https:\/\/www.europesays.com\/fr\/wp-json\/wp\/v2\/categories?post=366484"},{"taxonomy":"post_tag","embeddable":true,"href":"https:\/\/www.europesays.com\/fr\/wp-json\/wp\/v2\/tags?post=366484"}],"curies":[{"name":"wp","href":"https:\/\/api.w.org\/{rel}","templated":true}]}}