{"id":366486,"date":"2025-09-04T20:06:09","date_gmt":"2025-09-04T20:06:09","guid":{"rendered":"https:\/\/www.europesays.com\/fr\/366486\/"},"modified":"2025-09-04T20:06:09","modified_gmt":"2025-09-04T20:06:09","slug":"lactivite-des-services-repart-a-la-hausse-au-mois-daout-mieux-que-les-attentes-actualites-tradingview","status":"publish","type":"post","link":"https:\/\/www.europesays.com\/fr\/366486\/","title":{"rendered":"l&rsquo;activit\u00e9 des services repart \u00e0 la hausse au mois d&rsquo;ao\u00fbt, mieux que les attentes \u2014 Actualit\u00e9s TradingView"},"content":{"rendered":"<p class=\"\">L&rsquo;activit\u00e9 des services aux Etats-Unis est repartie \u00e0 la hausse au mois d&rsquo;ao\u00fbt, \u00e0 un niveau plus \u00e9lev\u00e9 qu&rsquo;anticip\u00e9 par les analystes mais voit son sous-indice li\u00e9 \u00e0 l&#8217;emploi continuer \u00e0 reculer, selon l&rsquo;indice publi\u00e9 jeudi par la f\u00e9d\u00e9ration professionnelle ISM.<\/p>\n<p class=\"\">Selon son enqu\u00eate mensuelle, l&rsquo;indice mesurant cette activit\u00e9 est mont\u00e9 \u00e0 52% le mois \u00e9coul\u00e9, contre 50,1% au mois de juillet, repr\u00e9sentant ainsi le troisi\u00e8me mois d&rsquo;affil\u00e9e de progression de l&rsquo;activit\u00e9 dans ce secteur.<\/p>\n<p class=\"\">C&rsquo;est \u00e9galement mieux qu&rsquo;attendu par les analystes, qui pr\u00e9voyaient bien une reprise de l&rsquo;activit\u00e9 sur le mois d&rsquo;ao\u00fbt, mais plus mesur\u00e9e, \u00e0 50,8%, selon le consensus publi\u00e9 par MarketWatch.<\/p>\n<p class=\"\">Si l&rsquo;indice est en hausse, il se situe cependant en-de\u00e7\u00e0 de la moyenne observ\u00e9e sur les 12 derniers mois, pr\u00e9cise la f\u00e9d\u00e9ration.<\/p>\n<p class=\"\">\u00ab\u00a0L&rsquo;indice du mois d&rsquo;ao\u00fbt a montr\u00e9 plus de solidit\u00e9, gr\u00e2ce \u00e0 une expansion plus marqu\u00e9e de l&rsquo;activit\u00e9 commerciale et des commandes nouvelles\u00a0\u00bb, indique dans un communiqu\u00e9 le responsable de l&rsquo;enqu\u00eate, Steve Miller.<\/p>\n<p class=\"\">\u00ab\u00a0Mais si l&rsquo;on met de c\u00f4t\u00e9 ces aspects, le sous-indice \u00e0 l&#8217;emploi est de nouveau en contraction, alors que les carnets de commandes sont au plus bas depuis 16 ans\u00a0\u00bb, a-t-il soulign\u00e9.<\/p>\n<p class=\"\">\u00ab\u00a0Il s&rsquo;agit de la plus forte hausse depuis f\u00e9vrier\u00a0\u00bb, a relev\u00e9 dans une note Matthew Martin, \u00e9conomiste pour Oxford Economics, \u00ab\u00a0et si un mois ne fait pas une tendance, le fait que l&rsquo;am\u00e9lioration concerne l&rsquo;activit\u00e9 commerciale et les commandes nouvelles laisse \u00e0 penser qu&rsquo;un rythme de progression plus rapide est soutenable\u00a0\u00bb.<\/p>\n<p class=\"\">Parmi les aspects positifs en effet, le sous-indice li\u00e9 \u00e0 l&rsquo;activit\u00e9 commerciale continue de rester au-dessus de la barre des 50%, qui marque la limite entre expansion et contraction de l&rsquo;activit\u00e9, de mani\u00e8re continue depuis mai 2020, au plus fort de la crise sanitaire du Covid-19.<\/p>\n<p class=\"\">Dans le m\u00eame temps, les commandes nouvelles ont fortement augment\u00e9, passant de 50,3% en juillet \u00e0 56% au mois d&rsquo;ao\u00fbt, ce qui peut \u00eatre rassurant en terme d&rsquo;activit\u00e9 \u00e0 venir.<\/p>\n<p class=\"\">Autre bonne nouvelle, le sous-indice des prix recule l\u00e9g\u00e8rement, mais reste \u00e0 un niveau \u00e9lev\u00e9, \u00e0 69,2%.<\/p>\n<p class=\"\">N\u00e9anmoins, les carnets de commandes demeurent maigres, avec un sous-indice qui continue de s&rsquo;enfoncer, \u00e0 40,4% contre 44,3% un mois plus t\u00f4t, au plus bas depuis mai 2009, dans la foul\u00e9e de la crise financi\u00e8re de 2008.<\/p>\n<p class=\"\">Quant au sous-indice de l&#8217;emploi, il recule pour le troisi\u00e8me mois d&rsquo;affil\u00e9e et s&rsquo;inscrit en contraction sur cinq des six derniers mois.<\/p>\n","protected":false},"excerpt":{"rendered":"L&rsquo;activit\u00e9 des services aux Etats-Unis est repartie \u00e0 la hausse au mois d&rsquo;ao\u00fbt, \u00e0 un niveau plus \u00e9lev\u00e9&hellip;\n","protected":false},"author":2,"featured_media":320220,"comment_status":"","ping_status":"","sticky":false,"template":"","format":"standard","meta":{"footnotes":""},"categories":[1589],"tags":[11,73,1866,12,1864,1865,1863,308],"class_list":{"0":"post-366486","1":"post","2":"type-post","3":"status-publish","4":"format-standard","5":"has-post-thumbnail","7":"category-etats-unis","8":"tag-actualites","9":"tag-etats-unis","10":"tag-etats-unis-damerique","11":"tag-news","12":"tag-united-states","13":"tag-united-states-of-america","14":"tag-us","15":"tag-usa"},"share_on_mastodon":{"url":"https:\/\/pubeurope.com\/@fr\/115147832298331068","error":""},"_links":{"self":[{"href":"https:\/\/www.europesays.com\/fr\/wp-json\/wp\/v2\/posts\/366486","targetHints":{"allow":["GET"]}}],"collection":[{"href":"https:\/\/www.europesays.com\/fr\/wp-json\/wp\/v2\/posts"}],"about":[{"href":"https:\/\/www.europesays.com\/fr\/wp-json\/wp\/v2\/types\/post"}],"author":[{"embeddable":true,"href":"https:\/\/www.europesays.com\/fr\/wp-json\/wp\/v2\/users\/2"}],"replies":[{"embeddable":true,"href":"https:\/\/www.europesays.com\/fr\/wp-json\/wp\/v2\/comments?post=366486"}],"version-history":[{"count":0,"href":"https:\/\/www.europesays.com\/fr\/wp-json\/wp\/v2\/posts\/366486\/revisions"}],"wp:featuredmedia":[{"embeddable":true,"href":"https:\/\/www.europesays.com\/fr\/wp-json\/wp\/v2\/media\/320220"}],"wp:attachment":[{"href":"https:\/\/www.europesays.com\/fr\/wp-json\/wp\/v2\/media?parent=366486"}],"wp:term":[{"taxonomy":"category","embeddable":true,"href":"https:\/\/www.europesays.com\/fr\/wp-json\/wp\/v2\/categories?post=366486"},{"taxonomy":"post_tag","embeddable":true,"href":"https:\/\/www.europesays.com\/fr\/wp-json\/wp\/v2\/tags?post=366486"}],"curies":[{"name":"wp","href":"https:\/\/api.w.org\/{rel}","templated":true}]}}