{"id":366487,"date":"2025-09-04T20:07:11","date_gmt":"2025-09-04T20:07:11","guid":{"rendered":"https:\/\/www.europesays.com\/fr\/366487\/"},"modified":"2025-09-04T20:07:11","modified_gmt":"2025-09-04T20:07:11","slug":"un-chirurgien-emprisonne-pour-avoir-provoque-sa-propre-amputation-pour-escroquer-les-assurances","status":"publish","type":"post","link":"https:\/\/www.europesays.com\/fr\/366487\/","title":{"rendered":"un chirurgien emprisonn\u00e9 pour avoir provoqu\u00e9 sa propre amputation pour escroquer les assurances"},"content":{"rendered":"<p>Reconnu comme l\u2019un des grands sp\u00e9cialistes de l\u2019amputation en Cornouailles, Neil Hopper, 49 ans, avait r\u00e9clam\u00e9 pr\u00e8s de 575.000 euros \u00e0 ses assureurs.<\/p>\n<p class=\"fig-paragraph\">Un chirurgien britannique a \u00e9t\u00e9 condamn\u00e9 jeudi \u00e0 deux ans et huit mois de prison pour fraude \u00e0 l&rsquo;assurance\u00a0<a href=\"http:\/\/www.lefigaro.fr\/international\/royaume-uni-un-chirurgien-s-auto-ampute-les-jambes-pour-escroquer-les-assurances-20250725\" target=\"_blank\" data-fig-type=\"NewsFlash\" rel=\"noopener nofollow\" data-gtm-custom-categorie=\"navigation\" data-gtm-custom-action=\"crossclick\" data-gtm-custom-label=\"Contextuel\" data-gtm-event=\"customEventSPE\" data-fig-domain=\"LEFIGARO\">apr\u00e8s avoir provoqu\u00e9 sa propre amputation des deux jambes<\/a>, et pour d\u00e9tention d&rsquo;images de mutilations g\u00e9nitales. Neil Hopper, 49 ans, un p\u00e8re de famille qui travaillait pour le NHS, le syst\u00e8me public de sant\u00e9 britannique, a plaid\u00e9 coupable de fraude par fausse d\u00e9claration apr\u00e8s avoir r\u00e9clam\u00e9 pr\u00e8s de 500.000 livres (575.000 euros) \u00e0 ses assureurs apr\u00e8s son amputation.<\/p>\n<p class=\"fig-paragraph\">En 2019, il avait utilis\u00e9 de la glace carbonique pour se geler les jambes mais lors de son admission \u00e0 l&rsquo;h\u00f4pital, il avait d\u00e9clar\u00e9 qu&rsquo;il \u00e9tait malade et avait \u00e9t\u00e9 trait\u00e9 pour une suspicion de septic\u00e9mie. Il avait subi une double amputation des pieds, avant d&rsquo;\u00eatre finalement amput\u00e9 sous les genoux.<\/p>\n<p>                                    <a class=\"fig-a11y-skip a11y-hidden\" href=\"#fig-a11y-skip-main-inarticle\"><br \/>\n        Passer la publicit\u00e9<br \/>\n    <\/a><\/p>\n<p class=\"fig-paragraph\">Lors du proc\u00e8s, il est apparu qu&rsquo;il avait depuis longtemps cette volont\u00e9 d&rsquo;\u00eatre amput\u00e9 et qu&rsquo;il en tirait un int\u00e9r\u00eat d&rsquo;ordre sexuel. \u00abVous avez formul\u00e9 des demandes frauduleuses d&rsquo;assurance (&#8230;) en pr\u00e9sentant la cause de vos blessures comme une septic\u00e9mie, alors que vous les aviez provoqu\u00e9es vous-m\u00eame, du moins en partie pour une gratification sexuelle\u00bb, a d\u00e9clar\u00e9 le juge James Adkin en pronon\u00e7ant la peine.<\/p>\n<p>Poursuivi pour possession d\u2019images pornographiques extr\u00eames<\/p>\n<p class=\"fig-paragraph\">Neil Hopper \u00e9tait aussi poursuivi pour possession d&rsquo;images pornographiques extr\u00eames, des vid\u00e9os d&rsquo;un site internet montrant des mutilations g\u00e9nitales. Il a \u00e9t\u00e9 identifi\u00e9 dans le cadre des enqu\u00eates visant Marius Gustavson, qui a \u00e9t\u00e9 condamn\u00e9 \u00e0 la prison \u00e0 vie \u00e0 Londres en 2024. Ce Norv\u00e9gien \u00e9tait le cerveau d&rsquo;un groupe ayant proc\u00e9d\u00e9 \u00e0 des mutilations, dont des castrations, film\u00e9es et diffus\u00e9es sur un site internet payant.<\/p>\n<p class=\"fig-paragraph\">Il avait \u00e9t\u00e9 jug\u00e9 pour une s\u00e9rie d&rsquo;infractions li\u00e9es \u00e0 des \u00abmodifications corporelles extr\u00eames\u00bb sur 13 victimes &#8211; dont lui-m\u00eame-, ainsi que l&rsquo;ablation et la commercialisation de certaines parties du corps des victimes et la mise en ligne de vid\u00e9os. Le Royal Cornwall Hospitals Trust, o\u00f9 Neil Hopper travaillait jusqu&rsquo;\u00e0 sa suspension \u00e0 la suite de son arrestation, a pr\u00e9cis\u00e9 dans un communiqu\u00e9 \u00abque ces condamnations ne concernaient pas (sa) conduite professionnelle\u00bb et qu&rsquo;\u00abaucun lien\u00bb n&rsquo;avait \u00e9t\u00e9 \u00e9tabli pendant l&rsquo;enqu\u00eate \u00abavec les patients qu&rsquo;il a trait\u00e9s dans le cadre de son travail\u00bb.<\/p>\n","protected":false},"excerpt":{"rendered":"Reconnu comme l\u2019un des grands sp\u00e9cialistes de l\u2019amputation en Cornouailles, Neil Hopper, 49 ans, avait r\u00e9clam\u00e9 pr\u00e8s de&hellip;\n","protected":false},"author":2,"featured_media":366488,"comment_status":"","ping_status":"","sticky":false,"template":"","format":"standard","meta":{"footnotes":""},"categories":[1588],"tags":[11,1777,674,12,473,1853,1851,1850,1852],"class_list":{"0":"post-366487","1":"post","2":"type-post","3":"status-publish","4":"format-standard","5":"has-post-thumbnail","7":"category-royaume-uni","8":"tag-actualites","9":"tag-eu","10":"tag-europe","11":"tag-news","12":"tag-royaume-uni","13":"tag-royaume-uni-de-grande-bretagne-et-dirlande-du-nord","14":"tag-uk","15":"tag-united-kingdom","16":"tag-united-kingdom-of-great-britain-and-northern-ireland"},"share_on_mastodon":{"url":"https:\/\/pubeurope.com\/@fr\/115147836288408203","error":""},"_links":{"self":[{"href":"https:\/\/www.europesays.com\/fr\/wp-json\/wp\/v2\/posts\/366487","targetHints":{"allow":["GET"]}}],"collection":[{"href":"https:\/\/www.europesays.com\/fr\/wp-json\/wp\/v2\/posts"}],"about":[{"href":"https:\/\/www.europesays.com\/fr\/wp-json\/wp\/v2\/types\/post"}],"author":[{"embeddable":true,"href":"https:\/\/www.europesays.com\/fr\/wp-json\/wp\/v2\/users\/2"}],"replies":[{"embeddable":true,"href":"https:\/\/www.europesays.com\/fr\/wp-json\/wp\/v2\/comments?post=366487"}],"version-history":[{"count":0,"href":"https:\/\/www.europesays.com\/fr\/wp-json\/wp\/v2\/posts\/366487\/revisions"}],"wp:featuredmedia":[{"embeddable":true,"href":"https:\/\/www.europesays.com\/fr\/wp-json\/wp\/v2\/media\/366488"}],"wp:attachment":[{"href":"https:\/\/www.europesays.com\/fr\/wp-json\/wp\/v2\/media?parent=366487"}],"wp:term":[{"taxonomy":"category","embeddable":true,"href":"https:\/\/www.europesays.com\/fr\/wp-json\/wp\/v2\/categories?post=366487"},{"taxonomy":"post_tag","embeddable":true,"href":"https:\/\/www.europesays.com\/fr\/wp-json\/wp\/v2\/tags?post=366487"}],"curies":[{"name":"wp","href":"https:\/\/api.w.org\/{rel}","templated":true}]}}