{"id":366489,"date":"2025-09-04T20:08:15","date_gmt":"2025-09-04T20:08:15","guid":{"rendered":"https:\/\/www.europesays.com\/fr\/366489\/"},"modified":"2025-09-04T20:08:15","modified_gmt":"2025-09-04T20:08:15","slug":"le-ralentissement-economique-de-lallemagne","status":"publish","type":"post","link":"https:\/\/www.europesays.com\/fr\/366489\/","title":{"rendered":"Le ralentissement \u00e9conomique de l&rsquo;Allemagne"},"content":{"rendered":"<p>                    <img decoding=\"async\" style=\"aspect-ratio:16\/9\" src=\"https:\/\/www.europesays.com\/fr\/wp-content\/uploads\/2025\/09\/Friedrich-Merz-Duitsland-2025-1.jpg\" width=\"100%\" loading=\"eager\"\/><\/p>\n<p>                            <a href=\"https:\/\/fr.businessam.be\/author\/redactie\/\" class=\"author-thumbnail\" style=\"border: 2px inset #00000099;\" rel=\"nofollow noopener\" target=\"_blank\"><img loading=\"lazy\" decoding=\"async\" src=\"https:\/\/www.europesays.com\/fr\/wp-content\/uploads\/2025\/09\/1757016495_79_cropped-favicon-192x192.png\" width=\"80\" height=\"80\" alt=\"Business AM\"\/><\/a>\ue05bpar <a href=\"https:\/\/fr.businessam.be\/author\/redactie\/\" rel=\"nofollow noopener\" target=\"_blank\">Business AM<\/a><br \/>\ue010publi\u00e9 le jeudi 04 septembre 2025 \u00e0 21:28 \u2022 <br \/>\ue00c2 min de lecture<\/p>\n<p>Principaux renseignements<\/p>\n<ul class=\"wp-block-list\">\n<li><strong>Friedrich Merz s\u2019est engag\u00e9 \u00e0 mettre en place un plan de relance de 500 milliards d\u2019euros et a promis des r\u00e9formes radicales pour revitaliser l\u2019\u00e9conomie allemande.<\/strong><\/li>\n<li><strong>Les d\u00e9saccords au sein de la coalition et les contraintes budg\u00e9taires ralentissent la mise en \u0153uvre de ces r\u00e9formes cruciales.<\/strong><\/li>\n<li><strong>Les retards dans la mise en \u0153uvre des r\u00e9formes suscitent des inqui\u00e9tudes quant \u00e0 l\u2019avenir \u00e9conomique de l\u2019Allemagne et pourraient profiter au parti d\u2019extr\u00eame droite AfD.<\/strong><\/li>\n<\/ul>\n<p>Le chancelier <a href=\"https:\/\/fr.businessam.be\/le-chancelier-allemand-friedrich-merz-face-a-un-defi-majeur-lors-de-sa-rencontre-avec-trump\/\" target=\"_blank\" rel=\"noreferrer noopener nofollow\">Friedrich Merz<\/a> a entam\u00e9 son mandat avec des objectifs ambitieux pour l\u2019\u00e9conomie allemande, promettant un plan de relance substantiel de 500 milliards d\u2019euros et des r\u00e9formes radicales. Cependant, la relance \u00e9conomique attendue se heurte \u00e0 des obstacles de taille. Les \u00e9conomistes et le public allemand sont de plus en plus sceptiques, car les r\u00e9formes promises ne se concr\u00e9tisent pas \u00e0 un rythme satisfaisant. Les d\u00e9saccords au sein de la coalition et les restrictions budg\u00e9taires s\u2019av\u00e8rent \u00eatre des obstacles majeurs, entravant les progr\u00e8s et risquant de saper la confiance de l\u2019opinion publique.<\/p>\n<p>Les d\u00e9fis \u00e9mergent<\/p>\n<p>La lenteur des progr\u00e8s alimente les craintes d\u2019une r\u00e9cession \u00e9conomique imminente, cr\u00e9ant ainsi un terrain fertile pour le parti d\u2019extr\u00eame droite AfD. Le retard dans la mise en \u0153uvre de r\u00e9formes cruciales menace de retarder le rebond \u00e9conomique dont l\u2019Allemagne a tant besoin, soulevant des questions sur l\u2019efficacit\u00e9 des promesses initiales de Merz. (uv)<\/p>\n<p><a href=\"https:\/\/portalfr.businessam.be\/plans\/business-am-fr-offre-dete\/\" rel=\"nofollow noopener\" target=\"_blank\">Si vous souhaitez acc\u00e9der \u00e0 tous les articles, abonnez-vous ici!<\/a><\/p>\n","protected":false},"excerpt":{"rendered":"\ue05bpar Business AM\ue010publi\u00e9 le jeudi 04 septembre 2025 \u00e0 21:28 \u2022 \ue00c2 min de lecture Principaux renseignements Friedrich&hellip;\n","protected":false},"author":2,"featured_media":366490,"comment_status":"","ping_status":"","sticky":false,"template":"","format":"standard","meta":{"footnotes":""},"categories":[1587],"tags":[11,672,1804,1805,1803,1777,674,4710,1801,12,1802],"class_list":{"0":"post-366489","1":"post","2":"type-post","3":"status-publish","4":"format-standard","5":"has-post-thumbnail","7":"category-allemagne","8":"tag-actualites","9":"tag-allemagne","10":"tag-bundesrepublik-deutschland","11":"tag-de","12":"tag-deutschland","13":"tag-eu","14":"tag-europe","15":"tag-friedrich-merz","16":"tag-germany","17":"tag-news","18":"tag-republique-federale-dallemagne"},"share_on_mastodon":{"url":"https:\/\/pubeurope.com\/@fr\/115147840277440941","error":""},"_links":{"self":[{"href":"https:\/\/www.europesays.com\/fr\/wp-json\/wp\/v2\/posts\/366489","targetHints":{"allow":["GET"]}}],"collection":[{"href":"https:\/\/www.europesays.com\/fr\/wp-json\/wp\/v2\/posts"}],"about":[{"href":"https:\/\/www.europesays.com\/fr\/wp-json\/wp\/v2\/types\/post"}],"author":[{"embeddable":true,"href":"https:\/\/www.europesays.com\/fr\/wp-json\/wp\/v2\/users\/2"}],"replies":[{"embeddable":true,"href":"https:\/\/www.europesays.com\/fr\/wp-json\/wp\/v2\/comments?post=366489"}],"version-history":[{"count":0,"href":"https:\/\/www.europesays.com\/fr\/wp-json\/wp\/v2\/posts\/366489\/revisions"}],"wp:featuredmedia":[{"embeddable":true,"href":"https:\/\/www.europesays.com\/fr\/wp-json\/wp\/v2\/media\/366490"}],"wp:attachment":[{"href":"https:\/\/www.europesays.com\/fr\/wp-json\/wp\/v2\/media?parent=366489"}],"wp:term":[{"taxonomy":"category","embeddable":true,"href":"https:\/\/www.europesays.com\/fr\/wp-json\/wp\/v2\/categories?post=366489"},{"taxonomy":"post_tag","embeddable":true,"href":"https:\/\/www.europesays.com\/fr\/wp-json\/wp\/v2\/tags?post=366489"}],"curies":[{"name":"wp","href":"https:\/\/api.w.org\/{rel}","templated":true}]}}