{"id":366491,"date":"2025-09-04T20:09:15","date_gmt":"2025-09-04T20:09:15","guid":{"rendered":"https:\/\/www.europesays.com\/fr\/366491\/"},"modified":"2025-09-04T20:09:15","modified_gmt":"2025-09-04T20:09:15","slug":"forum-economique-a-karpacz-6-000-participants-debattent-de-lavenir-de-leurope","status":"publish","type":"post","link":"https:\/\/www.europesays.com\/fr\/366491\/","title":{"rendered":"Forum \u00e9conomique \u00e0 Karpacz : 6 000 participants d\u00e9battent de l&rsquo;avenir de l&rsquo;Europe"},"content":{"rendered":"<p>          <img decoding=\"async\" class=\"c-ad__placeholder__logo\" src=\"https:\/\/static.euronews.com\/website\/images\/logos\/logo-euronews-stacked-outlined-72x72-grey-9.svg\" width=\"72\" height=\"72\" alt=\"\" loading=\"lazy\"\/><br \/>\n          PUBLICIT\u00c9<\/p>\n<p>Le forum, qui constitue depuis plus de trente ans une plateforme de dialogue pour des personnalit\u00e9s du monde politique, \u00e9conomique et scientifique, s&rsquo;est tenu sur le th\u00e8me \u00ab\u00a0P\u00e9riode de transition &#8211; quelle sera l&rsquo;Europe de demain ?\u00a0\u00bb Les participants venaient non seulement de diff\u00e9rentes r\u00e9gions de Pologne, mais aussi de pays d&rsquo;Europe de l&rsquo;Est et de l&rsquo;Ouest, y compris de Moldavie, d&rsquo;Italie, des \u00c9tats-Unis et de pays asiatiques.<\/p>\n<p>Trois jours, 600 panels, 6 000 invit\u00e9s<\/p>\n<p>Politiciens, entrepreneurs, scientifiques, experts en haute technologie, repr\u00e9sentants du secteur de la d\u00e9fense et de l&rsquo;industrie spatiale se sont retrouv\u00e9s au c\u0153ur des monts Karkonosze. <strong>Les organisateurs ont pr\u00e9par\u00e9 plus de 600 panels de discussion, dont deux en coop\u00e9ration avec Euronews<\/strong> &#8211; sur le budget de l&rsquo;UE et la relance de l&rsquo;artisanat.<\/p>\n<p>Le programme couvrait les domaines cl\u00e9 des d\u00e9fis contemporains : forum sur l&rsquo;IA, forum sur la cybers\u00e9curit\u00e9, forum sur les soins de sant\u00e9, forum des r\u00e9gions, zone universitaire, \u00e9conomie, politique internationale et s\u00e9curit\u00e9, soci\u00e9t\u00e9 ou d\u00e9veloppement durable.<\/p>\n<p>Parmi les invit\u00e9s figuraient le vice-premier ministre et ministre de la Num\u00e9risation <strong>Krzysztof Gawkowski<\/strong> et le vice-premier ministre et chef du minist\u00e8re de la D\u00e9fense <strong>W\u0142adys\u0142aw Kosiniak-Kamysz<\/strong>, ainsi que <strong>S\u0142awosz Uzna\u0144ski-Wi\u015bniewski<\/strong>, <strong>Joanna Senyszyn<\/strong>, <strong>Krzysztof Stanowski<\/strong>, <strong>Grzegorz Ko\u0142odko<\/strong>, <strong>Mateusz Morawiecki<\/strong> et des personnes issues des rangs des 100 Polonais les plus riches : <strong>Jan Kola\u0144ski<\/strong> et <strong>Krzysztof Pawi\u0144ski<\/strong>. <\/p>\n<p>Le Forum a \u00e9galement re\u00e7u la visite de l&rsquo;ancien pr\u00e9sident <strong>Andrzej Duda<\/strong>, qui a notamment particip\u00e9 \u00e0 un \u00e9v\u00e9nement li\u00e9 au Jamboree scout mondial Pologne 2027 et \u00e0 une discussion sur l&rsquo;\u00e9ducation des jeunes. <\/p>\n<p>Le Forum a \u00e9t\u00e9 honor\u00e9 par des concerts d&rsquo;artistes, dont <strong>Justyna Steczkowska<\/strong> et <strong>Reni Jusis<\/strong>.<\/p>\n<p>Le point fort du forum est la remise du titre d&rsquo;<strong>Homme de l&rsquo;ann\u00e9e,<\/strong> qui a \u00e9t\u00e9 d\u00e9cern\u00e9 cette fois au vice-premier ministre Krzysztof Gawkowski.<\/p>\n<p>L&rsquo;entreprise de l&rsquo;ann\u00e9e 2025 a \u00e9t\u00e9 d\u00e9cern\u00e9e \u00e0 <strong>PKP Intercity<\/strong>, l&rsquo;organisation non-gouvernementale de l&rsquo;ann\u00e9e, tandis que les entreprises familiales ont \u00e9t\u00e9 r\u00e9compens\u00e9es : <strong>Szynaka Meble<\/strong> et <strong>Colian<\/strong>, qui produisent des bonbons, des \u00e9pices, des boissons, des noix et des glaces. <\/p>\n<p>Le prix \u00e9conomique SGH a \u00e9t\u00e9 d\u00e9cern\u00e9 \u00e0 la pr\u00e9sidente du conseil d&rsquo;administration du Forum pour l&rsquo;entreprise responsable, <strong>Irena Pichola<\/strong>. <\/p>\n<p>La distinction culturelle du pr\u00e9sident du Conseil des programmes du Forum \u00e9conomique a \u00e9t\u00e9 d\u00e9cern\u00e9e au <strong>professeur Jerzy Bralczyk.<\/strong> L&rsquo;\u00e9loge a \u00e9t\u00e9 prononc\u00e9 par le <strong>professeur Jacek Wasilewski<\/strong>.<\/p>\n<p>Le Forum \u00e9conomique se tient \u00e0 Karpacz depuis cinq ans &#8211; auparavant, pendant des d\u00e9cennies, les participants \u00e9taient accueillis \u00e0 Krynica-Zdr\u00f3j. L&rsquo;Institut de la Fondation pour les \u00e9tudes orientales est responsable de l&rsquo;organisation de l&rsquo;\u00e9v\u00e9nement depuis sa cr\u00e9ation.<\/p>\n<p>Euronews est un partenaire m\u00e9dia de l&rsquo;\u00e9v\u00e9nement.<\/p>\n<p>Video editor<strong> \u2022 Pawel Glogowski<\/strong><\/p>\n","protected":false},"excerpt":{"rendered":"PUBLICIT\u00c9 Le forum, qui constitue depuis plus de trente ans une plateforme de dialogue pour des personnalit\u00e9s du&hellip;\n","protected":false},"author":2,"featured_media":366492,"comment_status":"","ping_status":"","sticky":false,"template":"","format":"standard","meta":{"footnotes":""},"categories":[1586],"tags":[11,8410,33,1777,674,1011,27,12,2437,25],"class_list":{"0":"post-366491","1":"post","2":"type-post","3":"status-publish","4":"format-standard","5":"has-post-thumbnail","7":"category-europe","8":"tag-actualites","9":"tag-croissance-economique","10":"tag-economie","11":"tag-eu","12":"tag-europe","13":"tag-fr","14":"tag-france","15":"tag-news","16":"tag-pologne","17":"tag-republique-francaise"},"share_on_mastodon":{"url":"https:\/\/pubeurope.com\/@fr\/115147844142910777","error":""},"_links":{"self":[{"href":"https:\/\/www.europesays.com\/fr\/wp-json\/wp\/v2\/posts\/366491","targetHints":{"allow":["GET"]}}],"collection":[{"href":"https:\/\/www.europesays.com\/fr\/wp-json\/wp\/v2\/posts"}],"about":[{"href":"https:\/\/www.europesays.com\/fr\/wp-json\/wp\/v2\/types\/post"}],"author":[{"embeddable":true,"href":"https:\/\/www.europesays.com\/fr\/wp-json\/wp\/v2\/users\/2"}],"replies":[{"embeddable":true,"href":"https:\/\/www.europesays.com\/fr\/wp-json\/wp\/v2\/comments?post=366491"}],"version-history":[{"count":0,"href":"https:\/\/www.europesays.com\/fr\/wp-json\/wp\/v2\/posts\/366491\/revisions"}],"wp:featuredmedia":[{"embeddable":true,"href":"https:\/\/www.europesays.com\/fr\/wp-json\/wp\/v2\/media\/366492"}],"wp:attachment":[{"href":"https:\/\/www.europesays.com\/fr\/wp-json\/wp\/v2\/media?parent=366491"}],"wp:term":[{"taxonomy":"category","embeddable":true,"href":"https:\/\/www.europesays.com\/fr\/wp-json\/wp\/v2\/categories?post=366491"},{"taxonomy":"post_tag","embeddable":true,"href":"https:\/\/www.europesays.com\/fr\/wp-json\/wp\/v2\/tags?post=366491"}],"curies":[{"name":"wp","href":"https:\/\/api.w.org\/{rel}","templated":true}]}}