{"id":366495,"date":"2025-09-04T20:11:09","date_gmt":"2025-09-04T20:11:09","guid":{"rendered":"https:\/\/www.europesays.com\/fr\/366495\/"},"modified":"2025-09-04T20:11:09","modified_gmt":"2025-09-04T20:11:09","slug":"avec-gianluigi-donnarumma-linteret-superieur-de-lequipe-en-vigueur-au-psg-a-fait-une-victime-de-marque-le-monde-fr","status":"publish","type":"post","link":"https:\/\/www.europesays.com\/fr\/366495\/","title":{"rendered":"\u00ab Avec Gianluigi Donnarumma, l\u2019int\u00e9r\u00eat sup\u00e9rieur de l\u2019\u00e9quipe, en vigueur au PSG, a fait une victime de marque \u00bb &#8211; Le Monde.fr"},"content":{"rendered":"<ol>\n<li><a href=\"https:\/\/news.google.com\/rss\/articles\/CBMi_wFBVV95cUxOcTJPYU5BbmxlWDFqZGtpTURvYzIxakhVSGRpYTFESlFKVi1hRXZhM1JkWUxzbUJ4d0RhMG9IMm4wTnV2d0JHUkp3ZkcxRzU5QkFPcGF1NG56VnJrbDQtS0RMX2NnWmVfQ3VnUW1NQnVuQmlOMXVsRXpzNnl1d1F2bFA1T1ZCOGgtd0hWUHR2RDdTdldzZHdIZUdQZWNFbUEtNkg3UE1UODFTV0NqbGJRcWtocDdLNVRiYTJtanFyYVpfY1Y1YUphTjczTC11TE9wajZrN09ESnp1V2tSY2p0N1Bja2EtYVlpR1RHbjBIWWF0VVg4U1owMkVvcy1odzA?oc=5\" target=\"_blank\" rel=\"nofollow noopener\">\u00ab Avec Gianluigi Donnarumma, l\u2019int\u00e9r\u00eat sup\u00e9rieur de l\u2019\u00e9quipe, en vigueur au PSG, a fait une victime de marque \u00bb<\/a>&nbsp;&nbsp;Le Monde.fr<\/li>\n<li><a href=\"https:\/\/news.google.com\/rss\/articles\/CBMiuwJBVV95cUxOby1CNXBRSEh5TzR4RnRhVTlfUVRKWFlndDdjdTBmdGZaZG9TMThlR2xDd0UxeEZ2VWZ4MDc2X1FaMDNTR09jTkQ1cjc3RE04aFJSNGt3TC1YNnVXV21WeHdfUVJ6RURHT1VueGJkOUhJRW5oazdJZGRxQW9vMnNxa2FURWlvUEN1cmFRVExyekRoWUxiaFdoQVNJQWhDaE94UmRNaElXbExtTkhOTUQzclhCdTJRMDVxcG1IWGN0LUc1VHlBMm5OdVZ5RmlpQ3FnZjZpUExRNnlHR1Q5dXhPcnppU01uS0d3d2U3a3JqME81WWxUWmR0NkdVRFFFU1daMGVOVDNWOVd5Zk1qTDBTMTJ3TEJDb3BqMUdYekNWcmFOWDR0aURVTHZlRzhnUXNDSFlzTHBzcTlKTTg?oc=5\" target=\"_blank\" rel=\"nofollow noopener\">Guardiola, des vues sur Donnarumma&#8230; depuis 2015 : \u00ab\u00a0Il \u00e9tait venu le complimenter\u00a0\u00bb<\/a>&nbsp;&nbsp;Eurosport<\/li>\n<li><a href=\"https:\/\/news.google.com\/rss\/articles\/CBMiiwJBVV95cUxOazUxbEJjYnF3R1FUYVNxZEVzMS02eHBnb0dYOVZTNkxKVzVLMVg2VWJ0U2pRTnowVU5jYjlaVHd5OVl4c29xcGJXWFdvOG9oUTlNcTNraldCcXU1UkZKRHV6WVZxcElBRWFIVGtWLXc0QUx4cXQ3QVNYajFGZmZhMWRDNXJXZEhoN2NqZ3NPVlZDNWlyaFAzaXoxN2sybUJwUElyTkZ3TmZNMmNVaWFjQy1zU05IZEtLcXdob3g5QWpZNkRMeGVUUTlKQjhFMU1sVzlOTHZPX05SYkpURFV4bVpLVGhlUUJUZ2ZVMVRtNnk3TFdiSHdhejF4a01jX0JrYUdlcHNWSHliUDQ?oc=5\" target=\"_blank\" rel=\"nofollow noopener\">PSG. \u00ab Luis Enrique a \u00e9t\u00e9 direct avec moi \u00bb, r\u00e9v\u00e8le Gianluigi Donnarumma, parti \u00e0 Manchester City<\/a>&nbsp;&nbsp;Ouest-France<\/li>\n<li><a href=\"https:\/\/news.google.com\/rss\/articles\/CBMixgFBVV95cUxPOVFiZlhvb1J5WUNpTE5uYnpCS2FZMVdMTU1oekczcFExZlZSajQ2bElFMXZoM0d6cFBaQ3doREFBbkpUb3lsTTIySDExblQtM3ZBaWFCbmhNNlZ4Y083ODJhb1pIT2VwX05oQkt4UFQzdUlkTy1ieEwwLUNIVWtpQ1lSWHNPRk1TLXB4QWxQQzRwUDN4a05DZlkzNk9ULXl6el94SmhnVks2d0RXUFk1dUZaZFlPNERpSkhyODQ5cHVBUm8wd2c?oc=5\" target=\"_blank\" rel=\"nofollow noopener\">Donnarumma cordial avec le PSG et Luis Enrique &#8211; International &#8211; Italie<\/a>&nbsp;&nbsp;SO FOOT.com<\/li>\n<li><a href=\"https:\/\/news.google.com\/rss\/articles\/CBMi8gFBVV95cUxOR2FVLXhlUG84Sk1TZTNlOUNFN0t4WHVBYVcyc0p3SEVMVmREMnFMMThKU1ZCdU9KTXJtbGY0VTZFY1ZYa3RvQWdfUktnU3ZNeHRhbFVSSmZtdjc0aVdocHR1b1hSSzVGdTMtbWR6dFQ1WEk5Zm9veGVnNGZkb0dwcEVTMkc0WWU2d1NoYlZ6b0R0R09OTy1wTXdRTHdVcmQxUmJfRkhzaEdXbEs2SUtPOTdjWVQ4SGpTbTVrUXo2bXd6OEdxYzRINXNzTG5ReWw4c2xWWHlxWEs5ZlE5NTZiT3AxX1pLVzNvd0J4NzhsZUZxdw?oc=5\" target=\"_blank\" rel=\"nofollow noopener\">PSG : Gianluigi Donnarumma est-il une l\u00e9gende du Paris Saint-Germain ? (After Paris)<\/a>&nbsp;&nbsp;RMC Sport<\/li>\n<\/ol>\n","protected":false},"excerpt":{"rendered":"\u00ab Avec Gianluigi Donnarumma, l\u2019int\u00e9r\u00eat sup\u00e9rieur de l\u2019\u00e9quipe, en vigueur au PSG, a fait une victime de marque&hellip;\n","protected":false},"author":2,"featured_media":1445,"comment_status":"","ping_status":"","sticky":false,"template":"","format":"standard","meta":{"footnotes":""},"categories":[2],"tags":[11,1011,27,12,25],"class_list":{"0":"post-366495","1":"post","2":"type-post","3":"status-publish","4":"format-standard","5":"has-post-thumbnail","7":"category-actualites","8":"tag-actualites","9":"tag-fr","10":"tag-france","11":"tag-news","12":"tag-republique-francaise"},"share_on_mastodon":{"url":"https:\/\/pubeurope.com\/@fr\/115147851990919225","error":""},"_links":{"self":[{"href":"https:\/\/www.europesays.com\/fr\/wp-json\/wp\/v2\/posts\/366495","targetHints":{"allow":["GET"]}}],"collection":[{"href":"https:\/\/www.europesays.com\/fr\/wp-json\/wp\/v2\/posts"}],"about":[{"href":"https:\/\/www.europesays.com\/fr\/wp-json\/wp\/v2\/types\/post"}],"author":[{"embeddable":true,"href":"https:\/\/www.europesays.com\/fr\/wp-json\/wp\/v2\/users\/2"}],"replies":[{"embeddable":true,"href":"https:\/\/www.europesays.com\/fr\/wp-json\/wp\/v2\/comments?post=366495"}],"version-history":[{"count":0,"href":"https:\/\/www.europesays.com\/fr\/wp-json\/wp\/v2\/posts\/366495\/revisions"}],"wp:featuredmedia":[{"embeddable":true,"href":"https:\/\/www.europesays.com\/fr\/wp-json\/wp\/v2\/media\/1445"}],"wp:attachment":[{"href":"https:\/\/www.europesays.com\/fr\/wp-json\/wp\/v2\/media?parent=366495"}],"wp:term":[{"taxonomy":"category","embeddable":true,"href":"https:\/\/www.europesays.com\/fr\/wp-json\/wp\/v2\/categories?post=366495"},{"taxonomy":"post_tag","embeddable":true,"href":"https:\/\/www.europesays.com\/fr\/wp-json\/wp\/v2\/tags?post=366495"}],"curies":[{"name":"wp","href":"https:\/\/api.w.org\/{rel}","templated":true}]}}