{"id":366514,"date":"2025-09-04T20:23:09","date_gmt":"2025-09-04T20:23:09","guid":{"rendered":"https:\/\/www.europesays.com\/fr\/366514\/"},"modified":"2025-09-04T20:23:09","modified_gmt":"2025-09-04T20:23:09","slug":"apres-quelques-peripeties-elle-devoile","status":"publish","type":"post","link":"https:\/\/www.europesays.com\/fr\/366514\/","title":{"rendered":"apr\u00e8s \u201cquelques p\u00e9rip\u00e9ties\u201d, elle d\u00e9voile &#8230;"},"content":{"rendered":"<p>EN BREF<\/p>\n<ul class=\"bloc_resume_post_list\">\n<li>Le 4 septembre 2025, Agathe Auproux annonce la naissance<br \/>\nde son fils Thao avec Maxence Picardet.<\/li>\n<li>Le couple partage leur bonheur sur Instagram, exprimant<br \/>\nleur joie et fiert\u00e9 d\u00a0\u00bb\u00eatre parents.<\/li>\n<li>Des complications m\u00e9dicales et logistiques ont marqu\u00e9 la<br \/>\ngrossesse, rendant l&rsquo;arriv\u00e9e de Thao encore plus<br \/>\npr\u00e9cieuse.<\/li>\n<\/ul>\n<p data-start=\"312\" data-end=\"645\"><a href=\"https:\/\/www.telestar.fr\/people\/agathe-auproux-tres-enceinte-un-imprevu-loblige-a-revoir-ses-plans-et-ses-priorites-1723790\" target=\"_blank\" rel=\"noopener\"><br \/>\nAgathe Auproux<\/a> est devenue <strong>maman<\/strong> ! Ce jeudi 4<br \/>\nseptembre 2025, <a href=\"https:\/\/www.telestar.fr\/people\/agathe-auproux-je-perds-pied-enceinte-elle-publie-un-message-bouleversant-et-une-photo-inquietante-1730518\" target=\"_blank\" rel=\"noopener\"><br \/>\nl\u2019ex-chroniqueuse de Cyril Hanouna<\/a> a annonc\u00e9 une merveilleuse<br \/>\nnouvelle \u00e0 ses abonn\u00e9s : la <strong>naissance<\/strong> de son<br \/>\npremier enfant. Apr\u00e8s plusieurs jours de <strong>silence<\/strong>,<br \/>\nla jeune maman a choisi Instagram pour partager son<br \/>\n<strong>bonheur<\/strong> avec son mari, <a href=\"https:\/\/www.telestar.fr\/people\/agathe-auproux-fiancee-elle-devoile-lidentite-de-son-futur-mari-sophie-coste-voit-rouge-1696586\" target=\"_blank\" rel=\"noopener\"><br \/>\nMaxence Picardet<\/a>, et leur petit gar\u00e7on.<\/p>\n<p data-start=\"647\" data-end=\"1048\">Dans une s\u00e9quence film\u00e9e \u00e0 la<br \/>\nmaternit\u00e9, le couple appara\u00eet <strong>combl\u00e9<\/strong>, c\u00e2linant le<br \/>\nnourrisson. \u201cMon <strong>monde entier<\/strong> est sur cette<br \/>\nvid\u00e9o, et je suis tellement <strong>heureuse<\/strong> de le<br \/>\npartager avec vous. <strong>Notre fils, notre bonheur, notre<br \/>\nmerveilleux amour<\/strong>\u2026 Quelle <strong>fiert\u00e9<\/strong>, mais<br \/>\nimmense, d\u2019\u00eatre ta maman.\u201d a \u00e9crit <a href=\"https:\/\/www.telestar.fr\/actu_tv\/tlmvpsp\/tpmp-une-ex-chroniqueuse-annonce-son-mariage-et-en-dit-plus-sur-son-mysterieux-fiance-1695287\" target=\"_blank\" rel=\"noopener\"><br \/>\nl\u2019ancienne chroniqueuse de TPMP<\/a>, recevant instantan\u00e9ment une<br \/>\navalanche de messages de f\u00e9licitations.<\/p>\n<blockquote class=\"instagram-media\" style=\"background: #ffffff;border: 0;margin: 1px;width: 100%;padding: 0;max-width: 500px;\" data-instgrm-permalink=\"https:\/\/www.instagram.com\/p\/DOL5kuNjFwT\/\" data-instgrm-version=\"14\"\/><p>\nQuel est le pr\u00e9nom du fils d\u2019Agathe Auproux ?<\/p>\n<p data-start=\"1099\" data-end=\"1528\">\u2018\u2018<strong>Le 18 ao\u00fbt 2025,<br \/>\nThao est n\u00e9.<\/strong>\u201d C\u2019est donc un petit gar\u00e7on pr\u00e9nomm\u00e9<br \/>\n<strong data-start=\"1135\" data-end=\"1143\">Thao<\/strong> qui comble<br \/>\nd\u00e9sormais l\u2019influenceuse. Dans son message, Agathe Auproux a aussi<br \/>\ntenu \u00e0 remercier son entourage. \u201c<strong>Merci<\/strong> la<br \/>\n<strong>vie,<\/strong> merci \u00e0 ma <strong>gyn\u00e9cologue<\/strong>, mon<br \/>\n<strong>amie<\/strong>, de m\u2019avoir accompagn\u00e9e pour <strong>mettre<br \/>\nau monde ce b\u00e9b\u00e9 parfait apr\u00e8s quelques \u2018p\u00e9rip\u00e9ties\u2019<br \/>\ninattendues<\/strong> que je vous raconterai bient\u00f4t. Et merci \u00e0<br \/>\nvous pour tous vos <strong>jolis messages pendant mon<br \/>\nsilence.<\/strong> Bisous de nous trois.\u201d<\/p>\n<p data-start=\"1530\" data-end=\"1836\">Une annonce tr\u00e8s attendue,<br \/>\npuisque d\u00e8s mars dernier, la jeune femme avait partag\u00e9 sa grossesse<br \/>\navec \u00e9motion : \u201cActuellement en train de fabriquer un<br \/>\n<strong>\u00eatre humain dans mon ventre<\/strong>\u2026 Vous le savez, j\u2019ai<br \/>\neu un <strong>cancer \u00e0 l\u2019\u00e2ge de 27 ans,<\/strong> alors longtemps<br \/>\nj\u2019ai cru que \u00e7a allait \u00eatre un <strong>chemin compliqu\u00e9 pour<br \/>\nmoi.<\/strong><strong>\u201d<\/strong><\/p>\n<p>Une<br \/>\ngrossesse sem\u00e9e d\u2019emb\u00fbches pour l\u2019ex-chroniqueuse de TPMP<\/p>\n<p data-start=\"1880\" data-end=\"2277\">Si l\u2019arriv\u00e9e de Thao comble de<br \/>\njoie ses parents, les mois pr\u00e9c\u00e9dents n\u2019ont <strong>pas \u00e9t\u00e9<br \/>\nfaciles<\/strong>. En mai, Agathe Auproux avait r\u00e9v\u00e9l\u00e9 attendre un<br \/>\npetit gar\u00e7on. \u201c<strong>Pas de feux d\u2019artifice rose ou<br \/>\nbleu<\/strong>\u2026 simplement cette petite vid\u00e9o. On est tellement<br \/>\n<strong>heureux<\/strong>.\u201d Mais la grossesse a \u00e9t\u00e9 marqu\u00e9e par<br \/>\nune <strong>d\u00e9pression pr\u00e9natale<\/strong> et la n\u00e9cessit\u00e9 d\u2019une<br \/>\n<strong>c\u00e9sarienne programm\u00e9e<\/strong> en raison d\u2019un<br \/>\n<strong>placenta mal positionn\u00e9.<\/strong><\/p>\n<p data-start=\"2279\" data-end=\"2627\">\u00c0 ces complications m\u00e9dicales<br \/>\ns\u2019ajoutaient des <strong>probl\u00e8mes logistiques.<\/strong><br \/>\n\u201cDepuis le 1er mai <strong>nous n\u2019avons plus de \u2018chez<br \/>\nnous\u2019<\/strong>. Max a vendu son appart et on <strong>attend de<br \/>\npouvoir rentrer dans la maison qu\u2019on ach\u00e8te<\/strong>\u2026 Donc on a<br \/>\n<strong>lou\u00e9<\/strong> un truc en <strong>urgence<\/strong> (mais<br \/>\n<strong>pas de clim\u2019<\/strong>).\u201d avait-elle confi\u00e9. Elle<br \/>\n\u00e9voquait des semaines de <strong>stress<\/strong> et de<br \/>\n<strong>d\u00e9m\u00e9nagements permanents.<\/strong><\/p>\n<p><script async src=\"\/\/www.instagram.com\/embed.js\"><\/script><\/p>\n","protected":false},"excerpt":{"rendered":"EN BREF Le 4 septembre 2025, Agathe Auproux annonce la naissance de son fils Thao avec Maxence Picardet.&hellip;\n","protected":false},"author":2,"featured_media":366515,"comment_status":"","ping_status":"","sticky":false,"template":"","format":"standard","meta":{"footnotes":""},"categories":[1359],"tags":[50092,548,58,59,1011,27,973],"class_list":{"0":"post-366514","1":"post","2":"type-post","3":"status-publish","4":"format-standard","5":"has-post-thumbnail","7":"category-people","8":"tag-agathe-auproux","9":"tag-article-simple","10":"tag-divertissement","11":"tag-entertainment","12":"tag-fr","13":"tag-france","14":"tag-people"},"share_on_mastodon":{"url":"https:\/\/pubeurope.com\/@fr\/115147899086791538","error":""},"_links":{"self":[{"href":"https:\/\/www.europesays.com\/fr\/wp-json\/wp\/v2\/posts\/366514","targetHints":{"allow":["GET"]}}],"collection":[{"href":"https:\/\/www.europesays.com\/fr\/wp-json\/wp\/v2\/posts"}],"about":[{"href":"https:\/\/www.europesays.com\/fr\/wp-json\/wp\/v2\/types\/post"}],"author":[{"embeddable":true,"href":"https:\/\/www.europesays.com\/fr\/wp-json\/wp\/v2\/users\/2"}],"replies":[{"embeddable":true,"href":"https:\/\/www.europesays.com\/fr\/wp-json\/wp\/v2\/comments?post=366514"}],"version-history":[{"count":0,"href":"https:\/\/www.europesays.com\/fr\/wp-json\/wp\/v2\/posts\/366514\/revisions"}],"wp:featuredmedia":[{"embeddable":true,"href":"https:\/\/www.europesays.com\/fr\/wp-json\/wp\/v2\/media\/366515"}],"wp:attachment":[{"href":"https:\/\/www.europesays.com\/fr\/wp-json\/wp\/v2\/media?parent=366514"}],"wp:term":[{"taxonomy":"category","embeddable":true,"href":"https:\/\/www.europesays.com\/fr\/wp-json\/wp\/v2\/categories?post=366514"},{"taxonomy":"post_tag","embeddable":true,"href":"https:\/\/www.europesays.com\/fr\/wp-json\/wp\/v2\/tags?post=366514"}],"curies":[{"name":"wp","href":"https:\/\/api.w.org\/{rel}","templated":true}]}}