{"id":366518,"date":"2025-09-04T20:25:10","date_gmt":"2025-09-04T20:25:10","guid":{"rendered":"https:\/\/www.europesays.com\/fr\/366518\/"},"modified":"2025-09-04T20:25:10","modified_gmt":"2025-09-04T20:25:10","slug":"coup-denvoi-de-lisons-libres-premier-salon-de-ledition-independante-et-francilienne","status":"publish","type":"post","link":"https:\/\/www.europesays.com\/fr\/366518\/","title":{"rendered":"Coup d&rsquo;envoi de \u00ab Lisons libres ! \u00bb, premier salon de l\u2019\u00e9dition ind\u00e9pendante et francilienne"},"content":{"rendered":"<p><strong>Livres Hebdo\u00a0: Qu\u2019est-ce qui a motiv\u00e9 la cr\u00e9ation de cette nouvelle manifestation litt\u00e9raire\u00a0?<\/strong><\/p>\n<p><strong>Laurence Faron\u00a0:<\/strong>\u00a0Il s\u2019agit d\u2019une initiative de l\u2019Edif (Edition ind\u00e9pendante en \u00cele-de-France), jeune association cr\u00e9\u00e9e \u00e0 l\u2019initiative de quelques \u00e9diteurs et \u00e9ditrices qui avaient fait le constat que l\u2019\u00e9dition ind\u00e9pendante \u00e9tait m\u00e9connue du grand public, mais aussi de l\u2019interprofession. Les trois premi\u00e8res ann\u00e9es ont \u00e9t\u00e9 consacr\u00e9es \u00e0 la structuration de l\u2019association et \u00e0 une campagne d\u2019adh\u00e9sions r\u00e9ussie puisque que nous sommes d\u00e9j\u00e0 plus de 80 membres. Il s\u2019agit d\u00e9sormais de nous faire conna\u00eetre et de faire conna\u00eetre au public la richesse et la diversit\u00e9 nos maisons, mais aussi leurs besoins et leurs contraintes.<\/p>\n<p><strong>Vous \u00e9voquez \u00e0 juste titre les sp\u00e9cificit\u00e9s des maisons ind\u00e9pendantes. Qu\u2019en est-il plus pr\u00e9cis\u00e9ment de celles qui sont \u00e0 la fois ind\u00e9pendantes et franciliennes ?<\/strong><\/p>\n<p><strong>L.F\u00a0:<\/strong> La question est d\u2019abord r\u00e9gionale\u00a0: l\u2019\u00cele-de-France est le territoire qui concentre le plus grand nombre de maisons ind\u00e9pendantes.\u00a0D\u2019ailleurs, nous ne savons pas combien nous sommes exactement. Nous avons pour objectif de nous recenser, et de dresser un premier panorama de l\u2019\u00e9dition ind\u00e9pendante en \u00cele-de-France. Cela fera l\u2019objet d\u2019une \u00e9tude soutenue par la Sofia, le minist\u00e8re de la Culture et la r\u00e9gion \u00cele-de-France, qui sera men\u00e9e dans les mois \u00e0 venir.<\/p>\n<p>\u00a0\u00ab\u00a0La lecture reste encore le meilleur moyen de r\u00e9sister\u00a0\u00bb<\/p>\n<p><strong>Justement, pour cette premi\u00e8re \u00e9dition, avez-vous re\u00e7u le soutien des institutions publiques\u00a0?<\/strong><\/p>\n<p><strong>L.F\u00a0:<\/strong> La municipalit\u00e9 de Paris, en particulier la mairie de Paris Centre, nous accueille \u00e0 la Halle des Blancs Manteaux. La r\u00e9gion \u00cele-de-France nous accompagne financi\u00e8rement, tandis que Fontaine O Livres, l\u2019imprimeur Sepec ou encore l\u2019association Paris Librairies sont partenaires de l\u2019\u00e9v\u00e9nement. Enfin, ICCARE, programme de recherche du CNRS, nous a \u00e9galement aid\u00e9s en concevant un programme de rencontres, de d\u00e9bats et d\u2019ateliers de haut niveau pour la journ\u00e9e professionnelle.<\/p>\n<p><strong>Elsa Pierrot\u00a0: <\/strong>L&rsquo;association a aussi souhait\u00e9 associer les librairies \u00e0 la manifestation, \u00e0 travers un \u00e9change de visibilit\u00e9 avec l\u2019association Paris Libraires, mais aussi en invitant une librairie \u00e0 intervenir \u00e0 une des tables rondes : <strong>Ana Maria Torres<\/strong>, libraire aux Nouveaut\u00e9s (Paris XXe), mais \u00e9galement autrice, traductrice et directrice d&rsquo;une collection chez Chandeigne. Outre cela, nous avons veill\u00e9, lors de la programmation, \u00e0 nous associer autant que possible aux biblioth\u00e8ques de la Ville de Paris, avec deux ateliers d\u00e9di\u00e9s au jeune public, et organis\u00e9s \u00e0 Forney et Marguerite Audoux.<\/p>\n<p><strong>Cette nouvelle f\u00eate\u00a0du livre est intitul\u00e9e \u00ab\u00a0Lisons libres\u00a0! \u00bb. Pouvez-vous expliciter le choix de ce nom\u00a0? <\/strong><\/p>\n<p><strong>L.F\u00a0:<\/strong> Ces deux mots nous ont sembl\u00e9 tr\u00e8s importants et tout \u00e0 fait en lien avec notre association. D\u2019ailleurs, livre et libert\u00e9 sont des notions assez proches de celles de l\u2019\u00e9dition et de l\u2019ind\u00e9pendance. Nous souhaitions \u00e9galement un nom dynamique, con\u00e7u non comme une injonction, mais comme une invitation \u00e0 lire ensemble. Car la lecture reste encore, de nos jours, le meilleur moyen de r\u00e9sister au tout-\u00e9cran, au formatage des esprits, \u00e0 la d\u00e9sinformation et \u00e0 l\u2019endoctrinement. Affirmer notre libert\u00e9 de penser, de cr\u00e9er et de publier est plus que jamais n\u00e9cessaire.<\/p>\n<p>\u00ab\u00a0Si certaines \u0153uvres n&rsquo;ont pas vocation \u00e0 toucher un large public, elles n&rsquo;en restent pas moins n\u00e9cessaires\u00a0\u00bb<\/p>\n<p><strong>\u00c0 leur propre \u00e9chelle, que peuvent imaginer les maisons et librairies ind\u00e9pendantes pour r\u00e9sister face aux difficult\u00e9s contemporaines, parmi lesquelles une conjoncture \u00e9conomique plut\u00f4t d\u00e9favorable\u00a0? <\/strong><\/p>\n<p><strong>L.F\u00a0:<\/strong> Je pense que l\u2019Edif, comme ce salon, apporte d\u00e9j\u00e0 une r\u00e9ponse. Se f\u00e9d\u00e9rer, mieux se conna\u00eetre, travailler ensemble, mutualiser nos forces font partie des initiatives que l\u2019on peut mettre en place pour essayer de r\u00e9sister \u00e0 la pression \u00e9conomique qui touche tout le monde, y compris les grandes maisons. \u00catre ensemble devrait aussi nous faire gagner en visibilit\u00e9 en librairie et dans la presse, nous conf\u00e9rer\u00a0plus de poids en librairie et peut aussi attirer l\u2019attention des prescripteurs, de la presse, des biblioth\u00e9caires ou des enseignants. Et puis, si certaines \u0153uvres n\u2019ont pas vocation \u00e0 toucher un large public, elles n\u2019en restent pas moins n\u00e9cessaires, et c\u2019est souvent l\u2019\u00e9dition ind\u00e9pendante qui les soutient.<\/p>\n<p><strong>Par exemple, le parrain de cette \u00e9dition n\u2019est autre que Gilles Marchand, auteur pl\u00e9biscit\u00e9 qui ne publie qu\u2019au sein de petites structures\u2026<\/strong><\/p>\n<p><strong>L.F\u00a0:<\/strong> Tout \u00e0 fait. <strong>Gilles Marchand<\/strong> est un auteur \u00e0 succ\u00e8s, avec une actualit\u00e9 litt\u00e9raire en septembre et\u00a0publi\u00e9 par des maisons ind\u00e9pendantes comme les \u00e9ditions Le Sonneur, Antidata ou, plus r\u00e9cemment, Aux Forges de Vulcain. En l\u2019invitant \u00e0 parrainer l\u2019\u00e9v\u00e9nement, nous tenions \u00e0 montrer qu\u2019il y a des auteurs talentueux, reconnus, ayant du succ\u00e8s critique et commercial,\u00a0qui choisissent l\u2019\u00e9dition ind\u00e9pendante et tiennent \u00e0 ce qu\u2019elle r\u00e9siste.<\/p>\n<p>          Banni\u00e8re de la premi\u00e8re \u00e9dition de \u00ab\u00a0Lisons libres !\u00a0\u00bb, premi\u00e8re f\u00eate de l&rsquo;\u00e9dition ind\u00e9pendante et francilienne.- Photo EDIF<\/p>\n<p>Pour t\u00e9l\u00e9charger ce document, vous devez d&rsquo;abord acheter l&rsquo;article correspondant.<\/p>\n<p><strong>Pouvez-vous d\u00e9tailler les temps forts de la programmation\u00a0? <\/strong><\/p>\n<p><strong>E.P\u00a0:<\/strong> Le programme compte quatre tables rondes, le samedi et le dimanche, en compl\u00e9ment des rencontres professionnelles qui se tiendront le vendredi. Quatre ateliers\u00a0sont \u00e9galement propos\u00e9s : deux en biblioth\u00e8ques et deux grands ateliers participatifs \u00e0 la Halle des Blancs-Manteaux. Une des rencontres s\u2019interrogera sur l\u2019impact de l\u2019intelligence artificielle dans les m\u00e9tiers de l\u2019\u00e9dition, en partenariat avec le programme de recherche ICCARE. Une autre, dimanche, sera anim\u00e9e par <strong>Sophie Queteville<\/strong>, avec trois membres, anciens ou actuels, du bureau de l\u2019Edif\u00a0: <strong>Val\u00e9rie Millet<\/strong> (\u00e9ditions du Sonneur), <strong>Serge Ewenczyk<\/strong> (\u00e9ditions \u00c7\u00e0 et l\u00e0) et L\u00e9a Th\u00e9venot (\u00e9ditions Rue de l\u2019\u00c9chiquier). Ensemble, ils \u00e9voqueront les forces et les fragilit\u00e9s des \u00e9diteurs ind\u00e9pendants, mais aussi le r\u00f4le que peuvent jouer l\u2019association et ce nouveau salon. Une autre table ronde, cette fois anim\u00e9e par <strong>Ga\u00eblle Boh\u00e9,<\/strong> directrice de l\u2019association Fontaine O Livres, explorera la cr\u00e9ativit\u00e9 des \u00e9diteurs ind\u00e9pendants. Seront pr\u00e9sentes <strong>Julie\u00a0Amiot-Guillouet,<\/strong> autrice publi\u00e9e aux \u00e9ditions D\u2019une rive \u00e0 l\u2019autre, <strong>Isabelle Checcaglini,<\/strong> fondatrice des \u00e9ditions Ypsilon, ainsi que la libraire Ana Maria Torres, qui viendra pr\u00e9senter ses six coups de c\u0153ur, parmi lesquels un titre de la jeune maison \u00c0 la Renverse, cr\u00e9\u00e9e par le master d\u2019\u00e9dition de la Sorbonne, \u00e9galement pr\u00e9sent lors du salon.<\/p>\n<p><strong>Cette manifestation est-elle destin\u00e9e \u00e0 s\u2019installer durablement dans l\u2019agenda des \u00e9v\u00e9nements litt\u00e9raires\u00a0?<\/strong><\/p>\n<p><strong>L.F\u00a0:\u00a0<\/strong>En effet, Lisons Libres\u00a0! sera un rendez-vous annuel. Nous esp\u00e9rons que la prochaine \u00e9dition pourra de nouveau se tenir \u00e0 la Halle des Blancs Manteaux, qui est une salle magnifique et embl\u00e9matique de la vie parisienne, culturelle et citoyenne. Pour le moment, rendez-vous \u00e0 partir de vendredi pour trois jours de f\u00eate de l\u2019\u00e9dition ind\u00e9pendante.<\/p>\n","protected":false},"excerpt":{"rendered":"Livres Hebdo\u00a0: Qu\u2019est-ce qui a motiv\u00e9 la cr\u00e9ation de cette nouvelle manifestation litt\u00e9raire\u00a0? Laurence Faron\u00a0:\u00a0Il s\u2019agit d\u2019une initiative&hellip;\n","protected":false},"author":2,"featured_media":366519,"comment_status":"","ping_status":"","sticky":false,"template":"","format":"standard","meta":{"footnotes":""},"categories":[1357],"tags":[1379,58,59,1011,27,1380],"class_list":{"0":"post-366518","1":"post","2":"type-post","3":"status-publish","4":"format-standard","5":"has-post-thumbnail","7":"category-livres","8":"tag-books","9":"tag-divertissement","10":"tag-entertainment","11":"tag-fr","12":"tag-france","13":"tag-livres"},"share_on_mastodon":{"url":"https:\/\/pubeurope.com\/@fr\/115147907050627637","error":""},"_links":{"self":[{"href":"https:\/\/www.europesays.com\/fr\/wp-json\/wp\/v2\/posts\/366518","targetHints":{"allow":["GET"]}}],"collection":[{"href":"https:\/\/www.europesays.com\/fr\/wp-json\/wp\/v2\/posts"}],"about":[{"href":"https:\/\/www.europesays.com\/fr\/wp-json\/wp\/v2\/types\/post"}],"author":[{"embeddable":true,"href":"https:\/\/www.europesays.com\/fr\/wp-json\/wp\/v2\/users\/2"}],"replies":[{"embeddable":true,"href":"https:\/\/www.europesays.com\/fr\/wp-json\/wp\/v2\/comments?post=366518"}],"version-history":[{"count":0,"href":"https:\/\/www.europesays.com\/fr\/wp-json\/wp\/v2\/posts\/366518\/revisions"}],"wp:featuredmedia":[{"embeddable":true,"href":"https:\/\/www.europesays.com\/fr\/wp-json\/wp\/v2\/media\/366519"}],"wp:attachment":[{"href":"https:\/\/www.europesays.com\/fr\/wp-json\/wp\/v2\/media?parent=366518"}],"wp:term":[{"taxonomy":"category","embeddable":true,"href":"https:\/\/www.europesays.com\/fr\/wp-json\/wp\/v2\/categories?post=366518"},{"taxonomy":"post_tag","embeddable":true,"href":"https:\/\/www.europesays.com\/fr\/wp-json\/wp\/v2\/tags?post=366518"}],"curies":[{"name":"wp","href":"https:\/\/api.w.org\/{rel}","templated":true}]}}