{"id":366520,"date":"2025-09-04T20:26:12","date_gmt":"2025-09-04T20:26:12","guid":{"rendered":"https:\/\/www.europesays.com\/fr\/366520\/"},"modified":"2025-09-04T20:26:12","modified_gmt":"2025-09-04T20:26:12","slug":"le-soufflet-est-retombe-pour-ce-restaurant-vu-dans-cauchemar-en-cuisine-ce-couple-qui-avait-emu-les-telespectateurs-lance-un-appel","status":"publish","type":"post","link":"https:\/\/www.europesays.com\/fr\/366520\/","title":{"rendered":"Le soufflet est retomb\u00e9 pour ce restaurant vu dans Cauchemar en cuisine : ce couple qui avait \u00e9mu les t\u00e9l\u00e9spectateurs lance un appel"},"content":{"rendered":"<p>            <img loading=\"lazy\" decoding=\"async\" src=\"https:\/\/www.europesays.com\/fr\/wp-content\/uploads\/2025\/04\/67-60dc2d2db82b7-35x35-1.jpg\" class=\"author-article-picture\" width=\"35\" height=\"35\"\/><\/p>\n<p>                Par<br \/>\n                                    <a class=\"author-article-bio-link\" href=\"https:\/\/www.purepeople.com\/auteur\/hiba-semali_a67\" target=\"_blank\" rel=\"noopener\">Hiba Semali<\/a><br \/>\n                                                    | R\u00e9dactrice<\/p>\n<p>\n                Rattach\u00e9e \u00e0 la rubrique t\u00e9l\u00e9, Hiba Semali se consacre au petit \u00e9cran. The Voice, Koh-Lanta, Top Chef, Secret Story, Star Academy ou encore Les Marseillais n&rsquo;ont aucun secret pour elle.\n            <\/p>\n<p>\n    En faisant appel \u00e0 Philippe Etchebest dans \u00ab\u00a0Cauchemar en cuisine\u00a0\u00bb, les restaurateurs s&rsquo;attendent \u00e0 des miracles. Mais parfois, la magie n&rsquo;op\u00e8re pas. Un couple de patrons vu il y a trois ans dans l&rsquo;\u00e9mission de M6 donne de ses nouvelles. Et il semble que les difficult\u00e9s sont toujours pr\u00e9sentes.\n<\/p>\n<p>                            <img loading=\"lazy\" decoding=\"async\" class=\"player-thumbnail\" src=\"https:\/\/www.europesays.com\/fr\/wp-content\/uploads\/2025\/09\/a39210c8957d580c-580x326-2.png\" width=\"580\" height=\"326\"\/><\/p>\n<p>                    Le soufflet est retomb\u00e9 pour ce restaurant vu dans Cauchemar en cuisine : ce couple qui avait \u00e9mu les t\u00e9l\u00e9spectateurs lance un appel<\/p>\n<p>La suite apr\u00e8s la publicit\u00e9<\/p>\n<p>Dans <strong>Cauchemar en cuisine<\/strong>, <a href=\"https:\/\/www.purepeople.com\/people\/philippe-etchebest_p189583\" target=\"_blank\" rel=\"noopener\"><strong>Philippe Etchebest<\/strong><\/a> vient en aide aux restaurateurs en difficult\u00e9. Son r\u00f4le est de les accompagner dans une mission souvent houleuse : redresser la barre de l&rsquo;\u00e9tablissement. Mais le c\u00e9l\u00e8bre chef bordelais n&rsquo;est pas magicien&#8230; Depuis le lancement de l&rsquo;\u00e9mission en 2011, <a href=\"https:\/\/www.purepeople.com\/article\/apres-cauchemar-en-cuisine-des-dizaines-de-restaurants-fermes-quand-la-production-arrive-il-est-deja-trop-tard-pour-certains_a539244\/1\" target=\"_blank\" rel=\"noopener\">32 restaurants sont encore ouverts<\/a> tandis que 50 ont mis la cl\u00e9 sous la porte, comme <a href=\"https:\/\/www.purepeople.com\/article\/exclu-6-mois-apres-cauchemar-en-cuisine-alexis-oblige-de-mettre-la-cle-sous-la-porte-edf-ma-coupe-le-gaz-du-jour-au-lendemain_a538420\/1\" target=\"_blank\" rel=\"noopener\">Le P\u00e8re Alex, cr\u00eaperie d&rsquo;Alexis<\/a>, ou encore <a href=\"https:\/\/www.purepeople.com\/article\/exclu-un-an-apres-cauchemar-en-cuisine-joanne-obligee-de-vendre-son-restaurant-il-ny-a-jamais-eu-assez-de-tresorerie_a538103\/1\" target=\"_blank\" rel=\"noopener\">Joanne qui avait mis en vente son \u00e9tablissement<\/a>, La Maison de l&rsquo;\u00e9curie. D\u00e9sormais, ce sont d&rsquo;autres participants \u00e0 Cauchemar en cuisine qui donnent des nouvelles.<\/p>\n<p>En 2022, direction le Finist\u00e8re pour l&rsquo;acolyte d&rsquo;<a href=\"https:\/\/www.purepeople.com\/people\/helene-darroze_p271566\" target=\"_blank\" rel=\"noopener\">H\u00e9l\u00e8ne Darroze<\/a>, <a href=\"https:\/\/www.purepeople.com\/people\/paul-pairet_p553459\" target=\"_blank\" rel=\"noopener\">Paul Pairet<\/a>, Glenn Viel et St\u00e9phanie Le Quellec dans Top Chef. Il \u00e9tait ainsi question d&rsquo;aider <strong>Marie-Laure Guillou et Patrice Cabioch, patrons du restaurant <\/strong><strong>Guillec <\/strong><strong>\u00e0 Plouz\u00e9v\u00e9d\u00e9<\/strong>. Lui en cuisine, elle en g\u00e9rante, le couple travaille main dans la main dans cet \u00e9tablissement qui est dans la famille depuis des g\u00e9n\u00e9rations. La m\u00e8re de Marie-Laure a tenu le lieu pendant 40 ans, et sa grand-m\u00e8re l&rsquo;a fait avant elle. \u00ab\u00a0Il a \u00e9t\u00e9 construit par mes grands-parents dans les ann\u00e9es 1970\u00a0\u00bb, explique-t-elle \u00e0 Ouest-France. A l&rsquo;\u00e9poque, c&rsquo;\u00e9tait une v\u00e9ritable institution qui accueillait bien du monde venu manger \u00ab\u00a0\u00e0 la bonne franquette\u00a0\u00bb. Marie-Laure a repris les r\u00eanes du restaurant en 2015. Tout allait bien jusqu&rsquo;\u00e0 la pand\u00e9mie de Covid-19 : \u00ab\u00a0<strong>On s&rsquo;est retrouv\u00e9 \u00e0 faire deux ou trois couverts le samedi midi, le soir, et pareil le dimanche.<\/strong>\u00a0\u00bb Depuis, \u00e7a n&rsquo;a pas red\u00e9marr\u00e9. D&rsquo;o\u00f9 l&rsquo;appel \u00e0 la production de Cauchemar en cuisine. Une fois sur place, Philippe Etchebest n&rsquo;a pas compris : service, cuisine, propret\u00e9, tout (ou presque) \u00e9tait irr\u00e9prochable. La diffusion du 14 mars 2022 a relanc\u00e9 la machine !<\/p>\n<\/p>\n<p>Cauchemar en cuisine : Marie-Laure et Patrice dans le rouge, ils appellent \u00ab\u00a0au secours\u00a0\u00bb\u00a0<\/p>\n<p>Mais trois ans plus tard, rien ne va plus. \u00ab\u00a0Je pense que les gens sont persuad\u00e9s qu&rsquo;on a du monde mais <strong>\u00e7a fait une bonne ann\u00e9e qu&rsquo;on est en baisse. J&rsquo;ai divis\u00e9 mon salaire par deux<\/strong>\u00ab\u00a0, souffle ainsi la patronne, toujours \u00e0 Ouest-France. Le 1er ao\u00fbt dernier, le couple a lanc\u00e9 \u00ab\u00a0un appel au secours\u00a0\u00bb sur Facebook. \u00ab\u00a0Un moment tr\u00e8s compliqu\u00e9\u00a0\u00bb est \u00e9voqu\u00e9 en l\u00e9gende d&rsquo;une photo de Marie-Laure, Patrice et Philippe Etchebest.<\/p>\n<\/p>\n<p>\u00ab\u00a0Nous avons besoin des clients, si vous pouviez nous aider \u00e0 nous faire la publicit\u00e9. Nous redonner un \u00e9lan car <strong>nous sommes dans un moment compliqu\u00e9<\/strong>. Patrice se donne tellement de mal pour satisfaire la client\u00e8le qui n est plus l\u00e0. Si vous avez des id\u00e9es elles sont bienvenues. En France 25 restaurants ferme par jour !\u00a0\u00bb, peut-on lire en commentaires. Une situation peu \u00e9vidente pour ces restaurateurs qui mettent du c\u0153ur \u00e0 l&rsquo;ouvrage en proposant des menus accessibles \u00e0 tous avec des produits locaux et des recettes savoureuses.<\/p>\n","protected":false},"excerpt":{"rendered":"Par Hiba Semali | R\u00e9dactrice Rattach\u00e9e \u00e0 la rubrique t\u00e9l\u00e9, Hiba Semali se consacre au petit \u00e9cran. The&hellip;\n","protected":false},"author":2,"featured_media":366521,"comment_status":"","ping_status":"","sticky":false,"template":"","format":"standard","meta":{"footnotes":""},"categories":[1356],"tags":[58,59,1011,27,252,1364],"class_list":{"0":"post-366520","1":"post","2":"type-post","3":"status-publish","4":"format-standard","5":"has-post-thumbnail","7":"category-television","8":"tag-divertissement","9":"tag-entertainment","10":"tag-fr","11":"tag-france","12":"tag-television","13":"tag-tv"},"share_on_mastodon":{"url":"https:\/\/pubeurope.com\/@fr\/115147910956191217","error":""},"_links":{"self":[{"href":"https:\/\/www.europesays.com\/fr\/wp-json\/wp\/v2\/posts\/366520","targetHints":{"allow":["GET"]}}],"collection":[{"href":"https:\/\/www.europesays.com\/fr\/wp-json\/wp\/v2\/posts"}],"about":[{"href":"https:\/\/www.europesays.com\/fr\/wp-json\/wp\/v2\/types\/post"}],"author":[{"embeddable":true,"href":"https:\/\/www.europesays.com\/fr\/wp-json\/wp\/v2\/users\/2"}],"replies":[{"embeddable":true,"href":"https:\/\/www.europesays.com\/fr\/wp-json\/wp\/v2\/comments?post=366520"}],"version-history":[{"count":0,"href":"https:\/\/www.europesays.com\/fr\/wp-json\/wp\/v2\/posts\/366520\/revisions"}],"wp:featuredmedia":[{"embeddable":true,"href":"https:\/\/www.europesays.com\/fr\/wp-json\/wp\/v2\/media\/366521"}],"wp:attachment":[{"href":"https:\/\/www.europesays.com\/fr\/wp-json\/wp\/v2\/media?parent=366520"}],"wp:term":[{"taxonomy":"category","embeddable":true,"href":"https:\/\/www.europesays.com\/fr\/wp-json\/wp\/v2\/categories?post=366520"},{"taxonomy":"post_tag","embeddable":true,"href":"https:\/\/www.europesays.com\/fr\/wp-json\/wp\/v2\/tags?post=366520"}],"curies":[{"name":"wp","href":"https:\/\/api.w.org\/{rel}","templated":true}]}}