{"id":366522,"date":"2025-09-04T20:27:11","date_gmt":"2025-09-04T20:27:11","guid":{"rendered":"https:\/\/www.europesays.com\/fr\/366522\/"},"modified":"2025-09-04T20:27:11","modified_gmt":"2025-09-04T20:27:11","slug":"radio-france-doit-devenir-plus-attractif-pour-les-jeunes-que-tiktok","status":"publish","type":"post","link":"https:\/\/www.europesays.com\/fr\/366522\/","title":{"rendered":"\u00ab\u00a0Radio France doit devenir plus attractif pour les jeunes que TikTok\u00a0\u00bb"},"content":{"rendered":"<p><strong>ENTRETIEN EXCLUSIF &#8211;<\/strong> Nouvelles voix, radios num\u00e9riques pour enfants, renforcement de l\u2019offre de contenus scientifiques\u2026 Malgr\u00e9 le contexte incertain, la PDG du groupe public multiplie les projets, refusant de c\u00e9der \u00e0 l\u2019inertie.<\/p>\n<p class=\"fig-paragraph\">Une gr\u00e8ve en guise de coup d\u2019envoi de la saison, la perspective d\u2019un\u00a0<a href=\"http:\/\/www.lefigaro.fr\/medias\/l-incertitude-plane-sur-l-audiovisuel-francais-pourquoi-teles-et-radios-entament-une-rentree-sous-haute-tension-20250825\" data-fig-type=\"Article\" data-gtm-custom-categorie=\"navigation\" data-gtm-custom-action=\"crossclick\" data-gtm-custom-label=\"Contextuel\" data-gtm-event=\"customEventSPE\" data-fig-domain=\"LEFIGARO\" target=\"_blank\" rel=\"noopener\">budget r\u00e9tr\u00e9ci<\/a>\u00a0pour l\u2019ann\u00e9e qui vient et la star de la matinale de France Inter,\u00a0<a href=\"http:\/\/www.lefigaro.fr\/style\/bonsoir-de-la-reine-christine-a-lea-salame-ces-femmes-qui-ont-fait-l-histoire-du-jt-20250901\" data-fig-type=\"Article\" data-gtm-custom-categorie=\"navigation\" data-gtm-custom-action=\"crossclick\" data-gtm-custom-label=\"Contextuel\" data-gtm-event=\"customEventSPE\" data-fig-domain=\"LEFIGARO\" target=\"_blank\" rel=\"noopener\">L\u00e9a Salam\u00e9<\/a>, partie animer le JT de France\u00a02\u00a0: c\u2019est peu dire que la septi\u00e8me rentr\u00e9e de\u00a0<a href=\"http:\/\/www.lefigaro.fr\/vox\/societe\/sibyle-veil-la-liberte-d-expression-est-le-cheval-de-troie-du-neo-imperialisme-americain-20250220\" data-fig-type=\"Article\" data-gtm-custom-categorie=\"navigation\" data-gtm-custom-action=\"crossclick\" data-gtm-custom-label=\"Contextuel\" data-gtm-event=\"customEventSPE\" data-fig-domain=\"LEFIGARO\" target=\"_blank\" rel=\"noopener\">Sibyle Veil\u00a0<\/a>\u00e0 la t\u00eate de\u00a0<a href=\"http:\/\/www.lefigaro.fr\/flash-eco\/la-greve-se-poursuit-a-radio-france-pendant-des-negociations-20250829\" data-fig-type=\"NewsFlash\" data-gtm-custom-categorie=\"navigation\" data-gtm-custom-action=\"crossclick\" data-gtm-custom-label=\"Contextuel\" data-gtm-event=\"customEventSPE\" data-fig-domain=\"LEFIGARO\" target=\"_blank\" rel=\"noopener\">Radio France<\/a>\u00a0n\u2019a pas \u00e9t\u00e9 une sin\u00e9cure. Mais la patronne de la radio publique a pris le parti de voir le verre \u00e0 moiti\u00e9 plein. \u00ab\u00a0Nous aurions mille raisons de nous concentrer sur les blocages, et pourtant nous avons d\u00e9cid\u00e9 de ne c\u00e9der ni au d\u00e9faitisme, ni \u00e0 l\u2019inertie\u00a0\u00bb, affirme-t-elle.<\/p>\n<p class=\"fig-paragraph\">Lundi, la direction de Radio France est parvenue \u00e0 s\u2019entendre avec les syndicats sur la\u00a0<a href=\"http:\/\/www.lefigaro.fr\/medias\/fin-de-la-greve-a-radio-france-apres-une-semaine-de-mobilisation-20250901\" data-fig-type=\"NewsFlash\" data-gtm-custom-categorie=\"navigation\" data-gtm-custom-action=\"crossclick\" data-gtm-custom-label=\"Contextuel\" data-gtm-event=\"customEventSPE\" data-fig-domain=\"LEFIGARO\" target=\"_blank\" rel=\"noopener\">lev\u00e9e de la gr\u00e8ve<\/a>. L\u2019arr\u00eat de Mouv\u2019 sur la FM, et sa bascule sur le digital, les \u00e9volutions touchant\u00a0<a href=\"http:\/\/www.lefigaro.fr\/medias\/nous-sommes-a-un-moment-de-verite-radio-france-entame-une-bascule-strategique-20250428\" data-fig-type=\"Article\" data-gtm-custom-categorie=\"navigation\" data-gtm-custom-action=\"crossclick\" data-gtm-custom-label=\"Contextuel\" data-gtm-event=\"customEventSPE\" data-fig-domain=\"LEFIGARO\" target=\"_blank\" rel=\"noopener\">Ici, le r\u00e9seau des radios locales\u2026\u00a0<\/a>Tous les sujets chauds des prochains mois ont \u00e9t\u00e9 abord\u00e9s. \u00ab\u00a0C\u2019\u00e9tait une gr\u00e8ve d\u2019inqui\u00e9tude. Apr\u00e8s des ann\u00e9es d\u2019efforts, la perspective de nouvelles r\u00e9formes et \u00e9conomies suscite des inqui\u00e9tudes et c\u2019est compr\u00e9hensible\u00a0\u00bb<\/p>\n<p class=\"fig-premium-paywall__infos\">\n        Cet article est r\u00e9serv\u00e9 aux abonn\u00e9s.        Il vous reste 88% \u00e0 d\u00e9couvrir.\n    <\/p>\n<p>                <img  data- alt=\"Le Figaro\" class=\"fig-img--complete fig-img\"\/><\/p>\n<p class=\"fig-premium-paywall__title\">Vente Flash<\/p>\n<p class=\"fig-premium-paywall__subtitle\">4,99\u20ac par mois pendant 12 mois. Sans engagement<\/p>\n<p class=\"fig-premium-paywall__connect\">\n                D\u00e9j\u00e0 abonn\u00e9\u00a0?                <a class=\"fig-premium-paywall__connect-link\" href=\"https:\/\/connect.lefigaro.fr\/login?client=horizon_web&amp;type=main&amp;redirect_uri=https%3A%2F%2Fwww.lefigaro.fr%2Fmedias%2Fsibyle-veil-radio-france-doit-devenir-plus-attractif-pour-les-jeunes-que-tiktok-20250904\" data-js-gtm=\"{&quot;customCategorie&quot;: &quot;conversion&quot;, &quot;customAction&quot;: &quot;before_Landing_Connexion_paywall_auto&quot;, &quot;customLabel&quot;: &quot;bGVmaWdhcm8uZnJfXzFmMDg5NzViLWQ0MmYtNjVhMC1iY2RiLTcxY2MzYzA2MzdlOV9fQXJ0aWNsZQ==_Sibyle Veil\u00a0: \u00ab\u00a0Radio France doit devenir plus attractif pour les jeunes que TikTok\u00a0\u00bb_442&quot;, &quot;customIDSPE&quot;: &quot;bGVmaWdhcm8uZnJfXzFmMDg5NzViLWQ0MmYtNjVhMC1iY2RiLTcxY2MzYzA2MzdlOV9fQXJ0aWNsZQ==&quot;, &quot;event&quot;: &quot;customEventSPE&quot;}\" target=\"_blank\" rel=\"noopener\"><br \/>\n                    Connectez-vous<br \/>\n                <\/a>\n            <\/p>\n","protected":false},"excerpt":{"rendered":"ENTRETIEN EXCLUSIF &#8211; Nouvelles voix, radios num\u00e9riques pour enfants, renforcement de l\u2019offre de contenus scientifiques\u2026 Malgr\u00e9 le contexte&hellip;\n","protected":false},"author":2,"featured_media":366523,"comment_status":"","ping_status":"","sticky":false,"template":"","format":"standard","meta":{"footnotes":""},"categories":[1355],"tags":[58,59,1011,27,9102,1361,873,10316,15609],"class_list":{"0":"post-366522","1":"post","2":"type-post","3":"status-publish","4":"format-standard","5":"has-post-thumbnail","7":"category-musique","8":"tag-divertissement","9":"tag-entertainment","10":"tag-fr","11":"tag-france","12":"tag-france-inter","13":"tag-music","14":"tag-musique","15":"tag-radio-france","16":"tag-sibyle-veil"},"share_on_mastodon":{"url":"https:\/\/pubeurope.com\/@fr\/115147914814502709","error":""},"_links":{"self":[{"href":"https:\/\/www.europesays.com\/fr\/wp-json\/wp\/v2\/posts\/366522","targetHints":{"allow":["GET"]}}],"collection":[{"href":"https:\/\/www.europesays.com\/fr\/wp-json\/wp\/v2\/posts"}],"about":[{"href":"https:\/\/www.europesays.com\/fr\/wp-json\/wp\/v2\/types\/post"}],"author":[{"embeddable":true,"href":"https:\/\/www.europesays.com\/fr\/wp-json\/wp\/v2\/users\/2"}],"replies":[{"embeddable":true,"href":"https:\/\/www.europesays.com\/fr\/wp-json\/wp\/v2\/comments?post=366522"}],"version-history":[{"count":0,"href":"https:\/\/www.europesays.com\/fr\/wp-json\/wp\/v2\/posts\/366522\/revisions"}],"wp:featuredmedia":[{"embeddable":true,"href":"https:\/\/www.europesays.com\/fr\/wp-json\/wp\/v2\/media\/366523"}],"wp:attachment":[{"href":"https:\/\/www.europesays.com\/fr\/wp-json\/wp\/v2\/media?parent=366522"}],"wp:term":[{"taxonomy":"category","embeddable":true,"href":"https:\/\/www.europesays.com\/fr\/wp-json\/wp\/v2\/categories?post=366522"},{"taxonomy":"post_tag","embeddable":true,"href":"https:\/\/www.europesays.com\/fr\/wp-json\/wp\/v2\/tags?post=366522"}],"curies":[{"name":"wp","href":"https:\/\/api.w.org\/{rel}","templated":true}]}}