{"id":366524,"date":"2025-09-04T20:28:14","date_gmt":"2025-09-04T20:28:14","guid":{"rendered":"https:\/\/www.europesays.com\/fr\/366524\/"},"modified":"2025-09-04T20:28:14","modified_gmt":"2025-09-04T20:28:14","slug":"une-bande-annonce-torride-avec-margot-robbie-et-jacob-elordi-2","status":"publish","type":"post","link":"https:\/\/www.europesays.com\/fr\/366524\/","title":{"rendered":"une bande-annonce torride avec Margot Robbie et Jacob Elordi"},"content":{"rendered":"<p>Avec sa bande originale pop et ses images sensuelles, la premi\u00e8re bande-annonce des \u00ab\u00a0Hauts de Hurlevent\u00a0\u00bb avec Margot Robbie et Jacob Elordi promet de d\u00e9poussi\u00e9rer le classique de la litt\u00e9rature. Et agace d\u00e9j\u00e0 les fans d&rsquo;Emilie Bront\u00eb.<\/p>\n<p>Des soupirs, des d\u00e9clarations enflamm\u00e9es, une Margot Robbie transie d&rsquo;amour, un Jacob Elordi torse nu dans la plupart des plans et la musique de Charli XCX&#8230; les ingr\u00e9dients de cette nouvelle adaptation du classique de la litt\u00e9rature, Les Hauts de Hurlevent d&rsquo;Emily Bront\u00eb, promettent un sacr\u00e9 d\u00e9poussi\u00e9rage.<\/p>\n<p>A mi-chemin entre La Passion de Dodin Bouffant et une \u00ab\u00a0thirst trap\u00a0\u00bb &#8211; ces vid\u00e9os d&rsquo;influenceurs qui cuisinent de mani\u00e8re tr\u00e8s sexualis\u00e9e &#8211; les premi\u00e8res images du film sign\u00e9 par Emerald Fennell &#8211; la r\u00e9alisatrice du tr\u00e8s comment\u00e9 <a href=\"https:\/\/www.bfmtv.com\/people\/cinema\/saltburn-le-proprietaire-de-la-maison-du-film-agace-par-l-intrusion-de-fans_AN-202402260602.html\" title=\"&quot;Saltburn&quot;: le propri\u00e9taire de la maison du film agac\u00e9 par l&#039;intrusion de fans\" class=\"internal_link\" rel=\"nofollow noopener\" target=\"_blank\">Saltburn <\/a>font d\u00e9j\u00e0 r\u00e9agir.<\/p>\n<p>Accueil mitig\u00e9<\/p>\n<p>Certains critiquent la bande son sign\u00e9e Charli XCX, la chanteuse a d&rsquo;ailleurs relay\u00e9 la bande-annonce sur X. Pour d&rsquo;autres, cette adaptation rel\u00e8ve de la \u00ab\u00a0romance \u00e9dulcor\u00e9e\u00a0\u00bb, quand d&rsquo;autres y voient un \u00ab\u00a0Cinquante nuances de Heathcliff et Cathy\u00a0\u00bb (du nom des personnages incarn\u00e9s par Jacob Elordi et Margot Robbie. D&rsquo;autres encore critiquent le choix de l&rsquo;acteur pour incarner Heathcliff, d\u00e9crit dans le roman comme ayant la peau sombre. Beaucoup crient \u00e0 l&rsquo;h\u00e9r\u00e9sie et assurent qu&rsquo;Emilie Bront\u00eb doit se \u00ab\u00a0retourner dans sa tombe\u00a0\u00bb.<\/p>\n<p>Le livre de l&rsquo;autrice britannique, publi\u00e9 en 1847 raconte l&rsquo;histoire de Heathcliff, adopt\u00e9 enfant par Mr Earnshaw. Ha\u00ef du fils de la maison, Hindley, il tombe amoureux de Catherine et va nouer avec elle une passion contrari\u00e9e.<\/p>\n<p>Les Hauts de Hurlevents (Wuthering Heights en VO), arrivera en salles, le jour de la Saint-Valentin le 14 f\u00e9vrier 2026.<\/p>\n","protected":false},"excerpt":{"rendered":"Avec sa bande originale pop et ses images sensuelles, la premi\u00e8re bande-annonce des \u00ab\u00a0Hauts de Hurlevent\u00a0\u00bb avec Margot&hellip;\n","protected":false},"author":2,"featured_media":366525,"comment_status":"","ping_status":"","sticky":false,"template":"","format":"standard","meta":{"footnotes":""},"categories":[1354],"tags":[58,59,1346,1011,27,1360],"class_list":{"0":"post-366524","1":"post","2":"type-post","3":"status-publish","4":"format-standard","5":"has-post-thumbnail","7":"category-films","8":"tag-divertissement","9":"tag-entertainment","10":"tag-films","11":"tag-fr","12":"tag-france","13":"tag-movies"},"share_on_mastodon":{"url":"https:\/\/pubeurope.com\/@fr\/115147918846049296","error":""},"_links":{"self":[{"href":"https:\/\/www.europesays.com\/fr\/wp-json\/wp\/v2\/posts\/366524","targetHints":{"allow":["GET"]}}],"collection":[{"href":"https:\/\/www.europesays.com\/fr\/wp-json\/wp\/v2\/posts"}],"about":[{"href":"https:\/\/www.europesays.com\/fr\/wp-json\/wp\/v2\/types\/post"}],"author":[{"embeddable":true,"href":"https:\/\/www.europesays.com\/fr\/wp-json\/wp\/v2\/users\/2"}],"replies":[{"embeddable":true,"href":"https:\/\/www.europesays.com\/fr\/wp-json\/wp\/v2\/comments?post=366524"}],"version-history":[{"count":0,"href":"https:\/\/www.europesays.com\/fr\/wp-json\/wp\/v2\/posts\/366524\/revisions"}],"wp:featuredmedia":[{"embeddable":true,"href":"https:\/\/www.europesays.com\/fr\/wp-json\/wp\/v2\/media\/366525"}],"wp:attachment":[{"href":"https:\/\/www.europesays.com\/fr\/wp-json\/wp\/v2\/media?parent=366524"}],"wp:term":[{"taxonomy":"category","embeddable":true,"href":"https:\/\/www.europesays.com\/fr\/wp-json\/wp\/v2\/categories?post=366524"},{"taxonomy":"post_tag","embeddable":true,"href":"https:\/\/www.europesays.com\/fr\/wp-json\/wp\/v2\/tags?post=366524"}],"curies":[{"name":"wp","href":"https:\/\/api.w.org\/{rel}","templated":true}]}}