{"id":366526,"date":"2025-09-04T20:29:12","date_gmt":"2025-09-04T20:29:12","guid":{"rendered":"https:\/\/www.europesays.com\/fr\/366526\/"},"modified":"2025-09-04T20:29:12","modified_gmt":"2025-09-04T20:29:12","slug":"les-medecins-mettent-en-garde-les-femmes-contre-ce-medicament-qui-pourrait-augmenter-la-mortalite","status":"publish","type":"post","link":"https:\/\/www.europesays.com\/fr\/366526\/","title":{"rendered":"Les m\u00e9decins mettent en garde les femmes contre ce m\u00e9dicament qui \u00ab\u00a0pourrait augmenter la mortalit\u00e9\u00a0\u00bb"},"content":{"rendered":"<p>Les habitudes m\u00e9dicales ne sont pas toujours grav\u00e9es dans le<br \/>\nmarbre, et certaines prescriptions courantes peuvent aujourd\u2019hui<br \/>\n\u00eatre remises en cause. Comme l\u2019a rapport\u00e9 le magazine <a href=\"https:\/\/www.femmeactuelle.fr\/sante\/news-sante\/betabloquants-une-etude-met-en-garde-sur-les-risques-chez-les-femmes-l-eclairage-d-un-cardiologue-2197850\" target=\"_blank\" rel=\"nofollow noopener\">Femme<br \/>\nActuelle<\/a>, une nouvelle \u00e9tude a attir\u00e9 l\u2019attention en<br \/>\nsoulignant <strong>les effets potentiellement n\u00e9gatifs d\u2019un<br \/>\nm\u00e9dicament largement prescrit<\/strong>. Pr\u00e9sent\u00e9e lors d\u2019un grand<br \/>\ncongr\u00e8s international de cardiologie, cette recherche a de quoi<br \/>\nsurprendre.<\/p>\n<p>Si le traitement reste recommand\u00e9 dans de nombreux cas,<br \/>\n<strong>ses b\u00e9n\u00e9fices syst\u00e9matiques sont d\u00e9sormais<br \/>\nquestionn\u00e9s<\/strong>, notamment pour les femmes. Le constat, relay\u00e9<br \/>\npar <a href=\"https:\/\/www.mariefrance.fr\/actualite\/societe\/cardiologue-revele-laliment-mange-plus-depuis-40-ans-bien-vieillir-sans-maladie-liee-lage-1172053.html\" target=\"_blank\" rel=\"noopener nofollow\">des cardiologues<\/a>, alerte sur la<br \/>\nn\u00e9cessit\u00e9 d\u2019adapter la prescription plut\u00f4t que de suivre une r\u00e8gle<br \/>\ng\u00e9n\u00e9rale. Derri\u00e8re les chiffres, c\u2019est toute une pratique m\u00e9dicale<br \/>\nqui pourrait \u00eatre repens\u00e9e, au nom d\u2019une meilleure prise en charge<br \/>\ndes patientes.<\/p>\n<p>Un m\u00e9dicament contest\u00e9 apr\u00e8s un infarctus<\/p>\n<p>Il s\u2019agit des b\u00eatabloquants, des m\u00e9dicaments traditionnellement<br \/>\nprescrits apr\u00e8s un infarctus du myocarde. Recommand\u00e9s depuis des<br \/>\nd\u00e9cennies, ils ont longtemps \u00e9t\u00e9 pr\u00e9sent\u00e9s comme une arme<br \/>\n<strong>efficace pour limiter les r\u00e9cidives et prot\u00e9ger le<br \/>\nc\u0153ur<\/strong>. Mais selon une \u00e9tude publi\u00e9e dans le New England<br \/>\nJournal of Medicine et pr\u00e9sent\u00e9e lors du Congr\u00e8s de la Soci\u00e9t\u00e9<br \/>\nEurop\u00e9enne de Cardiologie le 30 ao\u00fbt dernier, leur efficacit\u00e9<br \/>\nsyst\u00e9matique est d\u00e9sormais remise en question.<\/p>\n<p>L\u2019analyse a port\u00e9 sur 8.505 patients r\u00e9partis en deux groupes.<br \/>\nLe premier regroupe ceux qui recevaient des b\u00eatabloquants. Et<br \/>\nl\u2019autre ceux qui n\u2019en recevaient pas. Les r\u00e9sultats ont montr\u00e9 peu<br \/>\nde diff\u00e9rences significatives. Les taux d\u2019\u00e9v\u00e9nements graves, comme<br \/>\nles d\u00e9c\u00e8s, une r\u00e9cidive d\u2019infarctus ou une hospitalisation pour<br \/>\ninsuffisance cardiaque, \u00e9taient similaires entre les deux groupes.<br \/>\nPire encore, les chercheurs ont constat\u00e9 <strong>davantage<br \/>\nd\u2019accidents vasculaires c\u00e9r\u00e9braux chez les patients sous<br \/>\nb\u00eatabloquants<\/strong> (2,6 contre 1,7 pour 1.000 patients\/an).<br \/>\nM\u00eame si cette diff\u00e9rence n\u2019a pas \u00e9t\u00e9 jug\u00e9e significative.<\/p>\n<p><img loading=\"lazy\" decoding=\"async\" aria-describedby=\"caption-attachment-1192581\" itemprop=\"thumbnailUrl\" class=\"size-full wp-image-1192581 img-responsive\" src=\"https:\/\/www.europesays.com\/fr\/wp-content\/uploads\/2025\/09\/syndrome-du-coeur-des-vacances-le-trouble-cardiaque-qui-vous-guette-cet-ete-1.jpg\" alt=\"M\u00e9decin avec mod\u00e8le d\" anatomie=\"\" cardiaque.=\"\" sujets=\"\" consultation=\"\" de=\"\" patients=\"\" sant=\"\" m=\"\" pour=\"\" les=\"\" maladies=\"\" cardiovasculaires=\"\" width=\"1200\" height=\"675\"\/> \u00a9 Shutterstock<\/p>\n<p id=\"caption-attachment-1192581\" class=\"wp-caption-text\">Les<br \/>\ncardiologues alertent sur ce m\u00e9dicament.<\/p>\n<p>Un risque particulier pour les femmes sous ce m\u00e9dicament<\/p>\n<p>L\u2019\u00e9tude a ensuite affin\u00e9 ses r\u00e9sultats en se concentrant sur les<br \/>\nfemmes. Car dans cette \u00e9tude, elles repr\u00e9sentent environ 20 % de<br \/>\nl\u2019\u00e9chantillon. C\u2019est dans ce sous-groupe que les donn\u00e9es se sont<br \/>\nr\u00e9v\u00e9l\u00e9es les plus inqui\u00e9tantes. Les patientes ayant subi un<br \/>\ninfarctus <strong>pr\u00e9sentent davantage de complications<br \/>\nlorsqu\u2019elles sont trait\u00e9es par b\u00eatabloquants<\/strong>. Le risque de<br \/>\nd\u00e9c\u00e8s, de crise cardiaque ou d\u2019hospitalisation pour insuffisance<br \/>\ncardiaque est donc plus \u00e9lev\u00e9 que chez celles n\u2019ayant pas re\u00e7u ce<br \/>\ntraitement.<\/p>\n<p>\u00ab Selon cette \u00e9tude, les b\u00eatabloquants pourraient \u00eatre<br \/>\nd\u00e9favorables chez la femme ayant subi un infarctus et ayant une<br \/>\nfonction cardiaque normale. Car ils pourraient augmenter la<br \/>\nmortalit\u00e9. Ce qui est surprenant. \u00bb, commente aupr\u00e8s de<br \/>\nFemme Actuelle le Dr Olivier Hoffmann, cardiologue et<br \/>\nmembre de la fondation Agir pour le C\u0153ur des Femmes. Des propos qui<br \/>\nmontrent bien l\u2019importance de prendre en compte les diff\u00e9rences de<br \/>\ntol\u00e9rance et de besoins entre les sexes dans la pratique<br \/>\nm\u00e9dicale.<\/p>\n<p><img loading=\"lazy\" decoding=\"async\" aria-describedby=\"caption-attachment-1180390\" class=\"size-full wp-image-1180390 img-responsive\" src=\"https:\/\/www.europesays.com\/fr\/wp-content\/uploads\/2025\/09\/2-104.jpg\" alt=\"m\u00e9dicaments\" width=\"1280\" height=\"720\"\/> \u00a9<br \/>\nShutterstock<\/p>\n<p id=\"caption-attachment-1180390\" class=\"wp-caption-text\">L&rsquo;\u00e9tude<br \/>\ndemande \u00e0 \u00eatre approfondie donc les patientes ne doivent pas<br \/>\narr\u00eater ce m\u00e9dicament en attendant.<\/p>\n<p>Prudence et n\u00e9cessit\u00e9 de nouvelles<br \/>\n\u00e9tudes sur ce m\u00e9dicament<\/p>\n<p>Pour autant, <strong>les sp\u00e9cialistes appellent \u00e0 la<br \/>\nprudence<\/strong>. Le Dr Hoffmann insiste : \u00ab Sur cette \u00e9tude<br \/>\nuniquement, je pense qu\u2019on ne peut pas conclure que les<br \/>\nb\u00eatabloquants aggravent la mortalit\u00e9 chez les femmes \u00bb. Il<br \/>\navance plusieurs explications possibles. Comme des doses trop<br \/>\n\u00e9lev\u00e9es, ou une mauvaise tol\u00e9rance individuelle. Il rappelle que<br \/>\nces m\u00e9dicaments peuvent \u00ab faire baisser la tension, diminuer la<br \/>\nfr\u00e9quence cardiaque et fatiguer les patients \u00bb.<\/p>\n<blockquote class=\"twitter-tweet\"><p><a class=\"twitter-link\" rel=\"noindex, nofollow noopener\" href=\"https:\/\/twitter.com\/mariefrancemag\/status\/568711758027870209\" target=\"_blank\"><\/p><\/blockquote>\n<p>Les auteurs de l\u2019\u00e9tude eux-m\u00eames mettent en garde contre des<br \/>\nconclusions trop rapides. \u00ab Les analyses de sous-groupes (celui<br \/>\ndes femmes dans cette seconde \u00e9tude, ndlr) sont g\u00e9n\u00e9ralement<br \/>\nconsid\u00e9r\u00e9es comme des r\u00e9sultats exploratoires et g\u00e9n\u00e9rateurs<br \/>\nd\u2019hypoth\u00e8ses \u00bb, pr\u00e9cise le rapport. En clair, <strong>il<br \/>\ns\u2019agit d\u2019un signal pr\u00e9occupant.<\/strong> Mais il demande une<br \/>\nconfirmation. D\u2019autres recherches devront \u00eatre men\u00e9es pour<br \/>\nd\u00e9terminer si une prescription syst\u00e9matique de ce m\u00e9dicament reste<br \/>\njustifi\u00e9e. Ou si une approche plus personnalis\u00e9e est n\u00e9cessaire. En<br \/>\nattendant, les experts rappellent qu\u2019il ne faut jamais interrompre<br \/>\nson traitement sans avis m\u00e9dical.<\/p>\n<p><script async src=\"https:\/\/platform.twitter.com\/widgets.js\" charset=\"utf-8\"><\/script><\/p>\n","protected":false},"excerpt":{"rendered":"Les habitudes m\u00e9dicales ne sont pas toujours grav\u00e9es dans le marbre, et certaines prescriptions courantes peuvent aujourd\u2019hui \u00eatre&hellip;\n","protected":false},"author":2,"featured_media":366527,"comment_status":"","ping_status":"","sticky":false,"template":"","format":"standard","meta":{"footnotes":""},"categories":[10],"tags":[1011,27,72,71],"class_list":{"0":"post-366526","1":"post","2":"type-post","3":"status-publish","4":"format-standard","5":"has-post-thumbnail","7":"category-sante","8":"tag-fr","9":"tag-france","10":"tag-health","11":"tag-sante"},"share_on_mastodon":{"url":"https:\/\/pubeurope.com\/@fr\/115147922738742058","error":""},"_links":{"self":[{"href":"https:\/\/www.europesays.com\/fr\/wp-json\/wp\/v2\/posts\/366526","targetHints":{"allow":["GET"]}}],"collection":[{"href":"https:\/\/www.europesays.com\/fr\/wp-json\/wp\/v2\/posts"}],"about":[{"href":"https:\/\/www.europesays.com\/fr\/wp-json\/wp\/v2\/types\/post"}],"author":[{"embeddable":true,"href":"https:\/\/www.europesays.com\/fr\/wp-json\/wp\/v2\/users\/2"}],"replies":[{"embeddable":true,"href":"https:\/\/www.europesays.com\/fr\/wp-json\/wp\/v2\/comments?post=366526"}],"version-history":[{"count":0,"href":"https:\/\/www.europesays.com\/fr\/wp-json\/wp\/v2\/posts\/366526\/revisions"}],"wp:featuredmedia":[{"embeddable":true,"href":"https:\/\/www.europesays.com\/fr\/wp-json\/wp\/v2\/media\/366527"}],"wp:attachment":[{"href":"https:\/\/www.europesays.com\/fr\/wp-json\/wp\/v2\/media?parent=366526"}],"wp:term":[{"taxonomy":"category","embeddable":true,"href":"https:\/\/www.europesays.com\/fr\/wp-json\/wp\/v2\/categories?post=366526"},{"taxonomy":"post_tag","embeddable":true,"href":"https:\/\/www.europesays.com\/fr\/wp-json\/wp\/v2\/tags?post=366526"}],"curies":[{"name":"wp","href":"https:\/\/api.w.org\/{rel}","templated":true}]}}