{"id":366528,"date":"2025-09-04T20:30:11","date_gmt":"2025-09-04T20:30:11","guid":{"rendered":"https:\/\/www.europesays.com\/fr\/366528\/"},"modified":"2025-09-04T20:30:11","modified_gmt":"2025-09-04T20:30:11","slug":"kylian-mbappe-a-refuse-une-revanche-contre-largentine","status":"publish","type":"post","link":"https:\/\/www.europesays.com\/fr\/366528\/","title":{"rendered":"Kylian Mbapp\u00e9 a refus\u00e9 une revanche contre l\u2019Argentine"},"content":{"rendered":"<p>Kylian Mbapp\u00e9 \u00e9tait pr\u00e9sent en conf\u00e9rence de presse ce jeudi \u00e0 la veille d\u2019Ukraine-France comptant pour les qualifications du Mondial 2026. C\u2019est lui qui m\u00e8nera les Bleus demain, comme il le fait depuis que Didier Deschamps lui a confi\u00e9 le brassard de capitaine, apr\u00e8s la retraite internationale d\u2019Hugo Lloris. Sa voix p\u00e8se dans le vestiaire mais aussi aupr\u00e8s des instances. L\u2019Equipe rapporte une anecdote illustrant son influence.<\/p>\n<p>            La suite apr\u00e8s cette publicit\u00e9<\/p>\n<p>La FFF avait pens\u00e9 organiser un match amical en <a href=\"https:\/\/www.footmercato.net\/selection\/argentine\/\" rel=\"nofollow noopener\" target=\"_blank\">Argentine<\/a> lors de la fen\u00eatre internationale de mars 2024 pour une revanche de la finale de la Coupe du Monde 2022, avec un tr\u00e8s beau ch\u00e8que \u00e0 la cl\u00e9 en faveur de la f\u00e9d\u00e9ration. Mbapp\u00e9 avait alors confi\u00e9 son inqui\u00e9tude aupr\u00e8s de Philippe Diallo quant \u00e0 la pertinence d\u2019un tel voyage (une dizaine d\u2019heures d\u2019avion depuis Paris), alors que les joueurs sont d\u00e9j\u00e0 soumis \u00e0 un programme tr\u00e8s charg\u00e9 en club. L\u2019id\u00e9e avait \u00e9t\u00e9 abandonn\u00e9e. \u00abIl a interpell\u00e9 le pr\u00e9sident de la FFF \u00e0 plusieurs reprises, sur le programme de l\u2019\u00e9quipe, sur les matches, c\u2019est un capitaine des temps modernes, qui a de la hauteur\u00bb, affirme une source anoyme au quotidien sportif.<\/p>\n<p>\n    Pub. le 04\/09\/2025 21:49<br \/>\n            &#8211; MAJ le 04\/09\/2025 21:58\n    <\/p>\n","protected":false},"excerpt":{"rendered":"Kylian Mbapp\u00e9 \u00e9tait pr\u00e9sent en conf\u00e9rence de presse ce jeudi \u00e0 la veille d\u2019Ukraine-France comptant pour les qualifications&hellip;\n","protected":false},"author":2,"featured_media":366529,"comment_status":"","ping_status":"","sticky":false,"template":"","format":"standard","meta":{"footnotes":""},"categories":[9],"tags":[1011,27,60],"class_list":{"0":"post-366528","1":"post","2":"type-post","3":"status-publish","4":"format-standard","5":"has-post-thumbnail","7":"category-sports","8":"tag-fr","9":"tag-france","10":"tag-sports"},"share_on_mastodon":{"url":"https:\/\/pubeurope.com\/@fr\/115147926664712865","error":""},"_links":{"self":[{"href":"https:\/\/www.europesays.com\/fr\/wp-json\/wp\/v2\/posts\/366528","targetHints":{"allow":["GET"]}}],"collection":[{"href":"https:\/\/www.europesays.com\/fr\/wp-json\/wp\/v2\/posts"}],"about":[{"href":"https:\/\/www.europesays.com\/fr\/wp-json\/wp\/v2\/types\/post"}],"author":[{"embeddable":true,"href":"https:\/\/www.europesays.com\/fr\/wp-json\/wp\/v2\/users\/2"}],"replies":[{"embeddable":true,"href":"https:\/\/www.europesays.com\/fr\/wp-json\/wp\/v2\/comments?post=366528"}],"version-history":[{"count":0,"href":"https:\/\/www.europesays.com\/fr\/wp-json\/wp\/v2\/posts\/366528\/revisions"}],"wp:featuredmedia":[{"embeddable":true,"href":"https:\/\/www.europesays.com\/fr\/wp-json\/wp\/v2\/media\/366529"}],"wp:attachment":[{"href":"https:\/\/www.europesays.com\/fr\/wp-json\/wp\/v2\/media?parent=366528"}],"wp:term":[{"taxonomy":"category","embeddable":true,"href":"https:\/\/www.europesays.com\/fr\/wp-json\/wp\/v2\/categories?post=366528"},{"taxonomy":"post_tag","embeddable":true,"href":"https:\/\/www.europesays.com\/fr\/wp-json\/wp\/v2\/tags?post=366528"}],"curies":[{"name":"wp","href":"https:\/\/api.w.org\/{rel}","templated":true}]}}