{"id":366530,"date":"2025-09-04T20:31:10","date_gmt":"2025-09-04T20:31:10","guid":{"rendered":"https:\/\/www.europesays.com\/fr\/366530\/"},"modified":"2025-09-04T20:31:10","modified_gmt":"2025-09-04T20:31:10","slug":"matthieu-delormeau-accro-a-la-cocaine-largue-par-son-cheri-et-lache-par-le-monde-du-paf-revelations-sur-sa-descente-aux-enfers-dans-tbt9","status":"publish","type":"post","link":"https:\/\/www.europesays.com\/fr\/366530\/","title":{"rendered":"Matthieu Delormeau accro \u00e0 la coca\u00efne : largu\u00e9 par son ch\u00e9ri et l\u00e2ch\u00e9 par le monde du PAF, r\u00e9v\u00e9lations sur sa descente aux enfers dans \u00ab\u00a0TBT9\u00a0\u00bb"},"content":{"rendered":"<p>Un \u00e9mouvant et terrible discours. Ce jeudi 4 septembre 2025, <a href=\"https:\/\/www.public.fr\/tag\/matthieu-delormeau\" target=\"_blank\" rel=\"noopener\">Matthieu Delormeau<\/a> a accept\u00e9 de prendre la parole pour revenir sur ses derni\u00e8res ann\u00e9es difficiles. Apr\u00e8s son d\u00e9part de <strong>\u00ab\u00a0TPMP\u00a0\u00bb<\/strong> en 2023, l\u2019ancien pr\u00e9sentateur du <strong>Mag d\u2019NRJ12<\/strong> a d\u00fb surmonter de nombreux probl\u00e8mes.\u00a0<\/p>\n<p>Il a par exemple fait l&rsquo;objet de\u00a0<strong>deux affaires judiciaires\u00a0li\u00e9es \u00e0 l\u2019achat et \u00e0 la d\u00e9tention de stup\u00e9fiants<\/strong>. Tout a commenc\u00e9 en juillet\u00a02024, lorsqu\u2019il se fait interpeller \u00e0 Paris en flagrant d\u00e9lit d\u2019achat de coca\u00efne alors que la police le surveillait.\u00a0<\/p>\n<p>Il se fait surprendre quelques mois plus tard, le 25\u00a0f\u00e9vrier 2025, <strong>en flagrant d\u00e9lit d&rsquo;achat de coca\u00efne<\/strong> alors qu\u2019une injonction th\u00e9rapeutique de soins lui est impos\u00e9e. Il se fait placer en garde \u00e0 vue avant de se faire\u00a0rel\u00e2cher. N\u00e9anmoins r\u00e9cidiviste, cela a entra\u00een\u00e9 une proc\u00e9dure avec une amende pr\u00e9vue par ordonnance p\u00e9nale, en plus d\u2019un rappel de ses obligations de soins.<\/p>\n<p><a href=\"https:\/\/www.public.fr\/ne-massociez-pas-a-palmade-ou-dechavanne-matthieu-delormeau-fait-son-grand-retour-avec-cyril-hanouna-dans-tbt9\" target=\"_blank\" rel=\"noopener\">Lors de son retour \u00e0 la t\u00e9l\u00e9vision<\/a> le 1er septembre 2025, \u00e0 l\u2019occasion de la rentr\u00e9e de <a href=\"https:\/\/www.public.fr\/tag\/cyril-hanouna\" target=\"_blank\" rel=\"noopener\">Cyril Hanouna<\/a> et le lancement de <strong><a href=\"https:\/\/www.public.fr\/tbt9-attendu-a-lantenne-matthieu-delormeau-deja-absent\" target=\"_blank\" rel=\"noopener\">TBT9<\/a><\/strong>, Matthieu Delormeau a reconnu tous ses torts et a souhait\u00e9 mettre en garde les t\u00e9l\u00e9spectateurs en garde contre les dangers de la drogue.<\/p>\n<p>Une descente aux enfers <\/p>\n<p>Alors qu\u2019il devait revenir le lendemain pour parler de sa propre histoire, l\u2019ancien chroniqueur de <strong>\u00ab\u00a0TPMP\u00a0\u00bb<\/strong> a finalement d\u00fb attendre ce jeudi 4 septembre pour s\u2019exprimer publiquement et faire de terribles r\u00e9v\u00e9lations et revenir sur sa descente aux enfers qui a d\u00e9marr\u00e9 \u00e0 son d\u00e9part de la quotidienne anciennement diffus\u00e9e sur C8.<\/p>\n<p>\u00ab\u00a0Je quitte l\u2019\u00e9mission, <strong>je fais le tour des cha\u00eenes, elles me massacrent.<\/strong> Ils m&rsquo;ont m\u00eame dit\u00a0: \u2018Mais tu \u00e9tais avec <a href=\"https:\/\/vsd.fr\/tag\/cyril-hanouna\/\" target=\"_blank\" rel=\"noopener\">Cyril Hanouna<\/a> ? Eh bien maintenant, tu sais quoi ? Maintenant que t&rsquo;es plus avec lui, que t&rsquo;es plus prot\u00e9g\u00e9 par lui, on t&rsquo;enl\u00e8ve tes prod\u2019. Donc <strong>la bo\u00eete de prod coule. Je fais 150.000 euros de perte. Mon associ\u00e9 est tr\u00e8s malade, plus aucune cha\u00eene de t\u00e9l\u00e9, mon mec me quitte<\/strong> et il a raison parce que j\u2019ai fait des b\u00eatises\u00a0\u00bb, explique dans un premier temps Matthieu Delormeau pour \u00ab\u00a0justifier\u00a0\u00bb sa descente aux enfers.<\/p>\n<p>Matthieu Delormeau r\u00e9v\u00e8le de quelle mani\u00e8re il a sombr\u00e9 dans la drogue<\/p>\n<p>Sans salaire, sans \u00ab\u00a0mec\u00a0\u00bb, sans aucune cha\u00eene qui ne souhaite travailler \u00e0 ses c\u00f4t\u00e9s, le producteur sombre lors d\u2019un d\u00eener chez des amis. \u00ab\u00a0<strong>Je fais un d\u00eener ou deux chez des amis et il y a des produits<\/strong>, \u00e0 cette \u00e9poque-l\u00e0, je suis tr\u00e8s malheureux et j&rsquo;ai beaucoup d&rsquo;anxi\u00e9t\u00e9. <strong>\u00c7a d\u00e9marre comme \u00e7a<\/strong>, c&rsquo;est des d\u00eeners et tu te laisses&#8230; L&rsquo;anxi\u00e9t\u00e9, c&rsquo;est quand tu as peur de tout, tu sais pas pourquoi. Tu as peur de mourir, t&rsquo;as peur que les autres aillent mal, t&rsquo;as peur de plus avoir de boulot, t&rsquo;as peur de plus avoir d&rsquo;argent. J&rsquo;\u00e9tais anxieux tout le temps, tout le temps, tout le temps\u00a0\u00bb, poursuit-il.<\/p>\n<p>Vient alors le moment o\u00f9 Matthieu Delormeau \u00ab\u00a0go\u00fbte\u00a0\u00bb \u00e0 la drogue : \u00ab\u00a0<strong>Et je go\u00fbte \u00e0 un produit et je me rends compte que&#8230; c&rsquo;\u00e9tait de la coca\u00efne<\/strong>. Et je me rends compte que quand je prends \u00e7a, je vais tr\u00e8s bien (\u2026) moi, quand je rentrais le soir chez moi,\u00a0 j&rsquo;avais plus d&rsquo;amis, j&rsquo;avais plus de copains, le t\u00e9l\u00e9phone sonne plus quand tu t&rsquo;arr\u00eates de faire de la t\u00e9l\u00e9 et je rentrais chez moi et&#8230; Soit je, je prenais des trucs pour dormir et j&rsquo;allais me coucher \u00e0 vingt heure trente, soit juste un peu de drogue, \u00e7a me permettait de\u2026 dans ma t\u00eate, \u00e7a s&rsquo;arr\u00eatait direct\u00a0\u00bb.<\/p>\n<p>Par la suite, toujours sur <strong>TBT9<\/strong>, Matthieu Delormeau est revenu sur son \u00ab\u00a0s\u00e9jour\u00a0\u00bb en garde \u00e0 vue et en cure de d\u00e9sintoxication. Il n\u2019a pas manqu\u00e9 non plus, une fois de plus, de faire de la pr\u00e9vention et alerter sur <strong>les risques de la drogue<\/strong>. En informant notamment qu\u2019il suffit de six prises de coca\u00efnes pour devenir addict.\u00a0<\/p>\n<p>      Mentionn\u00e9s dans cet article<\/p>\n<p>      Sur le m\u00eame sujet<\/p>\n","protected":false},"excerpt":{"rendered":"Un \u00e9mouvant et terrible discours. Ce jeudi 4 septembre 2025, Matthieu Delormeau a accept\u00e9 de prendre la parole&hellip;\n","protected":false},"author":2,"featured_media":366531,"comment_status":"","ping_status":"","sticky":false,"template":"","format":"standard","meta":{"footnotes":""},"categories":[8],"tags":[3993,1083,58,1052,59,1011,27,7830,22498,22497,2395],"class_list":{"0":"post-366530","1":"post","2":"type-post","3":"status-publish","4":"format-standard","5":"has-post-thumbnail","7":"category-divertissement","8":"tag-cocaine","9":"tag-cyril-hanouna","10":"tag-divertissement","11":"tag-drogue","12":"tag-entertainment","13":"tag-fr","14":"tag-france","15":"tag-matthieu-delormeau","16":"tag-tout-9-tbt9","17":"tag-tout-beau","18":"tag-w9"},"share_on_mastodon":{"url":"https:\/\/pubeurope.com\/@fr\/115147930697929007","error":""},"_links":{"self":[{"href":"https:\/\/www.europesays.com\/fr\/wp-json\/wp\/v2\/posts\/366530","targetHints":{"allow":["GET"]}}],"collection":[{"href":"https:\/\/www.europesays.com\/fr\/wp-json\/wp\/v2\/posts"}],"about":[{"href":"https:\/\/www.europesays.com\/fr\/wp-json\/wp\/v2\/types\/post"}],"author":[{"embeddable":true,"href":"https:\/\/www.europesays.com\/fr\/wp-json\/wp\/v2\/users\/2"}],"replies":[{"embeddable":true,"href":"https:\/\/www.europesays.com\/fr\/wp-json\/wp\/v2\/comments?post=366530"}],"version-history":[{"count":0,"href":"https:\/\/www.europesays.com\/fr\/wp-json\/wp\/v2\/posts\/366530\/revisions"}],"wp:featuredmedia":[{"embeddable":true,"href":"https:\/\/www.europesays.com\/fr\/wp-json\/wp\/v2\/media\/366531"}],"wp:attachment":[{"href":"https:\/\/www.europesays.com\/fr\/wp-json\/wp\/v2\/media?parent=366530"}],"wp:term":[{"taxonomy":"category","embeddable":true,"href":"https:\/\/www.europesays.com\/fr\/wp-json\/wp\/v2\/categories?post=366530"},{"taxonomy":"post_tag","embeddable":true,"href":"https:\/\/www.europesays.com\/fr\/wp-json\/wp\/v2\/tags?post=366530"}],"curies":[{"name":"wp","href":"https:\/\/api.w.org\/{rel}","templated":true}]}}