{"id":366532,"date":"2025-09-04T20:32:10","date_gmt":"2025-09-04T20:32:10","guid":{"rendered":"https:\/\/www.europesays.com\/fr\/366532\/"},"modified":"2025-09-04T20:32:10","modified_gmt":"2025-09-04T20:32:10","slug":"a-lire-sur-le-site-techco-pourquoi-le-systeme-de-verification-dage-agego-pour-les-sites-pornographiques-est-loin-detre-anonyme-par-salome-ferraris","status":"publish","type":"post","link":"https:\/\/www.europesays.com\/fr\/366532\/","title":{"rendered":"\u00c0 lire sur le site Tech&#038;Co : Pourquoi le syst\u00e8me de v\u00e9rification d&rsquo;\u00e2ge \u00ab\u00a0AgeGO\u00a0\u00bb pour les sites pornographiques est loin d&rsquo;\u00eatre anonyme, par Salom\u00e9 Ferraris"},"content":{"rendered":"<p>\u00c0 lire sur le site Tech&amp;Co : Pourquoi le syst\u00e8me de v\u00e9rification d&rsquo;\u00e2ge \u00ab\u00a0AgeGO\u00a0\u00bb pour les sites pornographiques est loin d&rsquo;\u00eatre anonyme, par Salom\u00e9 Ferraris &#8211; 04\/09Sur le m\u00eame sujet<a href=\"https:\/\/www.bfmtv.com\/economie\/replay-emissions\/tech-and-co\/video-a-lire-sur-le-site-tech-co-pourquoi-le-systeme-de-verification-d-age-age-go-pour-les-sites-pornographiques-est-loin-d-etre-anonyme-par-salome-ferraris-04-09_VN-202509040903.html\" title=\"\u00c0 lire sur le site Tech&amp;Co : Pourquoi le syst\u00e8me de v\u00e9rification d&#039;\u00e2ge &quot;AgeGO&quot; pour les sites pornographiques est loin d&#039;\u00eatre anonyme, par Salom\u00e9 Ferraris - 04\/09\" rel=\"nofollow noopener\" target=\"_blank\"><img width=\"16\" height=\"9\" class=\"lozad\"  alt=\"\u00c0 lire sur le site Tech&amp;Co : Pourquoi le syst\u00e8me de v\u00e9rification d'\u00e2ge &quot;AgeGO&quot; pour les sites pornographiques est loin d'\u00eatre anonyme, par Salom\u00e9 Ferraris - 04\/09\"\/>en lecture\u00c0 lire sur le site Tech&amp;Co : Pourquoi le syst\u00e8me de v\u00e9rification d&rsquo;\u00e2ge \u00ab\u00a0AgeGO\u00a0\u00bb pour les sites pornographiques est loin d&rsquo;\u00eatre anonyme, par Salom\u00e9 Ferraris &#8211; 04\/09<\/a><a href=\"https:\/\/www.bfmtv.com\/economie\/replay-emissions\/tech-and-co\/video-thierry-de-vulpillieres-evidence-b-mia-seconde-l-ia-au-service-des-eleves-04-09_VN-202509040900.html\" title=\"Thierry de Vulpilli\u00e8res (EvidenceB) : MIA Seconde, l\u2019IA au service des \u00e9l\u00e8ves - 04\/09\" rel=\"nofollow noopener\" target=\"_blank\"><img width=\"16\" height=\"9\" class=\"lozad\"  alt=\"Thierry de Vulpilli\u00e8res (EvidenceB) : MIA Seconde, l\u2019IA au service des \u00e9l\u00e8ves - 04\/09\"\/>7:35Thierry de Vulpilli\u00e8res (EvidenceB) : MIA Seconde, l\u2019IA au service des \u00e9l\u00e8ves &#8211; 04\/09<\/a><a href=\"https:\/\/www.bfmtv.com\/economie\/replay-emissions\/tech-and-co\/video-le-studio-de-cinema-narrative-coders-met-l-ia-au-centre-de-ses-creations-04-09_VN-202509040894.html\" title=\"Le studio de cin\u00e9ma Narrative Coders met l\u2019IA au centre de ses cr\u00e9ations - 04\/09\" rel=\"nofollow noopener\" target=\"_blank\"><img width=\"16\" height=\"9\" class=\"lozad\"  alt=\"Le studio de cin\u00e9ma Narrative Coders met l\u2019IA au centre de ses cr\u00e9ations - 04\/09\"\/>10:48Le studio de cin\u00e9ma Narrative Coders met l\u2019IA au centre de ses cr\u00e9ations &#8211; 04\/09<\/a><a href=\"https:\/\/www.bfmtv.com\/economie\/replay-emissions\/tech-and-co\/video-le-tech-flash-apple-teste-un-moteur-booste-a-l-ia-de-google-par-lea-benaim-04-09_VN-202509040887.html\" title=\"Le Tech Flash : Apple teste un moteur boost\u00e9 \u00e0 l&#039;IA de Google, par L\u00e9a Benaim - 04\/09\" rel=\"nofollow noopener\" target=\"_blank\"><img width=\"16\" height=\"9\" class=\"lozad\"  alt=\"Le Tech Flash : Apple teste un moteur boost\u00e9 \u00e0 l'IA de Google, par L\u00e9a Benaim - 04\/09\"\/>4:07Le Tech Flash : Apple teste un moteur boost\u00e9 \u00e0 l&rsquo;IA de Google, par L\u00e9a Benaim &#8211; 04\/09<\/a><a href=\"https:\/\/www.bfmtv.com\/economie\/replay-emissions\/tech-and-co\/video-le-debrief-de-la-tech-jeudi-4-septembre_VN-202509040874.html\" title=\"Le D\u00e9brief de la tech - Jeudi 4 septembre\" rel=\"nofollow noopener\" target=\"_blank\"><img width=\"16\" height=\"9\" class=\"lozad\"  alt=\"Le D\u00e9brief de la tech - Jeudi 4 septembre\"\/>54:51Le D\u00e9brief de la tech &#8211; Jeudi 4 septembre<\/a><a href=\"https:\/\/www.bfmtv.com\/economie\/replay-emissions\/tech-and-co\/video-auto-byd-freine-ses-ambitions-04-09_VN-202509040868.html\" title=\"Auto : BYD freine ses ambitions - 04\/09\" rel=\"nofollow noopener\" target=\"_blank\"><img width=\"16\" height=\"9\" class=\"lozad\"  alt=\"Auto : BYD freine ses ambitions - 04\/09\"\/>27:37Auto : BYD freine ses ambitions &#8211; 04\/09<\/a><a href=\"https:\/\/www.bfmtv.com\/economie\/replay-emissions\/tech-and-co\/video-double-condamnation-pour-google-04-09_VN-202509040851.html\" title=\"Double condamnation pour Google - 04\/09\" rel=\"nofollow noopener\" target=\"_blank\"><img width=\"16\" height=\"9\" class=\"lozad\"  alt=\"Double condamnation pour Google - 04\/09\"\/>26:20Double condamnation pour Google &#8211; 04\/09<\/a><a href=\"https:\/\/www.bfmtv.com\/economie\/replay-emissions\/tech-and-co\/video-francois-stephan-ece-milo-la-premiere-etudiante-ia-fait-sa-rentree-03-09_VN-202509030921.html\" title=\"Fran\u00e7ois Stephan (ECE) : Milo, la premi\u00e8re \u00e9tudiante IA fait sa rentr\u00e9e - 03\/09\" rel=\"nofollow noopener\" target=\"_blank\"><img width=\"16\" height=\"9\" class=\"lozad\"  alt=\"Fran\u00e7ois Stephan (ECE) : Milo, la premi\u00e8re \u00e9tudiante IA fait sa rentr\u00e9e - 03\/09\"\/>11:42Fran\u00e7ois Stephan (ECE) : Milo, la premi\u00e8re \u00e9tudiante IA fait sa rentr\u00e9e &#8211; 03\/09<\/a><a href=\"https:\/\/www.bfmtv.com\/economie\/replay-emissions\/tech-and-co\/video-a-lire-sur-le-site-tech-co-6g-une-puce-experimentale-affiche-des-debits-qui-depassent-les-100-gigabits-s-jusqu-a-500-fois-plus-rapide-que-la-5g-par-salome-ferraris-03-09_VN-202509030926.html\" title=\"\u00c0 lire sur le site Tech&amp;Co : 6G, une puce exp\u00e9rimentale affiche des d\u00e9bits qui d\u00e9passent les 100 gigabits\/s, jusqu&#039;\u00e0 500 fois plus rapide que la 5G, par Salom\u00e9 Ferraris - 03\/09\" rel=\"nofollow noopener\" target=\"_blank\"><img width=\"16\" height=\"9\" class=\"lozad\"  alt=\"\u00c0 lire sur le site Tech&amp;Co : 6G, une puce exp\u00e9rimentale affiche des d\u00e9bits qui d\u00e9passent les 100 gigabits\/s, jusqu'\u00e0 500 fois plus rapide que la 5G, par Salom\u00e9 Ferraris - 03\/09\"\/>2:04\u00c0 lire sur le site Tech&amp;Co : 6G, une puce exp\u00e9rimentale affiche des d\u00e9bits qui d\u00e9passent les 100 gigabits\/s, jusqu&rsquo;\u00e0 500 fois plus rapide que la 5G, par Salom\u00e9 Ferraris &#8211; 03\/09<\/a><a href=\"https:\/\/www.bfmtv.com\/economie\/replay-emissions\/tech-and-co\/video-matteo-boso-her-her-le-boitier-qui-clone-les-souvenirs-grace-a-l-ia-03-09_VN-202509030928.html\" title=\"Matt\u00e9o Boso (HER) : HER, le bo\u00eetier qui clone les souvenirs gr\u00e2ce \u00e0 l\u2019IA - 03\/09\" rel=\"nofollow noopener\" target=\"_blank\"><img width=\"16\" height=\"9\" class=\"lozad\"  alt=\"Matt\u00e9o Boso (HER) : HER, le bo\u00eetier qui clone les souvenirs gr\u00e2ce \u00e0 l\u2019IA - 03\/09\"\/>7:08Matt\u00e9o Boso (HER) : HER, le bo\u00eetier qui clone les souvenirs gr\u00e2ce \u00e0 l\u2019IA &#8211; 03\/09<\/a><a href=\"https:\/\/www.bfmtv.com\/economie\/replay-emissions\/tech-and-co\/video-tech-co-la-quotidienne-mercredi-3-septembre_VN-202509030949.html\" title=\"Tech &amp; Co, la quotidienne - Mercredi 3 septembre\" rel=\"nofollow noopener\" target=\"_blank\"><img width=\"16\" height=\"9\" class=\"lozad\"  alt=\"Tech &amp; Co, la quotidienne - Mercredi 3 septembre\"\/>1:22:59Tech &amp; Co, la quotidienne &#8211; Mercredi 3 septembre<\/a><a href=\"https:\/\/www.bfmtv.com\/economie\/replay-emissions\/tech-and-co\/video-le-debrief-de-la-tech-mardi-26-aout_VN-202508260770.html\" title=\"Le D\u00e9brief de la tech - Mardi 26 ao\u00fbt\" rel=\"nofollow noopener\" target=\"_blank\"><img width=\"16\" height=\"9\" class=\"lozad\"  alt=\"Le D\u00e9brief de la tech - Mardi 26 ao\u00fbt\"\/>55:24Le D\u00e9brief de la tech &#8211; Mardi 26 ao\u00fbt<\/a><a href=\"https:\/\/www.bfmtv.com\/economie\/replay-emissions\/tech-and-co\/video-le-tech-flash-google-sauve-chrome-et-android-de-justesse-03-09_VN-202509030914.html\" title=\"Le Tech Flash : Google sauve Chrome et Android de justesse - 03\/09\" rel=\"nofollow noopener\" target=\"_blank\"><img width=\"16\" height=\"9\" class=\"lozad\"  alt=\"Le Tech Flash : Google sauve Chrome et Android de justesse - 03\/09\"\/>3:56Le Tech Flash : Google sauve Chrome et Android de justesse &#8211; 03\/09<\/a><a href=\"https:\/\/www.bfmtv.com\/economie\/replay-emissions\/tech-and-co\/video-francois-stephan-ece-milo-la-premiere-etudiante-ia-fait-son-entree-03-09_VN-202509030910.html\" title=\"Fran\u00e7ois Stephan (ECE) : Milo, la premi\u00e8re \u00e9tudiante IA fait son entr\u00e9e - 03\/09\" rel=\"nofollow noopener\" target=\"_blank\"><img width=\"16\" height=\"9\" class=\"lozad\"  alt=\"Fran\u00e7ois Stephan (ECE) : Milo, la premi\u00e8re \u00e9tudiante IA fait son entr\u00e9e - 03\/09\"\/>11:42Fran\u00e7ois Stephan (ECE) : Milo, la premi\u00e8re \u00e9tudiante IA fait son entr\u00e9e &#8211; 03\/09<\/a><a class=\"jumpToVideo\" target=\"_blank\"><img class=\"thumbnailPreview\"\/><\/a><\/p>\n","protected":false},"excerpt":{"rendered":"\u00c0 lire sur le site Tech&amp;Co : Pourquoi le syst\u00e8me de v\u00e9rification d&rsquo;\u00e2ge \u00ab\u00a0AgeGO\u00a0\u00bb pour les sites pornographiques&hellip;\n","protected":false},"author":2,"featured_media":366533,"comment_status":"","ping_status":"","sticky":false,"template":"","format":"standard","meta":{"footnotes":""},"categories":[7],"tags":[1011,27,43,40,41,39,42,44],"class_list":{"0":"post-366532","1":"post","2":"type-post","3":"status-publish","4":"format-standard","5":"has-post-thumbnail","7":"category-sciences-et-technologies","8":"tag-fr","9":"tag-france","10":"tag-science","11":"tag-science-and-technology","12":"tag-sciences","13":"tag-sciences-et-technologies","14":"tag-technologies","15":"tag-technology"},"share_on_mastodon":{"url":"https:\/\/pubeurope.com\/@fr\/115147934576760333","error":""},"_links":{"self":[{"href":"https:\/\/www.europesays.com\/fr\/wp-json\/wp\/v2\/posts\/366532","targetHints":{"allow":["GET"]}}],"collection":[{"href":"https:\/\/www.europesays.com\/fr\/wp-json\/wp\/v2\/posts"}],"about":[{"href":"https:\/\/www.europesays.com\/fr\/wp-json\/wp\/v2\/types\/post"}],"author":[{"embeddable":true,"href":"https:\/\/www.europesays.com\/fr\/wp-json\/wp\/v2\/users\/2"}],"replies":[{"embeddable":true,"href":"https:\/\/www.europesays.com\/fr\/wp-json\/wp\/v2\/comments?post=366532"}],"version-history":[{"count":0,"href":"https:\/\/www.europesays.com\/fr\/wp-json\/wp\/v2\/posts\/366532\/revisions"}],"wp:featuredmedia":[{"embeddable":true,"href":"https:\/\/www.europesays.com\/fr\/wp-json\/wp\/v2\/media\/366533"}],"wp:attachment":[{"href":"https:\/\/www.europesays.com\/fr\/wp-json\/wp\/v2\/media?parent=366532"}],"wp:term":[{"taxonomy":"category","embeddable":true,"href":"https:\/\/www.europesays.com\/fr\/wp-json\/wp\/v2\/categories?post=366532"},{"taxonomy":"post_tag","embeddable":true,"href":"https:\/\/www.europesays.com\/fr\/wp-json\/wp\/v2\/tags?post=366532"}],"curies":[{"name":"wp","href":"https:\/\/api.w.org\/{rel}","templated":true}]}}