{"id":366534,"date":"2025-09-04T20:33:10","date_gmt":"2025-09-04T20:33:10","guid":{"rendered":"https:\/\/www.europesays.com\/fr\/366534\/"},"modified":"2025-09-04T20:33:10","modified_gmt":"2025-09-04T20:33:10","slug":"le-ministere-des-armees-a-lance-le-developpement-de-syderal-une-arme-laser-de-tres-forte-puissance","status":"publish","type":"post","link":"https:\/\/www.europesays.com\/fr\/366534\/","title":{"rendered":"Le minist\u00e8re des Arm\u00e9es a lanc\u00e9 le d\u00e9veloppement de SYDERAL, une arme laser de tr\u00e8s forte puissance"},"content":{"rendered":"<p><img fetchpriority=\"high\" decoding=\"async\" src=\"https:\/\/www.europesays.com\/fr\/wp-content\/uploads\/2025\/09\/syderal-20250905.jpg\" alt=\"\" width=\"600\" height=\"367\" class=\"alignnone size-full wp-image-83723\"  \/><\/p>\n<p>La spectaculaire parade militaire qui s\u2019est tenue le 3 septembre, \u00e0 P\u00e9kin, pour marquer le 80e anniversaire de \u00ab\u00a0la victoire de le Guerre de r\u00e9sistance du peuple chinois contre l\u2019agression japonaise\u00a0\u00bb a \u00e9t\u00e9 l\u2019occasion pour l\u2019Arm\u00e9e populaire de lib\u00e9ration [APL] de faire \u00e9talage de sa puissance en d\u00e9voilant de nombreux nouveaux blind\u00e9s, missiles et drones. <\/p>\n<p>Parmi ceux-ci, le missile balistique strat\u00e9gique intercontinental DF-5C a notamment retenu l\u2019attention des observateurs, avec sa port\u00e9e de 20 000 km, ce qui lui permettrait de frapper un objectif \u00ab\u00a0n\u2019importe o\u00f9 sur la terre\u00a0\u00bb, selon le quotidien Global Times, associ\u00e9 au Parti communiste chinois. M\u00eame chose pour le HQ-29, d\u00e9crit comme \u00e9tant capable d\u2019intercepter une cible \u00e9voluant \u00e0 500 km d\u2019altitude, et donc les satellites plac\u00e9s en orbite basse. <\/p>\n<p>L\u2019APL a \u00e9galement d\u00e9voil\u00e9 trois nouveaux missiles antinavires hypersoniques [les YJ-17, YJ-19 et YJ-20], les missiles \u00e0 capacit\u00e9 nucl\u00e9aire JL-1 [a\u00e9roport\u00e9], JL-3 [pour les sous-marins], DF-61 et DF-31BJ, les drones sous-marins de type XLUUV [eXtra Large Uncrewed Undersea Vehicle] AJX002 et le HSU100, des drones a\u00e9riens de combat [GJ-11 Sharp Sword et deux autres mod\u00e8les, de type \u00ab\u00a0ailier fid\u00e8le\u00a0\u00bb inconnus], les chars Type 99B et 100, des blind\u00e9s d\u00e9di\u00e9s aux op\u00e9rations amphibies ainsi que des armes \u00e0 \u00e9nergie dirig\u00e9es, dont le syst\u00e8me LY-1, pr\u00e9sent\u00e9 comme \u00e9tant le \u00ab\u00a0canon laser le plus plus puissant du monde\u00a0\u00bb, sans plus de pr\u00e9cision.<\/p>\n<p>Cela \u00e9tant, la Chine n\u2019est \u00e9videmment pas la seule \u00e0 d\u00e9velopper des armes \u00e0 \u00e9nergie dirig\u00e9e. Ainsi, fin 2024, la marine am\u00e9ricaine a test\u00e9 avec succ\u00e8s, depuis le \u00ab\u00a0destroyer\u00a0\u00bb USS Preble, le syst\u00e8me laser HELIOS [High Energy Laser and Integrated Optical Dazzler and Surveillance] contre une cible simulant un missile de croisi\u00e8re. <\/p>\n<p>Au Royaume-Uni, la Royal Navy a fait conna\u00eetre son intention d\u2019\u00e9quiper ses fr\u00e9gates avec l\u2019arme laser \u00ab\u00a0DragonFire\u00a0\u00bb, qui, d\u2019une puissance de 50 kW, est en mesure d\u2019abattre des drones \u00e0 \u00ab\u00a0plusieurs kilom\u00e8tres\u00a0\u00bb de distance. Plus r\u00e9cemment, les forces isra\u00e9liennes ont recours \u00e0 une telle technologie pour abattre des drones du Hezbollah, apr\u00e8s avoir d\u00e9voil\u00e9 le syst\u00e8me Iron Beam, d\u2019une puissance de 100 kW. <\/p>\n<p>La France n\u2019est pas en reste. En juin 2023, la Fr\u00e9gate de d\u00e9fense a\u00e9rienne [FDA] Forbin a test\u00e9 le syst\u00e8me HELMA-P, d\u00e9velopp\u00e9 par CILAS dans le cadre du march\u00e9 L2AD [Laser de lutte anti-drones]. \u00c0 l\u2019\u00e9poque, le minist\u00e8re des Arm\u00e9es avait indiqu\u00e9 que le succ\u00e8s de cet essai allait ouvrir la voie \u00ab\u00a0\u00e0 une poursuite du d\u00e9veloppement du prototype en vue de son int\u00e9gration, \u00e0 terme, aux b\u00e2timents de la Marine\u00a0\u00bb. Par la suite, ce dispositif a \u00e9t\u00e9 d\u00e9ploy\u00e9 \u00e0 l\u2019occasion des Jeux olympiques de Paris. <\/p>\n<p>Mais il est question d\u2019aller plus loin. En effet, ce 4 septembre, la Direction g\u00e9n\u00e9rale de l\u2019armement [DGA] a annonc\u00e9 qu\u2019elle venait de notifier \u00e0 un consortium form\u00e9 par MBDA, Safran Electronics and Defense et CILAS la commande d\u2019un \u00ab\u00a0d\u00e9monstrateur de laser de forte puissance destin\u00e9 \u00e0 la lutte antidrone\u00a0\u00bb. <\/p>\n<p>Ce contrat vise \u00e0 d\u00e9velopper \u00e0 un d\u00e9monstrateur d\u2019un syst\u00e8me d\u2019arme laser qui, appel\u00e9 SYDERAL [Syst\u00e8me Laser de D\u00e9fense de Nouvelle G\u00e9n\u00e9ration], aura une puissance de plusieurs dizaines de kilowatts et qui b\u00e9n\u00e9ficiera de \u00ab\u00a0technologies innovantes permettant de combiner et de concentrer l\u2019\u00e9nergie laser pour neutraliser notamment les drones tactiques avec une efficacit\u00e9 maximale\u00a0\u00bb. <\/p>\n<blockquote class=\"twitter-tweet\">\n<p lang=\"fr\" dir=\"ltr\">Commande pass\u00e9e par la <a href=\"https:\/\/twitter.com\/DGA?ref_src=twsrc%5Etfw\" target=\"_blank\" rel=\"noopener\">@DGA<\/a> \u00e0 <a href=\"https:\/\/twitter.com\/MBDAFrance?ref_src=twsrc%5Etfw\" target=\"_blank\" rel=\"noopener\">@MBDAFrance<\/a> <a href=\"https:\/\/twitter.com\/SAFRAN?ref_src=twsrc%5Etfw\" target=\"_blank\" rel=\"noopener\">@SAFRAN<\/a> <a href=\"https:\/\/twitter.com\/thalesgroup?ref_src=twsrc%5Etfw\" target=\"_blank\" rel=\"noopener\">@thalesgroup<\/a> et CILAS pour la production d&rsquo;un d\u00e9monstrateur d&rsquo;arme laser.<\/p>\n<p>Le SYDERAL, syst\u00e8me laser de d\u00e9fense de nouvelle g\u00e9n\u00e9ration, sera destin\u00e9 \u00e0 la lutte anti-drones et \u00e0 la d\u00e9fense a\u00e9rienne de courte port\u00e9e, comme pr\u00e9vu en\u2026<\/p>\n<p>\u2014 S\u00e9bastien Lecornu (@SebLecornu) <a href=\"https:\/\/twitter.com\/SebLecornu\/status\/1963475270754574355?ref_src=twsrc%5Etfw\" target=\"_blank\" rel=\"noopener\">September 4, 2025<\/a><\/p>\n<\/blockquote>\n<p>Selon la DGA, devant \u00eatre con\u00e7u sur la \u00ab\u00a0base d\u2019une architecture \u00e9volutive et modulaire\u00a0\u00bb tout \u00e9tant \u00ab\u00a0relativement compact au regard de la puissance vis\u00e9e\u00a0\u00bb, SYDERAL \u00ab\u00a0permettra d\u2019\u00e9valuer l\u2019efficacit\u00e9 de l\u2019arme laser pour la neutralisation de drones tactiques, de roquettes, d\u2019obus de mortier et de munitions t\u00e9l\u00e9op\u00e9r\u00e9es, en vue d\u2019\u00e9quiper les forces arm\u00e9es \u00e0 l\u2019horizon 2030\u00a0\u00bb. <\/p>\n<p>Le consortium retenu pour ce projet \u00ab\u00a0apportera une expertise de haut niveau sur les technologies complexes n\u00e9cessaires\u00a0\u00bb \u00e0 sa r\u00e9alisation, en particulier dans les domaines de la \u00ab\u00a0combinaison de faisceaux laser, du suivi vid\u00e9o automatique de haute pr\u00e9cision et de l\u2019optique adaptative\u00a0\u00bb. <\/p>\n<p>Ce projet a d\u00e9j\u00e0 fait l\u2019objet d\u2019un premier contrat, notifi\u00e9 en 2024 \u00e0 Lumibird et \u00e0 CILAS. D\u2019un montant de 10 millions d\u2019euros, il pr\u00e9voyait le d\u00e9veloppement d\u2019une \u00ab\u00a0fili\u00e8re de sources laser ayant des caract\u00e9ristiques permettant d\u2019en combiner un grand nombre, en vue d\u2019obtenir une tr\u00e8s forte puissance\u00a0\u00bb\u2026 Ce qui est l\u2019objectif final de SYDERAL, celui-ci devant \u00eatre en mesure de \u00ab\u00a0faire face \u00e0 des menaces plus complexes comme les missiles\u00a0\u00bb, a conclu la DGA. <\/p>\n<p>Pour rappel, une arme laser poss\u00e8de au moins deux avantages : elle est pr\u00e9cise et son co\u00fbt d\u2019utilisation est tr\u00e8s faible par rapport \u00e0 celui d\u2019un missile surface-air. En revanche, leur efficacit\u00e9 d\u00e9pend de plusieurs facteurs, \u00e0 commencer par les conditions m\u00e9t\u00e9orologiques.<\/p>\n<p>Photo : MBDA<\/p>\n<p>\t\t\t\t\t\t\t\t\t\t\t\t\t<script async src=\"https:\/\/platform.twitter.com\/widgets.js\" charset=\"utf-8\"><\/script><\/p>\n","protected":false},"excerpt":{"rendered":"La spectaculaire parade militaire qui s\u2019est tenue le 3 septembre, \u00e0 P\u00e9kin, pour marquer le 80e anniversaire de&hellip;\n","protected":false},"author":2,"featured_media":366535,"comment_status":"","ping_status":"","sticky":false,"template":"","format":"standard","meta":{"footnotes":""},"categories":[6],"tags":[50093,50094,35,50095,39689,33,34,1011,27,50096,25390,50097,23194,6056,50098],"class_list":{"0":"post-366534","1":"post","2":"type-post","3":"status-publish","4":"format-standard","5":"has-post-thumbnail","7":"category-economie","8":"tag-arme-a-effet-dirige","9":"tag-arme-laser","10":"tag-business","11":"tag-cilas","12":"tag-direction-generale-de-larmement","13":"tag-economie","14":"tag-economy","15":"tag-fr","16":"tag-france","17":"tag-helma-p","18":"tag-laser","19":"tag-mbda","20":"tag-ministere-des-armees","21":"tag-safran","22":"tag-syderal"},"share_on_mastodon":{"url":"https:\/\/pubeurope.com\/@fr\/115147939034910209","error":""},"_links":{"self":[{"href":"https:\/\/www.europesays.com\/fr\/wp-json\/wp\/v2\/posts\/366534","targetHints":{"allow":["GET"]}}],"collection":[{"href":"https:\/\/www.europesays.com\/fr\/wp-json\/wp\/v2\/posts"}],"about":[{"href":"https:\/\/www.europesays.com\/fr\/wp-json\/wp\/v2\/types\/post"}],"author":[{"embeddable":true,"href":"https:\/\/www.europesays.com\/fr\/wp-json\/wp\/v2\/users\/2"}],"replies":[{"embeddable":true,"href":"https:\/\/www.europesays.com\/fr\/wp-json\/wp\/v2\/comments?post=366534"}],"version-history":[{"count":0,"href":"https:\/\/www.europesays.com\/fr\/wp-json\/wp\/v2\/posts\/366534\/revisions"}],"wp:featuredmedia":[{"embeddable":true,"href":"https:\/\/www.europesays.com\/fr\/wp-json\/wp\/v2\/media\/366535"}],"wp:attachment":[{"href":"https:\/\/www.europesays.com\/fr\/wp-json\/wp\/v2\/media?parent=366534"}],"wp:term":[{"taxonomy":"category","embeddable":true,"href":"https:\/\/www.europesays.com\/fr\/wp-json\/wp\/v2\/categories?post=366534"},{"taxonomy":"post_tag","embeddable":true,"href":"https:\/\/www.europesays.com\/fr\/wp-json\/wp\/v2\/tags?post=366534"}],"curies":[{"name":"wp","href":"https:\/\/api.w.org\/{rel}","templated":true}]}}