{"id":366536,"date":"2025-09-04T20:34:09","date_gmt":"2025-09-04T20:34:09","guid":{"rendered":"https:\/\/www.europesays.com\/fr\/366536\/"},"modified":"2025-09-04T20:34:09","modified_gmt":"2025-09-04T20:34:09","slug":"cinq-portugais-et-au-moins-huit-touristes-etrangers-parmi-les-victimes","status":"publish","type":"post","link":"https:\/\/www.europesays.com\/fr\/366536\/","title":{"rendered":"Cinq Portugais et au moins huit touristes \u00e9trangers parmi les victimes"},"content":{"rendered":"<p>Un jour apr\u00e8s le drame, la liste des victimes du <a href=\"https:\/\/www.20minutes.fr\/monde\/4171107-20250904-portugal-enquete-francaise-parmi-victimes-point-terrible-accident-funiculaire-lisbonne\" target=\"_blank\" class=\"c-link c-link--is-underlined\" rel=\"nofollow noopener\">d\u00e9raillement du funiculaire de la Gl\u00f3ria<\/a> \u00e0 <a href=\"https:\/\/www.20minutes.fr\/dossier\/lisbonne\" target=\"_blank\" class=\"c-link c-link--is-underlined\" rel=\"nofollow noopener\">Lisbonne<\/a> se pr\u00e9cise. Les autorit\u00e9s portugaises confirment ce jeudi que 16 personnes ont perdu la vie, parmi lesquelles figurent deux Canadiens, deux Sud-Cor\u00e9ens, un Am\u00e9ricain, un Suisse, un Allemand et un Ukrainien.<\/p>\n<p>Le directeur de la police judiciaire a indiqu\u00e9 que les enqu\u00eateurs s\u2019appuyaient sur des documents retrouv\u00e9s sur les victimes, leurs communications avant l\u2019<a href=\"https:\/\/www.20minutes.fr\/dossier\/accident\" target=\"_blank\" class=\"c-link c-link--is-underlined\" rel=\"nofollow noopener\">accident<\/a> et les appels de proches inquiets pour \u00e9tablir ces nationalit\u00e9s avec un \u00ab\u00a0haut degr\u00e9 de probabilit\u00e9\u00a0\u00bb.<\/p>\n<\/p>\n<p>Une Fran\u00e7aise parmi les bless\u00e9s<\/p>\n<p>Le parquet avait auparavant fait \u00e9tat de la pr\u00e9sence de cinq <a href=\"https:\/\/www.20minutes.fr\/dossier\/portugal\" target=\"_blank\" class=\"c-link c-link--is-underlined\" rel=\"nofollow noopener\">Portugais<\/a> parmi les morts, ainsi que de deux Sud-Cor\u00e9ens et d\u2019un Suisse. Trois victimes n\u2019ont pas encore \u00e9t\u00e9 identifi\u00e9es. Concernant l\u2019Allemagne, la police a pr\u00e9cis\u00e9 qu\u2019\u00ab\u00a0un homme d\u00e9c\u00e9d\u00e9 \u00e9tait originaire de ce pays, de m\u00eame qu\u2019une femme gri\u00e8vement bless\u00e9e et un enfant de trois ans l\u00e9g\u00e8rement touch\u00e9\u00a0\u00bb, sans confirmer l\u2019existence d\u2019un lien familial.<\/p>\n<p><a href=\"https:\/\/www.20minutes.fr\/dossier\/portugal\" target=\"_blank\" class=\"c-link c-btn c-btn--primary\" rel=\"nofollow noopener\">Notre dossier sur le Portugal<\/a><\/p>\n<p>Du c\u00f4t\u00e9 des bless\u00e9s, la <a href=\"https:\/\/www.20minutes.fr\/dossier\/secours\" target=\"_blank\" class=\"c-link c-link--is-underlined\" rel=\"nofollow noopener\">protection civile municipale<\/a> a recens\u00e9 au moins onze \u00e9trangers, parmi lesquels deux Allemands, deux Espagnols, une Fran\u00e7aise, un Italien, un Suisse, un Canadien, un Sud-Cor\u00e9en, un Marocain et un Cap-verdien.<\/p>\n","protected":false},"excerpt":{"rendered":"Un jour apr\u00e8s le drame, la liste des victimes du d\u00e9raillement du funiculaire de la Gl\u00f3ria \u00e0 Lisbonne&hellip;\n","protected":false},"author":2,"featured_media":366537,"comment_status":"","ping_status":"","sticky":false,"template":"","format":"standard","meta":{"footnotes":""},"categories":[5],"tags":[119,47,11,3983,18087,1011,27,14,27341,74,12,6996,602,28],"class_list":{"0":"post-366536","1":"post","2":"type-post","3":"status-publish","4":"format-standard","5":"has-post-thumbnail","7":"category-international","8":"tag-accident","9":"tag-actualite","10":"tag-actualites","11":"tag-deces","12":"tag-etranger","13":"tag-fr","14":"tag-france","15":"tag-international","16":"tag-lisbonne","17":"tag-monde","18":"tag-news","19":"tag-portugal","20":"tag-tourisme","21":"tag-world"},"share_on_mastodon":{"url":"https:\/\/pubeurope.com\/@fr\/115147942498751309","error":""},"_links":{"self":[{"href":"https:\/\/www.europesays.com\/fr\/wp-json\/wp\/v2\/posts\/366536","targetHints":{"allow":["GET"]}}],"collection":[{"href":"https:\/\/www.europesays.com\/fr\/wp-json\/wp\/v2\/posts"}],"about":[{"href":"https:\/\/www.europesays.com\/fr\/wp-json\/wp\/v2\/types\/post"}],"author":[{"embeddable":true,"href":"https:\/\/www.europesays.com\/fr\/wp-json\/wp\/v2\/users\/2"}],"replies":[{"embeddable":true,"href":"https:\/\/www.europesays.com\/fr\/wp-json\/wp\/v2\/comments?post=366536"}],"version-history":[{"count":0,"href":"https:\/\/www.europesays.com\/fr\/wp-json\/wp\/v2\/posts\/366536\/revisions"}],"wp:featuredmedia":[{"embeddable":true,"href":"https:\/\/www.europesays.com\/fr\/wp-json\/wp\/v2\/media\/366537"}],"wp:attachment":[{"href":"https:\/\/www.europesays.com\/fr\/wp-json\/wp\/v2\/media?parent=366536"}],"wp:term":[{"taxonomy":"category","embeddable":true,"href":"https:\/\/www.europesays.com\/fr\/wp-json\/wp\/v2\/categories?post=366536"},{"taxonomy":"post_tag","embeddable":true,"href":"https:\/\/www.europesays.com\/fr\/wp-json\/wp\/v2\/tags?post=366536"}],"curies":[{"name":"wp","href":"https:\/\/api.w.org\/{rel}","templated":true}]}}