{"id":366538,"date":"2025-09-04T20:35:13","date_gmt":"2025-09-04T20:35:13","guid":{"rendered":"https:\/\/www.europesays.com\/fr\/366538\/"},"modified":"2025-09-04T20:35:13","modified_gmt":"2025-09-04T20:35:13","slug":"francois-bayrou-estime-quune-dissolution-ne-resoudrait-absolument-rien","status":"publish","type":"post","link":"https:\/\/www.europesays.com\/fr\/366538\/","title":{"rendered":"Fran\u00e7ois Bayrou estime qu\u2019une dissolution \u00ab\u00a0ne r\u00e9soudrait absolument rien\u00a0\u00bb"},"content":{"rendered":"<p>                          <img loading=\"lazy\" decoding=\"async\" src=\"https:\/\/www.europesays.com\/fr\/wp-content\/uploads\/2025\/09\/c3022b0_upload-1-6llrw0xtrfwx-jmug250904004.jpg\" alt=\"Le premier ministre, Fran\u00e7ois Bayrou, \u00e0 Matignon, \u00e0 Paris, le 4 septembre 2025.\"   width=\"664\" height=\"443\"\/>    Le premier ministre, Fran\u00e7ois Bayrou, \u00e0 Matignon, \u00e0 Paris, le 4 septembre 2025.  JULIEN MUGUET POUR \u00ab\u00a0LE MONDE \u00bb                        <\/p>\n<p class=\"article__paragraph  \">A quatre jours du vote de confiance \u00e0 l\u2019Assembl\u00e9e nationale, le premier ministre, Fran\u00e7ois Bayrou, invit\u00e9 au \u00ab\u00a020\u00a0heures\u00a0\u00bb de France\u00a02, a assur\u00e9 \u00ab\u00a0ne regrette[r] en aucune mani\u00e8re\u00a0\u00bb d\u2019avoir sollicit\u00e9 ce vote. Il a de nouveau refus\u00e9 toute concession, jeudi soir, d\u00e9fendant un gouvernement qui \u00ab\u00a0pour une fois\u00a0\u00bb ne se \u00ab\u00a0d\u00e9file\u00a0\u00bb pas face \u00e0 la n\u00e9cessit\u00e9 de redresser les finances publiques.<\/p>\n<p class=\"article__paragraph  \">\u00ab\u00a0Depuis des mois, la France d\u00e9couvre la situation que j\u2019ai mise en \u00e9vidence depuis des ann\u00e9es\u00a0: qu\u2019elle croule sous les dettes\u00a0\u00bb, a expliqu\u00e9 le chef du gouvernement, assurant qu\u2019il ne pouvait \u00ab\u00a0y avoir de politique courageuse sans que le pays ne la soutienne\u00a0\u00bb. \u00ab\u00a0Pour que les Fran\u00e7ais voient la gravit\u00e9 des choses, j\u2019ai dit\u00a0: \u201cJe mets sur la table l\u2019avenir du gouvernement\u201d.\u00a0\u00bb<\/p>\n<p class=\"article__paragraph  \">Tout en disant vouloir se battre jusqu\u2019\u00e0 \u00ab\u00a0la derni\u00e8re minute\u00a0\u00bb, il a sembl\u00e9 esquisser la possibilit\u00e9 de sa sortie, en doutant que \u00ab\u00a0des nominations\u00a0\u00bb puissent avoir lieu d\u00e8s le lendemain du vote. \u00ab\u00a0\u00c7a arrive \u00e0 des gouvernements de tomber, et \u00e0 des gouvernements tr\u00e8s bien, vous savez\u00a0\u00bb, a-t-il encore dit.<\/p>\n<p class=\"article__paragraph  \">Interrog\u00e9 par L\u00e9a Salam\u00e9 sur la suppression des deux jours f\u00e9ri\u00e9s pour redresser les finances publiques, Fran\u00e7ois Bayrou a assur\u00e9 qu\u2019il \u00e9tait pr\u00eat \u00e0 en discuter. \u00ab\u00a0Les deux jours f\u00e9ri\u00e9s, c\u2019est 10\u00a0% de l\u2019effort qu\u2019il faut faire. Ce n\u2019est qu\u2019une proposition, qu\u2019on peut changer, qu\u2019on peut bouger, qu\u2019on peut amender\u00a0\u00bb, a-t-il ajout\u00e9. \u00ab\u00a0Ce n\u2019est pas l\u2019aust\u00e9rit\u00e9 qu\u2019on plaide, on plaide un ralentissement des d\u00e9penses\u00a0\u00bb, sans quoi \u00ab\u00a0la dette continue \u00e0 augmenter\u00a0\u00bb.<\/p>\n<p>                  \u00ab\u00a0Je suis inquiet de la situation du pays\u00a0\u00bb                  <\/p>\n<p class=\"article__paragraph  \">Par ailleurs, le doublement des franchises m\u00e9dicales \u2013 les plafonds, \u00e9tablis \u00e0 50\u00a0euros par assur\u00e9 et par an, depuis la cr\u00e9ation de ce dispositif, en\u00a02008, seraient doubl\u00e9s, pour atteindre 100\u00a0euros chacun \u2013 est \u00ab\u00a0une mesure qui fait partie des efforts normaux pour que notre pays se sauve\u00a0\u00bb, a pr\u00e9cis\u00e9 le premier ministre. \u00ab\u00a0Ce qui est en question aujourd\u2019hui (\u2026) \u00e7a n\u2019est pas faire des sacrifices excessifs, c\u2019est faire chacun un geste pour que le pays se sauve\u00a0\u00bb, a-t-il plaid\u00e9, sans pour autant clairement confirmer qu\u2019il signerait le d\u00e9cret.<\/p>\n<p>                                     Lire aussi |  Article r\u00e9serv\u00e9 \u00e0 nos abonn\u00e9s  <a href=\"https:\/\/www.lemonde.fr\/societe\/article\/2025\/09\/04\/le-doublement-des-franchises-medicales-une-mesure-inflammable-en-suspens_6638952_3224.html\" class=\"js-article-read-also catcher--favoris__link\" data-premium=\"1\" id=\"article-title-3436693\" rel=\"nofollow noopener\" target=\"_blank\">Le doublement des franchises m\u00e9dicales, une mesure inflammable en suspens<\/a>    <\/p>\n<p>   Lire plus tard  <\/p>\n<p class=\"article__paragraph  \">\u00ab\u00a0Je suis inquiet de la situation du pays, je suis inquiet de l\u2019absence de prise de conscience\u00a0\u00bb, a \u00e9galement d\u00e9clar\u00e9 Fran\u00e7ois Bayrou, qui a toutefois soulign\u00e9 que la participation au blocage du 10\u00a0septembre, estim\u00e9e \u00e0 100\u00a0000\u00a0personnes, constituerait un \u00ab\u00a0niveau bas\u00a0\u00bb \u00e0 l\u2019\u00e9chelle des mobilisations en France. En cas de chute de son gouvernement, il estime qu\u2019une dissolution \u00ab\u00a0ne r\u00e9sou[drai]t absolument rien\u00a0\u00bb.<\/p>\n<p>                                     Lire le d\u00e9cryptage |  Article r\u00e9serv\u00e9 \u00e0 nos abonn\u00e9s  <a href=\"https:\/\/www.lemonde.fr\/politique\/article\/2025\/09\/01\/vote-de-confiance-francois-bayrou-veut-toujours-croire-a-un-retournement-de-l-opinion-a-l-approche-de-l-echeance_6637990_823448.html\" class=\"js-article-read-also catcher--favoris__link\" data-premium=\"1\" id=\"article-title-3435998\" rel=\"nofollow noopener\" target=\"_blank\">Vote de confiance\u00a0: Fran\u00e7ois Bayrou veut toujours croire \u00e0 un retournement de l\u2019opinion, \u00e0 l\u2019approche de l\u2019\u00e9ch\u00e9ance<\/a>    <\/p>\n<p>   Lire plus tard  <\/p>\n<p class=\"author__detail\">  Le Monde avec AFP  <\/p>\n<p>                  <a href=\"https:\/\/www.lemonde.fr\/syndication\/\" class=\"reuse__content\" title=\"R\u00e9utiliser ce contenu\" target=\"_blank\" rel=\"nofollow noopener\">R\u00e9utiliser ce contenu<\/a>      <\/p>\n","protected":false},"excerpt":{"rendered":"Le premier ministre, Fran\u00e7ois Bayrou, \u00e0 Matignon, \u00e0 Paris, le 4 septembre 2025. JULIEN MUGUET POUR \u00ab\u00a0LE MONDE&hellip;\n","protected":false},"author":2,"featured_media":366539,"comment_status":"","ping_status":"","sticky":false,"template":"","format":"standard","meta":{"footnotes":""},"categories":[4],"tags":[11,1011,27,12,25],"class_list":{"0":"post-366538","1":"post","2":"type-post","3":"status-publish","4":"format-standard","5":"has-post-thumbnail","7":"category-france","8":"tag-actualites","9":"tag-fr","10":"tag-france","11":"tag-news","12":"tag-republique-francaise"},"share_on_mastodon":{"url":"https:\/\/pubeurope.com\/@fr\/115147946705539513","error":""},"_links":{"self":[{"href":"https:\/\/www.europesays.com\/fr\/wp-json\/wp\/v2\/posts\/366538","targetHints":{"allow":["GET"]}}],"collection":[{"href":"https:\/\/www.europesays.com\/fr\/wp-json\/wp\/v2\/posts"}],"about":[{"href":"https:\/\/www.europesays.com\/fr\/wp-json\/wp\/v2\/types\/post"}],"author":[{"embeddable":true,"href":"https:\/\/www.europesays.com\/fr\/wp-json\/wp\/v2\/users\/2"}],"replies":[{"embeddable":true,"href":"https:\/\/www.europesays.com\/fr\/wp-json\/wp\/v2\/comments?post=366538"}],"version-history":[{"count":0,"href":"https:\/\/www.europesays.com\/fr\/wp-json\/wp\/v2\/posts\/366538\/revisions"}],"wp:featuredmedia":[{"embeddable":true,"href":"https:\/\/www.europesays.com\/fr\/wp-json\/wp\/v2\/media\/366539"}],"wp:attachment":[{"href":"https:\/\/www.europesays.com\/fr\/wp-json\/wp\/v2\/media?parent=366538"}],"wp:term":[{"taxonomy":"category","embeddable":true,"href":"https:\/\/www.europesays.com\/fr\/wp-json\/wp\/v2\/categories?post=366538"},{"taxonomy":"post_tag","embeddable":true,"href":"https:\/\/www.europesays.com\/fr\/wp-json\/wp\/v2\/tags?post=366538"}],"curies":[{"name":"wp","href":"https:\/\/api.w.org\/{rel}","templated":true}]}}