{"id":366543,"date":"2025-09-04T20:38:11","date_gmt":"2025-09-04T20:38:11","guid":{"rendered":"https:\/\/www.europesays.com\/fr\/366543\/"},"modified":"2025-09-04T20:38:11","modified_gmt":"2025-09-04T20:38:11","slug":"on-a-attendu-mon-depart-de-lasse","status":"publish","type":"post","link":"https:\/\/www.europesays.com\/fr\/366543\/","title":{"rendered":"\u00ab On a attendu mon d\u00e9part de l&rsquo;ASSE \u00bb"},"content":{"rendered":"<p>Lorsque nous l\u2019avons contact\u00e9 mercredi au t\u00e9l\u00e9phone, <a href=\"https:\/\/www.leprogres.fr\/p\/roland-romeyer\" target=\"_blank\" rel=\"noopener\">Roland Romeyer<\/a> nous est apparu affect\u00e9. \u00ab Je suis tr\u00e8s surpris d\u2019apprendre que je fais l\u2019objet de deux plaintes. Personne ne m\u2019a pr\u00e9venu et surtout personne ne m\u2019a interrog\u00e9. Je tombe des nues. \u00bb<\/p>\n<p>Un jour plus tard, l\u2019homme a retrouv\u00e9 sa verve. Il a, depuis son domicile de Saint-Ferr\u00e9ol-d\u2019Auroure, pris la plume. \u00ab J\u2019apprends dans la presse que je suis vis\u00e9 par une enqu\u00eate p\u00e9nale ouverte depuis le mois de juin dernier. Deux plaintes auraient ainsi \u00e9t\u00e9 d\u00e9pos\u00e9es contre moi. J\u2019ignore tout, \u00e0 ce jour, de cette enqu\u00eate et de ces plaintes, dont je n\u2019ai donc d\u00e9couvert l\u2019existence que mercredi soir. \u00bb <\/p>\n<p>  \u00c9vincer une ancienne gloire encore trop pr\u00e9sente ?<\/p>\n<p>L\u2019ancien propri\u00e9taire de l\u2019ASSE se montre d\u00e9sormais combatif. \u00ab Durant une soixantaine d\u2019ann\u00e9es d\u2019activit\u00e9 entrepreneuriale et plus de trente-deux ann\u00e9es pass\u00e9es \u00e0 l\u2019association sportive de Saint-\u00c9tienne <a href=\"https:\/\/www.leprogres.fr\/sport\/2024\/08\/23\/caiazzo-et-romeyer-c-est-un-miracle-que-ca-ait-tenu-vingt-ans\" target=\"_blank\" rel=\"noopener\">dont vingt en tant que pr\u00e9sident<\/a>, je n\u2019ai jamais fait l\u2019objet de la moindre accusation de \u201charc\u00e8lement et outrages sexistes\u201d de la part de mes collaborateurs.\u00a0\u00bb<\/p>\n<p>Il lance m\u00eame une contre-attaque. \u00ab Il a donc fallu attendre mon d\u00e9part de l\u2019ASSE pour me voir subitement reprocher, sur la place publique qui plus est, un comportement pr\u00e9tendument r\u00e9pr\u00e9hensible. \u00bb<\/p>\n<p>  \u00ab Venant de f\u00eater mes 80 ans, j\u2019esp\u00e9rais une retraite paisible \u00bb<\/p>\n<p>Sous-entend-il que les \u00ab\u00a0dossiers \u00bb auraient \u00e9t\u00e9 sortis pour en finir avec sa pr\u00e9sence, peut-\u00eatre ressentie comme encore trop pesante <a href=\"https:\/\/www.leprogres.fr\/sport\/2024\/06\/03\/l-asse-est-officiellement-rachetee-par-kilmer-sports\" target=\"_blank\" rel=\"noopener\">un an apr\u00e8s la vente de l\u2019ASSE<\/a>, dans les vestiaires et coulisses du club ?<\/p>\n<p>Depuis son fief de Haute-Loire, Roland Romeyer affiche sa placidit\u00e9. \u00ab Venant de f\u00eater mes 80 ans, j\u2019esp\u00e9rais une retraite paisible. Je r\u00e9pondrai, lorsque j\u2019y serai invit\u00e9, au procureur de la R\u00e9publique, ce qui me permettra au moins de conna\u00eetre les accusations dont je suis la cible et leur contenu. J\u2019attends d\u00e8s lors avec s\u00e9r\u00e9nit\u00e9 de pouvoir ainsi, le moment venu, d\u00e9montrer ma bonne foi et mon innocence.\u00a0\u00bb<\/p>\n<p>Comme Le Progr\u00e8s l\u2019a r\u00e9v\u00e9l\u00e9 dans ses \u00e9ditions du jeudi 4 septembre, Roland Romeyer est sous le coup d\u2019une enqu\u00eate p\u00e9nale ouverte pour \u00ab harc\u00e8lement et outrages sexistes, aggrav\u00e9s par le lien hi\u00e9rarchique ou la minorit\u00e9 \u00bb. Deux employ\u00e9es de l\u2019ASSE ont port\u00e9 plainte.<\/p>\n<p>Des t\u00e9moignages anonymes ont aussi \u00e9t\u00e9 recueillis par les forces de l\u2019ordre. Et un audit a \u00e9t\u00e9 r\u00e9alis\u00e9 en interne par le club st\u00e9phanois. Les faits reproch\u00e9s remonteraient \u00e0 une p\u00e9riode ant\u00e9rieure \u00e0 la vente du club aux Canadiens de Kilmer sports.<\/p>\n<p class=\"note\">Roland Romeyer est pr\u00e9sum\u00e9 innocent.<\/p>\n","protected":false},"excerpt":{"rendered":"Lorsque nous l\u2019avons contact\u00e9 mercredi au t\u00e9l\u00e9phone, Roland Romeyer nous est apparu affect\u00e9. \u00ab Je suis tr\u00e8s surpris&hellip;\n","protected":false},"author":2,"featured_media":366544,"comment_status":"","ping_status":"","sticky":false,"template":"","format":"standard","meta":{"footnotes":""},"categories":[9653],"tags":[1111,11,4000,2430,271,272,7539,1777,674,274,107,63,1011,27,4002,3367,12,25,4001,7538,517],"class_list":{"0":"post-366543","1":"post","2":"type-post","3":"status-publish","4":"format-standard","5":"has-post-thumbnail","7":"category-saint-etienne","8":"tag-actu","9":"tag-actualites","10":"tag-asse-as-saint-etienne-football","11":"tag-auvergne-rhone-alpes","12":"tag-crime","13":"tag-delit-et-contravention","14":"tag-edition-loire-sud","15":"tag-eu","16":"tag-europe","17":"tag-faits-divers-justice","18":"tag-fil-info","19":"tag-football","20":"tag-fr","21":"tag-france","22":"tag-haute-loire","23":"tag-loire","24":"tag-news","25":"tag-republique-francaise","26":"tag-saint-etienne","27":"tag-saint-etienne-ville","28":"tag-sport"},"share_on_mastodon":{"url":"https:\/\/pubeurope.com\/@fr\/115147958045981514","error":""},"_links":{"self":[{"href":"https:\/\/www.europesays.com\/fr\/wp-json\/wp\/v2\/posts\/366543","targetHints":{"allow":["GET"]}}],"collection":[{"href":"https:\/\/www.europesays.com\/fr\/wp-json\/wp\/v2\/posts"}],"about":[{"href":"https:\/\/www.europesays.com\/fr\/wp-json\/wp\/v2\/types\/post"}],"author":[{"embeddable":true,"href":"https:\/\/www.europesays.com\/fr\/wp-json\/wp\/v2\/users\/2"}],"replies":[{"embeddable":true,"href":"https:\/\/www.europesays.com\/fr\/wp-json\/wp\/v2\/comments?post=366543"}],"version-history":[{"count":0,"href":"https:\/\/www.europesays.com\/fr\/wp-json\/wp\/v2\/posts\/366543\/revisions"}],"wp:featuredmedia":[{"embeddable":true,"href":"https:\/\/www.europesays.com\/fr\/wp-json\/wp\/v2\/media\/366544"}],"wp:attachment":[{"href":"https:\/\/www.europesays.com\/fr\/wp-json\/wp\/v2\/media?parent=366543"}],"wp:term":[{"taxonomy":"category","embeddable":true,"href":"https:\/\/www.europesays.com\/fr\/wp-json\/wp\/v2\/categories?post=366543"},{"taxonomy":"post_tag","embeddable":true,"href":"https:\/\/www.europesays.com\/fr\/wp-json\/wp\/v2\/tags?post=366543"}],"curies":[{"name":"wp","href":"https:\/\/api.w.org\/{rel}","templated":true}]}}