{"id":366549,"date":"2025-09-04T20:41:10","date_gmt":"2025-09-04T20:41:10","guid":{"rendered":"https:\/\/www.europesays.com\/fr\/366549\/"},"modified":"2025-09-04T20:41:10","modified_gmt":"2025-09-04T20:41:10","slug":"vous-aimez-la-musique-classique-cet-evenement-incontournable-leve-le-voile-sur-sa-programmation-de-rentree-a-six-fours","status":"publish","type":"post","link":"https:\/\/www.europesays.com\/fr\/366549\/","title":{"rendered":"Vous aimez la musique classique? Cet \u00e9v\u00e9nement incontournable l\u00e8ve le voile sur sa programmation de rentr\u00e9e \u00e0 Six-Fours"},"content":{"rendered":"<p>Apr\u00e8s la pause estivale, la Vague classique retrouve la Maison du patrimoine et la coll\u00e9giale Saint-Pierre pour une rentr\u00e9e musicale d\u2019exception. Quatre soir\u00e9es sont au programme en septembre, toutes en entr\u00e9e libre*.<\/p>\n<p>Le coup d\u2019envoi sera donn\u00e9 <strong>ce samedi 6 septembre<\/strong> avec <strong>le pianiste canadien Ryan Wang<\/strong>. \u00c0 seulement 17 ans, le prodige d\u00e9j\u00e0 couronn\u00e9 par le prix Cortot et le concours national Chopin, consacrera son r\u00e9cital \u00e0 l\u2019\u0153uvre de Fr\u00e9d\u00e9ric Chopin.<\/p>\n<p><strong>Samedi 13 septembre<\/strong>, place au piano sensible et po\u00e9tique de <strong>Karen Kuronuma, laur\u00e9ate de la Fondation Gautier Capu\u00e7on<\/strong>. Son programme, pens\u00e9 comme un voyage au fil de l\u2019eau, m\u00ealera Couperin, Chopin, Ravel ou encore Liszt.<\/p>\n<p><strong>L&rsquo;orchestre de l&rsquo;op\u00e9ra de Toulon en cl\u00f4ture\u00a0<\/strong><\/p>\n<p><strong>Samedi 20 septembre<\/strong>, le public d\u00e9couvrira le jeu lumineux d\u2019Adi Neuhaus. \u00c0 travers Chopin et Rachmaninov, le <strong>pianiste isra\u00e9lien<\/strong> mettra en valeur le lien naturel entre ces deux compositeurs, ma\u00eetres de la m\u00e9lodie.<\/p>\n<p>Enfin, le cycle se conclura <strong>dimanche 21 septembre<\/strong> \u00e0 la coll\u00e9giale Saint-Pierre. Sous la baguette de Laurence Monti, <strong>l\u2019orchestre de l\u2019op\u00e9ra de Toulon<\/strong> accompagnera la violoncelliste Julie Sevilla-Fraysse dans deux concertos de Haydn, avant de faire rayonner la Symphonie n\u00b029 de Mozart.<\/p>\n<p>*Tous les concerts sont gratuits, r\u00e9servation obligatoire au 04.94.34.93.18 (places limit\u00e9es).<\/p>\n","protected":false},"excerpt":{"rendered":"Apr\u00e8s la pause estivale, la Vague classique retrouve la Maison du patrimoine et la coll\u00e9giale Saint-Pierre pour une&hellip;\n","protected":false},"author":2,"featured_media":366550,"comment_status":"","ping_status":"","sticky":false,"template":"","format":"standard","meta":{"footnotes":""},"categories":[9619],"tags":[1111,11,251,1777,674,1011,27,873,12,882,25,2310],"class_list":{"0":"post-366549","1":"post","2":"type-post","3":"status-publish","4":"format-standard","5":"has-post-thumbnail","7":"category-toulon","8":"tag-actu","9":"tag-actualites","10":"tag-culture","11":"tag-eu","12":"tag-europe","13":"tag-fr","14":"tag-france","15":"tag-musique","16":"tag-news","17":"tag-provence-alpes-cote-dazur","18":"tag-republique-francaise","19":"tag-toulon"},"share_on_mastodon":{"url":"https:\/\/pubeurope.com\/@fr\/115147969941543385","error":""},"_links":{"self":[{"href":"https:\/\/www.europesays.com\/fr\/wp-json\/wp\/v2\/posts\/366549","targetHints":{"allow":["GET"]}}],"collection":[{"href":"https:\/\/www.europesays.com\/fr\/wp-json\/wp\/v2\/posts"}],"about":[{"href":"https:\/\/www.europesays.com\/fr\/wp-json\/wp\/v2\/types\/post"}],"author":[{"embeddable":true,"href":"https:\/\/www.europesays.com\/fr\/wp-json\/wp\/v2\/users\/2"}],"replies":[{"embeddable":true,"href":"https:\/\/www.europesays.com\/fr\/wp-json\/wp\/v2\/comments?post=366549"}],"version-history":[{"count":0,"href":"https:\/\/www.europesays.com\/fr\/wp-json\/wp\/v2\/posts\/366549\/revisions"}],"wp:featuredmedia":[{"embeddable":true,"href":"https:\/\/www.europesays.com\/fr\/wp-json\/wp\/v2\/media\/366550"}],"wp:attachment":[{"href":"https:\/\/www.europesays.com\/fr\/wp-json\/wp\/v2\/media?parent=366549"}],"wp:term":[{"taxonomy":"category","embeddable":true,"href":"https:\/\/www.europesays.com\/fr\/wp-json\/wp\/v2\/categories?post=366549"},{"taxonomy":"post_tag","embeddable":true,"href":"https:\/\/www.europesays.com\/fr\/wp-json\/wp\/v2\/tags?post=366549"}],"curies":[{"name":"wp","href":"https:\/\/api.w.org\/{rel}","templated":true}]}}