{"id":366552,"date":"2025-09-04T20:43:10","date_gmt":"2025-09-04T20:43:10","guid":{"rendered":"https:\/\/www.europesays.com\/fr\/366552\/"},"modified":"2025-09-04T20:43:10","modified_gmt":"2025-09-04T20:43:10","slug":"maieuticien-accuse-de-viols-a-montpellier-jai-senti-que-ca-ne-sarreterait-que-si-jatteignais-lorgasme","status":"publish","type":"post","link":"https:\/\/www.europesays.com\/fr\/366552\/","title":{"rendered":"Ma\u00efeuticien accus\u00e9 de viols \u00e0 Montpellier : \u00ab\u00a0j\u2019ai senti que \u00e7a ne s\u2019arr\u00eaterait que si j\u2019atteignais l\u2019orgasme\u00a0\u00bb"},"content":{"rendered":"<p>C.\u202fM., infirmi\u00e8re de 42 ans, d\u00e9clare elle aussi avoir eu besoin du pr\u00e9c\u00e9dent proc\u00e8s pour mettre des mots sur sa rencontre avec le ma\u00efeuticien. C\u2019\u00e9tait en janvier 2013, le jour de son accouchement. \u00c0 l\u2019\u00e9poque, elle subit des violences conjugales par le p\u00e8re de son enfant. En montrant le box des accus\u00e9s, elle raconte que Lionel C. a \u201cfait un commentaire sur mes bas, il a dit que j\u2019\u00e9tais sexy. Je m\u2019en voudrais toujours de ne pas avoir dit \u00e0 ce moment que je ne voulais pas de ce praticien.\u201d Sur la table d\u2019accouchement, dit-elle, \u201cil m\u2019a masturb\u00e9e pendant 3 \u00e0 5 minutes. J\u2019ai eu l\u2019impression que \u00e7a durait tr\u00e8s longtemps. J\u2019ai eu tr\u00e8s peur que mon conjoint s\u2019en rende compte\u201d. Puis, en pleurs, elle confie : \u201cj\u2019ai eu un orgasme. Et il m\u2019a dit \u2018ah bah voil\u00e0\u2019, et j\u2019ai perdu les eaux.\u202f\u201d Depuis, elle dit ne plus avoir consult\u00e9 aucun soignant pour sa sant\u00e9 gyn\u00e9cologique. <\/p>\n","protected":false},"excerpt":{"rendered":"C.\u202fM., infirmi\u00e8re de 42 ans, d\u00e9clare elle aussi avoir eu besoin du pr\u00e9c\u00e9dent proc\u00e8s pour mettre des mots&hellip;\n","protected":false},"author":2,"featured_media":366553,"comment_status":"","ping_status":"","sticky":false,"template":"","format":"standard","meta":{"footnotes":""},"categories":[9599],"tags":[1111,11,1777,674,1011,27,2208,12,2680,25],"class_list":{"0":"post-366552","1":"post","2":"type-post","3":"status-publish","4":"format-standard","5":"has-post-thumbnail","7":"category-montpellier","8":"tag-actu","9":"tag-actualites","10":"tag-eu","11":"tag-europe","12":"tag-fr","13":"tag-france","14":"tag-montpellier","15":"tag-news","16":"tag-occitanie","17":"tag-republique-francaise"},"share_on_mastodon":{"url":"https:\/\/pubeurope.com\/@fr\/115147977795410586","error":""},"_links":{"self":[{"href":"https:\/\/www.europesays.com\/fr\/wp-json\/wp\/v2\/posts\/366552","targetHints":{"allow":["GET"]}}],"collection":[{"href":"https:\/\/www.europesays.com\/fr\/wp-json\/wp\/v2\/posts"}],"about":[{"href":"https:\/\/www.europesays.com\/fr\/wp-json\/wp\/v2\/types\/post"}],"author":[{"embeddable":true,"href":"https:\/\/www.europesays.com\/fr\/wp-json\/wp\/v2\/users\/2"}],"replies":[{"embeddable":true,"href":"https:\/\/www.europesays.com\/fr\/wp-json\/wp\/v2\/comments?post=366552"}],"version-history":[{"count":0,"href":"https:\/\/www.europesays.com\/fr\/wp-json\/wp\/v2\/posts\/366552\/revisions"}],"wp:featuredmedia":[{"embeddable":true,"href":"https:\/\/www.europesays.com\/fr\/wp-json\/wp\/v2\/media\/366553"}],"wp:attachment":[{"href":"https:\/\/www.europesays.com\/fr\/wp-json\/wp\/v2\/media?parent=366552"}],"wp:term":[{"taxonomy":"category","embeddable":true,"href":"https:\/\/www.europesays.com\/fr\/wp-json\/wp\/v2\/categories?post=366552"},{"taxonomy":"post_tag","embeddable":true,"href":"https:\/\/www.europesays.com\/fr\/wp-json\/wp\/v2\/tags?post=366552"}],"curies":[{"name":"wp","href":"https:\/\/api.w.org\/{rel}","templated":true}]}}