{"id":366556,"date":"2025-09-04T20:45:19","date_gmt":"2025-09-04T20:45:19","guid":{"rendered":"https:\/\/www.europesays.com\/fr\/366556\/"},"modified":"2025-09-04T20:45:19","modified_gmt":"2025-09-04T20:45:19","slug":"vitesse-assurance-visibilite-les-controles-des-trottinettes-electriques-sintensifient-france-3-regions","status":"publish","type":"post","link":"https:\/\/www.europesays.com\/fr\/366556\/","title":{"rendered":"Vitesse, assurance, visibilit\u00e9 : les contr\u00f4les des trottinettes \u00e9lectriques s&#039;intensifient &#8211; France 3 R\u00e9gions"},"content":{"rendered":"<ol>\n<li><a href=\"https:\/\/news.google.com\/rss\/articles\/CBMi_AFBVV95cUxNNUZVMWlXNkM3d01oSWFma1VCRWpITG9KZUVxVXRzSzNhWW1adlpGUjBKZGxveXQxWElfWndnZ3VUNTJ2cDZNZjJZVjBFTl8zYkY4TnA4Um8tWEJBMFNSWXZHZGRZa3dwUldBam0wNDdoUXY0MEV3ekI2S1BhVUh2QzdpdG4tS2JKOFJVZVRDcHhjamJPUTY4ZGdBa291UWxxRVdqM19wdWt2Z3Nta2lKdURDTTNxN2FnNERMMS1MNGJmTmlmaEtSNlZlaW81NFlkb1FLb2xPOXJoRkpwODRUV0dLLWVFR0JSVkQ3ZnVvMHRhZXI1OElBQlVBeWg?oc=5\" target=\"_blank\" rel=\"nofollow noopener\">Vitesse, assurance, visibilit\u00e9 : les contr\u00f4les des trottinettes \u00e9lectriques s&rsquo;intensifient<\/a>&nbsp;&nbsp;France 3 R\u00e9gions<\/li>\n<li><a href=\"https:\/\/news.google.com\/rss\/articles\/CBMiigJBVV95cUxPMGVudjVOaGVBV1dyZXpIRDBVOTN3R3FZbXB4M0lCdDVBVlV2NXhuUzhjaGRESlk3c2ZOU0d0U0VRLVVwVkVKV3BRSmFQcWNWSy1vQlJrZHU2MkdUbEtOTHZTajJac29QY3ZJNm9IazhVa2VhSjU0c1NaVWg0NnItWGU2ckZGdk5RMkxmaDBKa1A5RkJFX0FPbXdKQkRNSVhrUGJlZ3FyRjF0aFgxR0JxVWY3amNTY0c1RWlYeVZXWWNVWWlVWGxkbW15c01SQ0ltTExvbXcyTlc2R2Z1NnJWUVlfckZJMG5TTGY4WjJVMFRFWTI3R2w0cGpOMDJGTlZadVZFdnFZcmJGUQ?oc=5\" target=\"_blank\" rel=\"nofollow noopener\">Trottinette \u00e9lectrique : plus d&rsquo;un contr\u00f4le sur deux r\u00e9v\u00e8le une infraction dans ces deux communes<\/a>&nbsp;&nbsp;France 3 R\u00e9gions<\/li>\n<li><a href=\"https:\/\/news.google.com\/rss\/articles\/CBMi8wFBVV95cUxNTWNocnNFZjhfeHl0UzNyMFhXRTVHOXJaZFl0SXlTZFBKZ19RamQ0bk5LeGItbHAzbThWR0RBbm1tWTJUY3A5dnliejgxd3VCbEV4VUFZbUtRWllIbDJkWnNoaHJHS3B1eGV0dk9vM0FGZmdKRjFJOWV2VEUxdmFxRDZlTlZNLUw1Ylc4bkxqUnVnUnZBQ0hJeDU3WjVvOFc3RlMyV2kzbU9xT19kWUlUTU9UTGFpMHFjUzg2eEFJekNFSGZWZjlucWZwQk5rYkNUQjZBTGZZdjBBWGhTcnR5SnV0QWZVZ2VyRFlGOUZXR2xsY1k?oc=5\" target=\"_blank\" rel=\"nofollow noopener\">Contr\u00f4le de trottinettes \u00e9lectrique : des saisies et de lourdes amendes dress\u00e9es par la police, \u00e0 Avignon<\/a>&nbsp;&nbsp;La Provence<\/li>\n<li><a href=\"https:\/\/news.google.com\/rss\/articles\/CBMiugFBVV95cUxOVnZFVlhyclRSc3VZZThQampQOGx1aUxwT2pXOHpxcVpFS3puYmdrUU4tbmx5Y204SnZDRjg5NE0wY1A4NHE0cWJzVmowSGJGbG9SbE9sNzRDaWpOWndiLXlNUVU5QmpoMl8tY3AySTEzX3QzYUllODRIZXVqajl5U2J3Tjh3cWV6d01ZeTJVSXM1ek9URWZXVFptSGNObngycm1xb1JRTXFRM19Yd0NvRnRqdnJKTWgzeHc?oc=5\" target=\"_blank\" rel=\"nofollow noopener\">Avignon. Contr\u00f4le des trottinettes : des amendes de 750 euros dress\u00e9es<\/a>&nbsp;&nbsp;Le Dauphin\u00e9 Lib\u00e9r\u00e9<\/li>\n<\/ol>\n","protected":false},"excerpt":{"rendered":"Vitesse, assurance, visibilit\u00e9 : les contr\u00f4les des trottinettes \u00e9lectriques s&rsquo;intensifient&nbsp;&nbsp;France 3 R\u00e9gions Trottinette \u00e9lectrique : plus d&rsquo;un contr\u00f4le&hellip;\n","protected":false},"author":2,"featured_media":1445,"comment_status":"","ping_status":"","sticky":false,"template":"","format":"standard","meta":{"footnotes":""},"categories":[9587],"tags":[1111,11,1777,674,1011,27,12,5161,25,9590],"class_list":{"0":"post-366556","1":"post","2":"type-post","3":"status-publish","4":"format-standard","5":"has-post-thumbnail","7":"category-rouen","8":"tag-actu","9":"tag-actualites","10":"tag-eu","11":"tag-europe","12":"tag-fr","13":"tag-france","14":"tag-news","15":"tag-normandie","16":"tag-republique-francaise","17":"tag-rouen"},"share_on_mastodon":{"url":"https:\/\/pubeurope.com\/@fr\/115147985663632909","error":""},"_links":{"self":[{"href":"https:\/\/www.europesays.com\/fr\/wp-json\/wp\/v2\/posts\/366556","targetHints":{"allow":["GET"]}}],"collection":[{"href":"https:\/\/www.europesays.com\/fr\/wp-json\/wp\/v2\/posts"}],"about":[{"href":"https:\/\/www.europesays.com\/fr\/wp-json\/wp\/v2\/types\/post"}],"author":[{"embeddable":true,"href":"https:\/\/www.europesays.com\/fr\/wp-json\/wp\/v2\/users\/2"}],"replies":[{"embeddable":true,"href":"https:\/\/www.europesays.com\/fr\/wp-json\/wp\/v2\/comments?post=366556"}],"version-history":[{"count":0,"href":"https:\/\/www.europesays.com\/fr\/wp-json\/wp\/v2\/posts\/366556\/revisions"}],"wp:featuredmedia":[{"embeddable":true,"href":"https:\/\/www.europesays.com\/fr\/wp-json\/wp\/v2\/media\/1445"}],"wp:attachment":[{"href":"https:\/\/www.europesays.com\/fr\/wp-json\/wp\/v2\/media?parent=366556"}],"wp:term":[{"taxonomy":"category","embeddable":true,"href":"https:\/\/www.europesays.com\/fr\/wp-json\/wp\/v2\/categories?post=366556"},{"taxonomy":"post_tag","embeddable":true,"href":"https:\/\/www.europesays.com\/fr\/wp-json\/wp\/v2\/tags?post=366556"}],"curies":[{"name":"wp","href":"https:\/\/api.w.org\/{rel}","templated":true}]}}