{"id":366557,"date":"2025-09-04T20:46:14","date_gmt":"2025-09-04T20:46:14","guid":{"rendered":"https:\/\/www.europesays.com\/fr\/366557\/"},"modified":"2025-09-04T20:46:14","modified_gmt":"2025-09-04T20:46:14","slug":"solitaire-du-figaro-ou-et-quand-voir-les-bateaux-de-la-course-entre-rouen-et-le-havre","status":"publish","type":"post","link":"https:\/\/www.europesays.com\/fr\/366557\/","title":{"rendered":"Solitaire du Figaro\u00a0: o\u00f9 et quand voir les bateaux de la course, entre Rouen et Le Havre\u00a0?"},"content":{"rendered":"<p>Les 35 bateaux de la Solitaire du Figaro quittent Rouen ce vendredi 5 septembre, pour un lent convoyage vers Le Havre, comme une mini \u00ab\u00a0Grande parade\u00a0\u00bb de l&rsquo;Armada. Voici o\u00f9 et comment les retrouver.<\/p>\n<p>Les bateaux de la Solitaire du Figaro quittent Rouen ce vendredi 5 septembre, autour de midi, direction Le Havre, o\u00f9 aura lieu le d\u00e9part r\u00e9el de l&rsquo;\u00e9preuve, ce dimanche 7 septembre. Voici o\u00f9 et quand voir les 35 skippers au d\u00e9part.<\/p>\n<p>Le moyen le plus simple, bien s\u00fbr, sera de venir au village ce vendredi 5 septembre \u00e0 midi, avant le d\u00e9part. Entre 12\u00a0h\u00a030 et 13\u00a0h\u00a015, le d\u00e9part sera sc\u00e9naris\u00e9 avec un au revoir et un dernier mot de chaque skipper sur sc\u00e8ne, avant de voguer en Seine, de passer le pont Flaubert et de redescendre le fleuve jusqu&rsquo;au Havre. Attention, d&rsquo;ailleurs, le c\u00e9l\u00e8bre pont levant rouennais sera ferm\u00e9 ce vendredi entre midi et 15h.<\/p>\n<p>Cela ressemblera donc \u00e0 une mini \u00ab\u00a0Grande parade\u00a0\u00bb de l&rsquo;Armada, avec 35 bateaux, qu&rsquo;il sera possible de saluer depuis les rives de la Seine. Mais attention, le cort\u00e8ge sera tr\u00e8s lent. Selon un document communiqu\u00e9 par l&rsquo;organisation, les bateaux quitteront Rouen ensemble \u00e0 13\u00a0h\u00a030, avant d&rsquo;\u00eatre aux alentours du Mesnil-sous-Jumi\u00e8ges vers 17\u00a0h\u00a040, Villequier vers 19\u00a0h\u00a050, Port-J\u00e9r\u00f4me-sur-Seine vers 20\u00a0h\u00a030 et au niveau du pont de Normandie vers 22\u00a0h\u00a030. Ils accosteront au Havre peu avant 2h du matin.<\/p>\n<p>Les bateaux resteront amarr\u00e9s au Havre, o\u00f9 ils seront donc aussi visibles, avant de repartir dimanche 7 septembre autour de 11h. Le top d\u00e9part sera donn\u00e9 \u00e0 13h au large, direction l&rsquo;Irlande, avant de revenir vers Morlaix et la Bretagne. Ils mettront environ cinq jours \u00e0 boucler la premi\u00e8re des trois \u00e9tapes de cette course.<\/p>\n<p>\u00c0 lire aussi   <img decoding=\"async\" src=\"https:\/\/www.europesays.com\/fr\/wp-content\/uploads\/2025\/09\/1757018771_739_560x315\" alt=\"Le village d\u00e9part \u00e0 Rouen en 2024\" style=\"--_image-preview:url('data:image\/jpeg;base64,\/9j\/2wBDACgcHiMeGSgjISMtKygwPGRBPDc3PHtYXUlkkYCZlo+AjIqgtObDoKrarYqMyP\/L2u71\/\/\/\/m8H\/\/\/\/6\/+b9\/\/j\/2wBDASstLTw1PHZBQXb4pYyl+Pj4+Pj4+Pj4+Pj4+Pj4+Pj4+Pj4+Pj4+Pj4+Pj4+Pj4+Pj4+Pj4+Pj4+Pj4+Pj4+Pj\/wAARCAAXACoDASIAAhEBAxEB\/8QAFwABAQEBAAAAAAAAAAAAAAAAAAECA\/\/EABcQAQEBAQAAAAAAAAAAAAAAAAABEQL\/xAAVAQEBAAAAAAAAAAAAAAAAAAAAAf\/EABQRAQAAAAAAAAAAAAAAAAAAAAD\/2gAMAwEAAhEDEQA\/AJOVxvDEVjEbrFANS1NB3QASudAVi1nQEf\/Z');\" loading=\"lazy\" fetchpriority=\"low\" aria-hidden=\"true\" class=\"svelte-1pnmlwx rounded\" onload=\"this.__e=event\" onerror=\"this.__e=event\"\/>\u00c0 lire aussi   <img decoding=\"async\" src=\"https:\/\/www.europesays.com\/fr\/wp-content\/uploads\/2025\/09\/1757018772_419_560x315\" alt=\"Une quarantaine de voiliers sont amarr\u00e9s sur les quais rive droite \u00e0 Rouen jusqu'au vendredi 5 septembre 2025.\" style=\"--_image-preview:url('data:image\/jpeg;base64,\/9j\/2wBDACgcHiMeGSgjISMtKygwPGRBPDc3PHtYXUlkkYCZlo+AjIqgtObDoKrarYqMyP\/L2u71\/\/\/\/m8H\/\/\/\/6\/+b9\/\/j\/2wBDASstLTw1PHZBQXb4pYyl+Pj4+Pj4+Pj4+Pj4+Pj4+Pj4+Pj4+Pj4+Pj4+Pj4+Pj4+Pj4+Pj4+Pj4+Pj4+Pj4+Pj\/wAARCAAXACoDASIAAhEBAxEB\/8QAFgABAQEAAAAAAAAAAAAAAAAAAAMB\/8QAFhABAQEAAAAAAAAAAAAAAAAAABIR\/8QAFwEBAQEBAAAAAAAAAAAAAAAAAQACA\/\/EABYRAQEBAAAAAAAAAAAAAAAAAAABEf\/aAAwDAQACEQMRAD8AvZSNNorFqKRptELUUlTaQRAZdDTQLNbpoIP\/2Q==');\" loading=\"lazy\" fetchpriority=\"low\" aria-hidden=\"true\" class=\"svelte-1pnmlwx rounded\" onload=\"this.__e=event\" onerror=\"this.__e=event\"\/>\u00c0 \u00e9couter aussi   <img decoding=\"async\" src=\"https:\/\/www.europesays.com\/fr\/wp-content\/uploads\/2025\/09\/1757018773_708_560x315\" alt=\"Yvon Larnicol, skipper dieppois au d\u00e9part de la Solitaire du Figaro\" style=\"--_image-preview:url('data:image\/jpeg;base64,\/9j\/2wBDACgcHiMeGSgjISMtKygwPGRBPDc3PHtYXUlkkYCZlo+AjIqgtObDoKrarYqMyP\/L2u71\/\/\/\/m8H\/\/\/\/6\/+b9\/\/j\/2wBDASstLTw1PHZBQXb4pYyl+Pj4+Pj4+Pj4+Pj4+Pj4+Pj4+Pj4+Pj4+Pj4+Pj4+Pj4+Pj4+Pj4+Pj4+Pj4+Pj4+Pj\/wAARCAAXACoDASIAAhEBAxEB\/8QAFwABAQEBAAAAAAAAAAAAAAAAAAECA\/\/EABYQAQEBAAAAAAAAAAAAAAAAAAARAf\/EABYBAQEBAAAAAAAAAAAAAAAAAAECAP\/EABYRAQEBAAAAAAAAAAAAAAAAAAABEf\/aAAwDAQACEQMRAD8A7xGoRdSyjURtOMi6h0O0SAmmESAks7iAqB\/\/2Q==');\" loading=\"lazy\" fetchpriority=\"low\" aria-hidden=\"true\" class=\"svelte-1pnmlwx rounded\" onload=\"this.__e=event\" onerror=\"this.__e=event\"\/>\u00c0 \u00e9couter aussi   <img decoding=\"async\" src=\"https:\/\/www.europesays.com\/fr\/wp-content\/uploads\/2025\/09\/1757018773_441_560x315\" alt=\"L'arriv\u00e9e des bateaux de la Solitaire du Figaro avait attir\u00e9 du monde sur les quais de Rouen l'ann\u00e9e derni\u00e8re.\" style=\"--_image-preview:url('data:image\/jpeg;base64,\/9j\/2wBDACgcHiMeGSgjISMtKygwPGRBPDc3PHtYXUlkkYCZlo+AjIqgtObDoKrarYqMyP\/L2u71\/\/\/\/m8H\/\/\/\/6\/+b9\/\/j\/2wBDASstLTw1PHZBQXb4pYyl+Pj4+Pj4+Pj4+Pj4+Pj4+Pj4+Pj4+Pj4+Pj4+Pj4+Pj4+Pj4+Pj4+Pj4+Pj4+Pj4+Pj\/wAARCAAXACoDASIAAhEBAxEB\/8QAGAABAQEBAQAAAAAAAAAAAAAAAQADAgT\/xAAYEAEBAQEBAAAAAAAAAAAAAAAAEhEBAv\/EABUBAQEAAAAAAAAAAAAAAAAAAAAB\/8QAFREBAQAAAAAAAAAAAAAAAAAAABH\/2gAMAwEAAhEDEQA\/APXYtjQoG3fQ76ZUKBpQpnS0o50akgtGpAdKSK\/\/2Q==');\" loading=\"lazy\" fetchpriority=\"low\" aria-hidden=\"true\" class=\"svelte-1pnmlwx rounded\" onload=\"this.__e=event\" onerror=\"this.__e=event\"\/>\u00c0 \u00e9couter aussi   <img decoding=\"async\" src=\"https:\/\/www.europesays.com\/fr\/wp-content\/uploads\/2025\/09\/1757018774_813_560x315\" alt=\"Alexis Loison participe \u00e0 sa 19e Solitaire du Figaro\" style=\"--_image-preview:url('data:image\/jpeg;base64,\/9j\/2wBDACgcHiMeGSgjISMtKygwPGRBPDc3PHtYXUlkkYCZlo+AjIqgtObDoKrarYqMyP\/L2u71\/\/\/\/m8H\/\/\/\/6\/+b9\/\/j\/2wBDASstLTw1PHZBQXb4pYyl+Pj4+Pj4+Pj4+Pj4+Pj4+Pj4+Pj4+Pj4+Pj4+Pj4+Pj4+Pj4+Pj4+Pj4+Pj4+Pj4+Pj\/wAARCAAXACoDASIAAhEBAxEB\/8QAGAABAQEBAQAAAAAAAAAAAAAAAgADAQT\/xAAXEAEBAQEAAAAAAAAAAAAAAAAAAQIR\/8QAFQEBAQAAAAAAAAAAAAAAAAAAAAH\/xAAUEQEAAAAAAAAAAAAAAAAAAAAA\/9oADAMBAAIRAxEAPwAWBYdodFdkaZgRrlApC47mFxUeC6HqQpZrfFSBvg0hH\/\/Z');\" loading=\"lazy\" fetchpriority=\"low\" aria-hidden=\"true\" class=\"svelte-1pnmlwx rounded\" onload=\"this.__e=event\" onerror=\"this.__e=event\"\/><\/p>\n","protected":false},"excerpt":{"rendered":"Les 35 bateaux de la Solitaire du Figaro quittent Rouen ce vendredi 5 septembre, pour un lent convoyage&hellip;\n","protected":false},"author":2,"featured_media":366558,"comment_status":"","ping_status":"","sticky":false,"template":"","format":"standard","meta":{"footnotes":""},"categories":[9587],"tags":[1111,11,1777,674,1011,27,12,5161,25,9590],"class_list":{"0":"post-366557","1":"post","2":"type-post","3":"status-publish","4":"format-standard","5":"has-post-thumbnail","7":"category-rouen","8":"tag-actu","9":"tag-actualites","10":"tag-eu","11":"tag-europe","12":"tag-fr","13":"tag-france","14":"tag-news","15":"tag-normandie","16":"tag-republique-francaise","17":"tag-rouen"},"share_on_mastodon":{"url":"https:\/\/pubeurope.com\/@fr\/115147990220602294","error":""},"_links":{"self":[{"href":"https:\/\/www.europesays.com\/fr\/wp-json\/wp\/v2\/posts\/366557","targetHints":{"allow":["GET"]}}],"collection":[{"href":"https:\/\/www.europesays.com\/fr\/wp-json\/wp\/v2\/posts"}],"about":[{"href":"https:\/\/www.europesays.com\/fr\/wp-json\/wp\/v2\/types\/post"}],"author":[{"embeddable":true,"href":"https:\/\/www.europesays.com\/fr\/wp-json\/wp\/v2\/users\/2"}],"replies":[{"embeddable":true,"href":"https:\/\/www.europesays.com\/fr\/wp-json\/wp\/v2\/comments?post=366557"}],"version-history":[{"count":0,"href":"https:\/\/www.europesays.com\/fr\/wp-json\/wp\/v2\/posts\/366557\/revisions"}],"wp:featuredmedia":[{"embeddable":true,"href":"https:\/\/www.europesays.com\/fr\/wp-json\/wp\/v2\/media\/366558"}],"wp:attachment":[{"href":"https:\/\/www.europesays.com\/fr\/wp-json\/wp\/v2\/media?parent=366557"}],"wp:term":[{"taxonomy":"category","embeddable":true,"href":"https:\/\/www.europesays.com\/fr\/wp-json\/wp\/v2\/categories?post=366557"},{"taxonomy":"post_tag","embeddable":true,"href":"https:\/\/www.europesays.com\/fr\/wp-json\/wp\/v2\/tags?post=366557"}],"curies":[{"name":"wp","href":"https:\/\/api.w.org\/{rel}","templated":true}]}}